{"id":3183,"date":"2016-04-13T00:00:00","date_gmt":"2016-04-12T22:00:00","guid":{"rendered":"https:\/\/blog.caritas.barcelona\/acogida-y-acompanamiento\/caritas-diocesana-de-barcelona-participa-en-la-jornada-trabajadores-pobres-la-exclusion-social-en-el-mercado-de-trabajo\/"},"modified":"2017-07-10T15:56:19","modified_gmt":"2017-07-10T13:56:19","slug":"caritas-diocesana-de-barcelona-participa-en-la-jornada-trabajadores-pobres-la-exclusion-social-en-el-mercado-de-trabajo","status":"publish","type":"post","link":"https:\/\/blog.caritas.barcelona\/es\/formacion-e-insercion-laboral\/caritas-diocesana-de-barcelona-participa-en-la-jornada-trabajadores-pobres-la-exclusion-social-en-el-mercado-de-trabajo\/","title":{"rendered":"C\u00e1ritas Diocesana de Barcelona participa en la jornada: &#8220;Trabajadores pobres: la exclusi\u00f3n social en el mercado de trabajo&#8221;"},"content":{"rendered":"<p>Nos encontramos en un modelo de crecimiento econ\u00f3mico en el que tener trabajo ha pasado de ser un espacio de derechos a ser un espacio de vulnerabilidad. <\/p>\n<p>El trabajo ya no es la frontera de la exclusi\u00f3n social.<\/p>\n<p>Esta es una de las conclusiones extra\u00eddas de la jornada &#8220;Trabajadores pobres: la exclusi\u00f3n social en el mercado de trabajo&#8221; organizada por la <strong>Universidad Ramon Llull<\/strong>, <strong>C\u00e1ritas<\/strong><strong> Diocesana de Barcelona<\/strong> y la <strong>Fundaci\u00f3n Pere Tarr\u00e9s<\/strong>. La jornada cont\u00f3 con la participaci\u00f3n de expertos en orientaci\u00f3n e inserci\u00f3n laboral como <strong>Xavier Orteu<\/strong>, director de <strong>Insercoop<\/strong> y profesor del Diploma de especializaci\u00f3n Universitaria en Orientaci\u00f3n e Inserci\u00f3n Laboral de la Facultad Pere Tarr\u00e9s-URL, <strong>Dessir\u00e9e Garc\u00eda<\/strong>, responsable del programa de Formaci\u00f3n e Inserci\u00f3n de C\u00e1ritas Diocesana de Barcelona, <strong>Ana Ses\u00e9<\/strong>, responsable del \u00e1rea de Inserci\u00f3n Sociolaboral de la Fundaci\u00f3n Pere Tarr\u00e9s, y <strong>Diosdado Toledano<\/strong>, de la Asamblea de los Parados de Barcelona.<\/p>\n<p>La bienvenida de los m\u00e1ximos representantes de las tres instituciones organizadoras marc\u00f3 el inicio de la jornada. El director de C\u00e1ritas Diocesana de Barcelona, <strong>Salvador Busquets<\/strong>, sentenci\u00f3 que &#8220;el precariado ha venido para quedarse&#8221; y que &#8220;C\u00e1ritas Diocesana de Barcelona destina muchos recursos en el acompa\u00f1amiento a la persona, fundamental para mejorar la autoestima y encontrar trabajo&#8221;.<\/p>\n<p>Con un formato de ponencia, el profesor Xavier Orteu, expuso su lecci\u00f3n: <strong>&#8220;Trabajadores pobres: la exclusi\u00f3n social dentro del mercado de trabajo&#8221;<\/strong>. Orteu fue contundente: \u201cLos datos avalan que se han triplicado el n\u00famero de personas en Europa que no llegan al 60% del salario m\u00ednimo. El proceso hist\u00f3rico que estamos viviendo hace que los pobres ya no s\u00f3lo son los que no pueden trabajar, ya que el trabajo no evita la exclusi\u00f3n social&#8221;.<\/p>\n<p>La mesa redonda cont\u00f3 con <strong>Dessir\u00e9e Garcia<\/strong>, responsable del programa de Formaci\u00f3n e Inserci\u00f3n de C\u00e1ritas Diocesana de Barcelona, que explic\u00f3 el proyecto &#8220;Treball amb Cor&#8221; como experiencia de inserci\u00f3n laboral. Garc\u00eda afirm\u00f3 que &#8220;Treball amb cor acompa\u00f1a a las personas que buscan trabajo de una manera personalizada. Llevamos atendidas 2.980 personas. Dessir\u00e9e Garcia quiso remarcar que C\u00e1ritas &#8220;No pierde la esperanza. Ofrecemos estabilidad social y acompa\u00f1amiento&#8221;.<\/p>\n<p>Finalmente, Paco L\u00f3pez, decano de la Facultad Pere Tarr\u00e9s-URL, y Carlo Gallucci, vicerrector de Relaciones Internacionales y Estudiantes de la URL, cerraron el acto con una inspiradora sentencia: &#8220;Educar es contar historias que valgan la pena&#8221;.<\/p>\n","protected":false},"excerpt":{"rendered":"<p>Nos encontramos en un modelo de crecimiento econ\u00f3mico en el que tener trabajo ha pasado de ser un espacio de derechos a ser un espacio de vulnerabilidad. El trabajo ya no es la frontera de la exclusi\u00f3n social. Esta es una de las conclusiones extra\u00eddas de la jornada &#8220;Trabajadores pobres: la exclusi\u00f3n social en el [&hellip;]<\/p>\n","protected":false},"author":1,"featured_media":189,"comment_status":"open","ping_status":"open","sticky":false,"template":"","format":"standard","meta":{"footnotes":""},"categories":[27],"tags":[],"autor":[36],"class_list":["post-3183","post","type-post","status-publish","format-standard","has-post-thumbnail","hentry","category-formacion-e-insercion-laboral","autor-caritas-diocesana-de-barcelona-es"],"aioseo_notices":[],"_links":{"self":[{"href":"https:\/\/blog.caritas.barcelona\/es\/wp-json\/wp\/v2\/posts\/3183","targetHints":{"allow":["GET"]}}],"collection":[{"href":"https:\/\/blog.caritas.barcelona\/es\/wp-json\/wp\/v2\/posts"}],"about":[{"href":"https:\/\/blog.caritas.barcelona\/es\/wp-json\/wp\/v2\/types\/post"}],"author":[{"embeddable":true,"href":"https:\/\/blog.caritas.barcelona\/es\/wp-json\/wp\/v2\/users\/1"}],"replies":[{"embeddable":true,"href":"https:\/\/blog.caritas.barcelona\/es\/wp-json\/wp\/v2\/comments?post=3183"}],"version-history":[{"count":1,"href":"https:\/\/blog.caritas.barcelona\/es\/wp-json\/wp\/v2\/posts\/3183\/revisions"}],"predecessor-version":[{"id":3751,"href":"https:\/\/blog.caritas.barcelona\/es\/wp-json\/wp\/v2\/posts\/3183\/revisions\/3751"}],"wp:featuredmedia":[{"embeddable":true,"href":"https:\/\/blog.caritas.barcelona\/es\/wp-json\/wp\/v2\/media\/189"}],"wp:attachment":[{"href":"https:\/\/blog.caritas.barcelona\/es\/wp-json\/wp\/v2\/media?parent=3183"}],"wp:term":[{"taxonomy":"category","embeddable":true,"href":"https:\/\/blog.caritas.barcelona\/es\/wp-json\/wp\/v2\/categories?post=3183"},{"taxonomy":"post_tag","embeddable":true,"href":"https:\/\/blog.caritas.barcelona\/es\/wp-json\/wp\/v2\/tags?post=3183"},{"taxonomy":"autor","embeddable":true,"href":"https:\/\/blog.caritas.barcelona\/es\/wp-json\/wp\/v2\/autor?post=3183"}],"curies":[{"name":"wp","href":"https:\/\/api.w.org\/{rel}","templated":true}]}}