{"id":3172,"date":"2016-03-21T00:00:00","date_gmt":"2016-03-20T23:00:00","guid":{"rendered":"https:\/\/blog.caritas.barcelona\/acogida-y-acompanamiento\/los-adolescentes-y-jovenes-del-casal-de-joves-llops-del-taga-participan-de-un-campus-tecnologico\/"},"modified":"2017-07-10T15:59:27","modified_gmt":"2017-07-10T13:59:27","slug":"los-adolescentes-y-jovenes-del-casal-de-joves-llops-del-taga-participan-de-un-campus-tecnologico","status":"publish","type":"post","link":"https:\/\/blog.caritas.barcelona\/es\/familia-e-infancia\/los-adolescentes-y-jovenes-del-casal-de-joves-llops-del-taga-participan-de-un-campus-tecnologico\/","title":{"rendered":"Los adolescentes y j\u00f3venes del Casal de Joves Llops del Taga participan de un campus tecnol\u00f3gico"},"content":{"rendered":"<p>Desde el lunes 21 hasta el mi\u00e9rcoles 23 de marzo, coincidiendo con el casal de Semana Santa, <strong>diecis\u00e9is j\u00f3venes de los barrios de Ciutat Meridiana, Vallbona y Torre Bar\u00f3 participaron de un Campus tecnol\u00f3gico<\/strong>, acci\u00f3n organizada conjuntamente entre el Ateneo de Fabricaci\u00f3n de Ciudad Meridiana y el Casal de Joves Llops del Taga.<\/p>\n<p>El objetivo del campus es poder <strong>aproximar a los j\u00f3venes a las \u00faltimas tendencias del mundo tecnol\u00f3gico<\/strong> adem\u00e1s de conocer un equipamiento municipal de estas caracter\u00edsticas ubicado en la Zona Nord del distrito de Nou Barris. Con la ayuda de los profesionales, los j\u00f3venes deber\u00e1n crear un robot en tres d\u00edas pasando por todas las fases de dise\u00f1o, programaci\u00f3n y producci\u00f3n con 3D.<\/p>\n<p>As\u00ed pues, a partir del mi\u00e9rcoles en el centro de Joves Llops del Taga podr\u00e9is encontrar un nuevo amigo que no ser\u00e1 ni un profesional ni un adolescente. La pregunta que algunos se formulan es&#8230; ser\u00e1 capaz de hacer los deberes de los j\u00f3venes? O de participar en las asambleas de la casal?<\/p>\n<p><strong>Un centro de encuentro y acogida para j\u00f3venes<\/strong><\/p>\n<p>El Casal de Joves Llops del Taga es un centro que ofrece una <strong>intervenci\u00f3n socio-educativa individualizada y grupal destinada a j\u00f3venes de 14 a 20 a\u00f1os, de los barrios de Torre Bar\u00f3, Ciutat Meridiana y Vallbona de Barcelona<\/strong>. El centro abre todas las tardes, de lunes a viernes, de 16.30 a 21h, y las ma\u00f1anas de lunes y mi\u00e9rcoles, de 10 a 13 h, durante los cuales se trabajan con los j\u00f3venes temas de orientaci\u00f3n laboral y formativos.<\/p>\n<p>Las prioridades de la tarea educativa que se realiza gira en torno a <strong>cinco \u00e1mbitos de actuaci\u00f3n: ocio-punto de encuentro, formativo, laboral, red relacional-social y salud<\/strong>.<\/p>\n<p>Cada joven que participa en el centro tiene un educador, que ejerce como tutor, que es su punto de referencia y que la acompa\u00f1a en cualquier circunstancia que afecte a su situaci\u00f3n personal.<\/p>\n<p>Algunas de las actividades que se realizan son: inform\u00e1tica, apoyo escolar, b\u00fasqueda de trabajo, talleres de salud, visitas a recursos de la ciudad, visitas culturales. Tambi\u00e9n se realizan actividades en el barrio que se organizan conjuntamente con otras entidades, como la que ahora est\u00e1n disfrutando los j\u00f3venes y que ha preparado el Ateneo de Fabricaci\u00f3n de Ciutat Meridiana.<\/p>\n","protected":false},"excerpt":{"rendered":"<p>Desde el lunes 21 hasta el mi\u00e9rcoles 23 de marzo, coincidiendo con el casal de Semana Santa, diecis\u00e9is j\u00f3venes de los barrios de Ciutat Meridiana, Vallbona y Torre Bar\u00f3 participaron de un Campus tecnol\u00f3gico, acci\u00f3n organizada conjuntamente entre el Ateneo de Fabricaci\u00f3n de Ciudad Meridiana y el Casal de Joves Llops del Taga. El objetivo [&hellip;]<\/p>\n","protected":false},"author":1,"featured_media":555,"comment_status":"open","ping_status":"open","sticky":false,"template":"","format":"standard","meta":{"footnotes":""},"categories":[28],"tags":[],"autor":[36],"class_list":["post-3172","post","type-post","status-publish","format-standard","has-post-thumbnail","hentry","category-familia-e-infancia","autor-caritas-diocesana-de-barcelona-es"],"aioseo_notices":[],"_links":{"self":[{"href":"https:\/\/blog.caritas.barcelona\/es\/wp-json\/wp\/v2\/posts\/3172","targetHints":{"allow":["GET"]}}],"collection":[{"href":"https:\/\/blog.caritas.barcelona\/es\/wp-json\/wp\/v2\/posts"}],"about":[{"href":"https:\/\/blog.caritas.barcelona\/es\/wp-json\/wp\/v2\/types\/post"}],"author":[{"embeddable":true,"href":"https:\/\/blog.caritas.barcelona\/es\/wp-json\/wp\/v2\/users\/1"}],"replies":[{"embeddable":true,"href":"https:\/\/blog.caritas.barcelona\/es\/wp-json\/wp\/v2\/comments?post=3172"}],"version-history":[{"count":2,"href":"https:\/\/blog.caritas.barcelona\/es\/wp-json\/wp\/v2\/posts\/3172\/revisions"}],"predecessor-version":[{"id":3764,"href":"https:\/\/blog.caritas.barcelona\/es\/wp-json\/wp\/v2\/posts\/3172\/revisions\/3764"}],"wp:featuredmedia":[{"embeddable":true,"href":"https:\/\/blog.caritas.barcelona\/es\/wp-json\/wp\/v2\/media\/555"}],"wp:attachment":[{"href":"https:\/\/blog.caritas.barcelona\/es\/wp-json\/wp\/v2\/media?parent=3172"}],"wp:term":[{"taxonomy":"category","embeddable":true,"href":"https:\/\/blog.caritas.barcelona\/es\/wp-json\/wp\/v2\/categories?post=3172"},{"taxonomy":"post_tag","embeddable":true,"href":"https:\/\/blog.caritas.barcelona\/es\/wp-json\/wp\/v2\/tags?post=3172"},{"taxonomy":"autor","embeddable":true,"href":"https:\/\/blog.caritas.barcelona\/es\/wp-json\/wp\/v2\/autor?post=3172"}],"curies":[{"name":"wp","href":"https:\/\/api.w.org\/{rel}","templated":true}]}}