{"id":3168,"date":"2016-02-29T00:00:00","date_gmt":"2016-02-28T23:00:00","guid":{"rendered":"https:\/\/blog.caritas.barcelona\/acogida-y-acompanamiento\/el-ciclo-de-reflexiones-explica-la-importancia-de-la-acogida-en-la-labor-de-caritas\/"},"modified":"2017-07-10T16:06:58","modified_gmt":"2017-07-10T14:06:58","slug":"el-ciclo-de-reflexiones-explica-la-importancia-de-la-acogida-en-la-labor-de-caritas","status":"publish","type":"post","link":"https:\/\/blog.caritas.barcelona\/es\/voluntariado\/el-ciclo-de-reflexiones-explica-la-importancia-de-la-acogida-en-la-labor-de-caritas\/","title":{"rendered":"El Ciclo de Reflexiones explica la importancia de la acogida en la labor de C\u00e1ritas"},"content":{"rendered":"<p><strong>La acogida es la raz\u00f3n de ser de C\u00e1ritas y el eje central de su labor. Si no hay acogida, C\u00e1ritas no existe<\/strong>. <\/p>\n<p>Es por ello que el Departamento de Voluntariado dedic\u00f3 la sesi\u00f3n del <strong>17 de febrero<\/strong> del <strong>Ciclo de Reflexiones en torno al Voluntariado<\/strong> a este tema.<\/p>\n<p><strong>Anna Falc\u00f3n, trabajadora social de C\u00e1ritas<\/strong>, fue la ponente encargada de explicar <strong>qu\u00e9 es la acogida para C\u00e1ritas<\/strong>: <strong>\u201cAcoger significa crear un lugar para el otro en nuestra mente, en nuestro coraz\u00f3n y en nuestro espacio\u201d<\/strong>. Una vez\u00a0 definida la acogida, present\u00f3 las <strong>tres tipolog\u00edas de acogida<\/strong> que hay y que se diferencian por <strong>la manera de mirar<\/strong>. Falc\u00f3n explic\u00f3 que son <strong>la mirada a uno, la mirada de dos y las miradas complejas<\/strong>. Con <strong>la mirada a uno<\/strong> la persona que ayuda <strong>solamente ve la dificultad que tiene el otro <\/strong>y centra su acci\u00f3n en la busca de recursos que solucionen el problema concreto. Con <strong>la mirada de dos<\/strong> <strong>se trabaja la relaci\u00f3n con el otro y se crea un v\u00ednculo<\/strong> con la persona para ayudarla a mejorar la situaci\u00f3n que vive. Y <strong>la mirada plural<\/strong> <strong>mira las causas de lo que le est\u00e1 pasando a una persona o a un grupo<\/strong>.<\/p>\n<p>Otro elemento importante de <strong>la acogida<\/strong> es <strong>el trato que se da a las personas con las que se establece una relaci\u00f3n de ayuda<\/strong>, puesto que este, dijo Anna Falc\u00f3n, <strong>\u201cdefine la postura \u00e9tica que tomamos ante el otro\u201d<\/strong>. Y es por eso que record\u00f3 a los asistentes que <strong>el trato siempre tiene que ser respetuoso y delicado<\/strong>.<\/p>\n<p>La sesi\u00f3n estuvo llena de ejemplos que la ponente utiliz\u00f3 para explicar de una forma m\u00e1s amena y entendedora conceptos vinculados a la acci\u00f3n de voluntariado. As\u00ed mismo, tambi\u00e9n us\u00f3 <strong>elementos que aparecen en la pel\u00edcula \u201cT\u00fa y yo\u201d (1957)<\/strong>, interpretada por Cary Grant y Deborah Kerr, <strong>para hablar de una manera m\u00e1s visual y gr\u00e1fica sobre la acogida<\/strong>. <strong>El primer concepto<\/strong> que explic\u00f3 fue el de<strong><em> tr\u00e1nsito<\/em><\/strong>, que en la pel\u00edcula est\u00e1 representado por el barco en el que viajan los protagonistas. <strong>El tr\u00e1nsito implica movimiento y cambio constante<\/strong>, y Falc\u00f3n record\u00f3 que <strong>muchas de las personas atendidas por C\u00e1ritas viven en constante itinerancia<\/strong>. Este hecho implica que estas <strong>pasen por diferentes proyectos o actividades que la entidad ofrece<\/strong>. Es por ello que <strong>a menudo los proyectos de C\u00e1ritas se convierten en lugares de tr\u00e1nsito <\/strong>para las personas a las que acogen, y <strong>sus voluntarios y voluntarias son el puente que les gu\u00eda a otros lugares<\/strong> que les permitan avanzar en su proceso para mejorar su situaci\u00f3n personal.<\/p>\n<p>El <strong>segundo elemento<\/strong> que coment\u00f3 fueron las <strong><em>puntas de coj\u00edn<\/em><\/strong>, que en la pel\u00edcula representan un regalo muy personal que un personaje le hace a otro. Falc\u00f3n las us\u00f3 para explicar que<strong> la acogida pide una implicaci\u00f3n emocional <\/strong>si se quiere que la persona atendida sienta que se ha establecido u<strong>na relaci\u00f3n de verdad que le permita mostrar su vulnerabilidad<\/strong>.<\/p>\n<p>Los <strong>otros elementos <\/strong>que explic\u00f3 fueron <strong>el <em>rascacielos<\/em> y la casa<\/strong>. El <strong>primero <\/strong>lo utiliz\u00f3 como <strong>s\u00edmbolo de las expectativas demasiado elevadas que a veces se crean sobre las personas atendidas<\/strong>. Unas expectativas que si no se cumplen pueden generar juicios de valor en relaci\u00f3n a lo que la persona ha hecho o ha dejado de hacer. Para que esto no pase, Anna Falc\u00f3n dio la siguiente pauta a los asistentes: <strong>\u201cHace falta que la acogida se convierta en una relaci\u00f3n que sea respetuosa y comprensiva con los retos reales que puede asumir cada persona\u201d<\/strong>. Siguiendo con esta misma idea, <strong><em>la casa<\/em><\/strong> le sirvi\u00f3 para explicar <strong>la necesidad de aceptar la realidad de las personas a las que se acompa\u00f1a para as\u00ed mirar sus capacidades reales, <\/strong>y de esta manera poder trabajar con ellas las opciones que hay para recuperarlas.<\/p>\n<p>Durante la charla, Anna Falc\u00f3n tambi\u00e9n invit\u00f3 a los asistentes a <strong>reflexionar sobre tres pronombres: yo, t\u00fa y nosotros<\/strong>, puesto que <strong>a trav\u00e9s de su uso la persona construye su mirada hacia el mundo y los dem\u00e1s<\/strong>.<\/p>\n<p>Del pronombre <strong><em>yo<\/em><\/strong> destac\u00f3 que <strong>este tiene la necesidad de cuidarse para estar bien<\/strong> \u2013y remarc\u00f3 que esto no supon\u00eda narcisismo- y de <strong>tener un di\u00e1logo interno<\/strong> que le permita saber qu\u00e9 le gusta, qu\u00e9 le enfada, qu\u00e9 piensa, etc. Al hablar del <strong><em>t\u00fa<\/em><\/strong>, Falc\u00f3n explic\u00f3 que <strong>\u201clo usamos cuando reconocemos que hay otra realidad diferente a la del yo, que hay otra persona diferente a m\u00ed\u201d<\/strong>. Y, por \u00faltimo, expuso que el <strong><em>nosotros<\/em><\/strong> aparece en el momento en el que <strong>la persona es consciente de los l\u00edmites y de aquello que es intolerable<\/strong>. Y lo ejemplific\u00f3 con la frase: <strong>\u201cYo me rebelo, nosotros existimos\u201d<\/strong>. Es por eso que la importancia del nosotros recae en el hecho que <strong>nace del concepto de dignidad, de la no indiferencia<\/strong>.<\/p>\n<p><strong>\u201cA veces, el tema de la acogida no es trabajo de una sola persona porque el dolor y las dificultades son demasiado grandes. Y est\u00e1 bien que nos demos cuenta que solos no lo podemos hacer\u201d<\/strong>. Con estas palabras, Anna Falc\u00f3n introdujo un elemento importante de la acogida con el que quiso dar <strong>herramientas de reflexi\u00f3n a los voluntarios y las voluntarias para que pudieran gestionar mejor las situaciones dif\u00edciles<\/strong>. Esta afirmaci\u00f3n tambi\u00e9n le permiti\u00f3 introducir<strong> la importancia que tiene acoger desde un grupo y en grupo<\/strong>, puesto que el grupo <strong>genera y crea posibilidades<\/strong> entre todos sus participantes.<\/p>\n<p>Anna Falc\u00f3n finaliz\u00f3 su charla usando ejemplos con los cuales destac\u00f3 como <strong>las acciones peque\u00f1as<\/strong>, como por ejemplo un curso de cocina o un equipo de f\u00fatbol, <strong>permiten construir relaciones que acaban generando espacios de confianza en los cuales las personas se sienten capaces de compartir sus sufrimientos, sus luchas y sus sue\u00f1os<\/strong>.<\/p>\n<p><strong>Es por todo ello que C\u00e1ritas ofrece cada d\u00eda espacios de acogida, que dan seguridad a las personas m\u00e1s vulnerables, y desde los cuales pueden empezar a construir v\u00ednculos que les permitan mejorar sus vidas.<\/strong><\/p>\n","protected":false},"excerpt":{"rendered":"<p>La acogida es la raz\u00f3n de ser de C\u00e1ritas y el eje central de su labor. Si no hay acogida, C\u00e1ritas no existe. Es por ello que el Departamento de Voluntariado dedic\u00f3 la sesi\u00f3n del 17 de febrero del Ciclo de Reflexiones en torno al Voluntariado a este tema. Anna Falc\u00f3n, trabajadora social de C\u00e1ritas, [&hellip;]<\/p>\n","protected":false},"author":1,"featured_media":559,"comment_status":"open","ping_status":"open","sticky":false,"template":"","format":"standard","meta":{"footnotes":""},"categories":[23],"tags":[],"autor":[36],"class_list":["post-3168","post","type-post","status-publish","format-standard","has-post-thumbnail","hentry","category-voluntariado","autor-caritas-diocesana-de-barcelona-es"],"aioseo_notices":[],"_links":{"self":[{"href":"https:\/\/blog.caritas.barcelona\/es\/wp-json\/wp\/v2\/posts\/3168","targetHints":{"allow":["GET"]}}],"collection":[{"href":"https:\/\/blog.caritas.barcelona\/es\/wp-json\/wp\/v2\/posts"}],"about":[{"href":"https:\/\/blog.caritas.barcelona\/es\/wp-json\/wp\/v2\/types\/post"}],"author":[{"embeddable":true,"href":"https:\/\/blog.caritas.barcelona\/es\/wp-json\/wp\/v2\/users\/1"}],"replies":[{"embeddable":true,"href":"https:\/\/blog.caritas.barcelona\/es\/wp-json\/wp\/v2\/comments?post=3168"}],"version-history":[{"count":1,"href":"https:\/\/blog.caritas.barcelona\/es\/wp-json\/wp\/v2\/posts\/3168\/revisions"}],"predecessor-version":[{"id":3789,"href":"https:\/\/blog.caritas.barcelona\/es\/wp-json\/wp\/v2\/posts\/3168\/revisions\/3789"}],"wp:featuredmedia":[{"embeddable":true,"href":"https:\/\/blog.caritas.barcelona\/es\/wp-json\/wp\/v2\/media\/559"}],"wp:attachment":[{"href":"https:\/\/blog.caritas.barcelona\/es\/wp-json\/wp\/v2\/media?parent=3168"}],"wp:term":[{"taxonomy":"category","embeddable":true,"href":"https:\/\/blog.caritas.barcelona\/es\/wp-json\/wp\/v2\/categories?post=3168"},{"taxonomy":"post_tag","embeddable":true,"href":"https:\/\/blog.caritas.barcelona\/es\/wp-json\/wp\/v2\/tags?post=3168"},{"taxonomy":"autor","embeddable":true,"href":"https:\/\/blog.caritas.barcelona\/es\/wp-json\/wp\/v2\/autor?post=3168"}],"curies":[{"name":"wp","href":"https:\/\/api.w.org\/{rel}","templated":true}]}}