{"id":3167,"date":"2016-02-29T00:00:00","date_gmt":"2016-02-28T23:00:00","guid":{"rendered":"https:\/\/blog.caritas.barcelona\/acogida-y-acompanamiento\/el-cel-un-espacio-donde-se-fomenta-el-desarrollo-personal-de-los-menores-y-adolescentes-de-sant-andreu\/"},"modified":"2017-07-10T16:06:37","modified_gmt":"2017-07-10T14:06:37","slug":"el-cel-un-espacio-donde-se-fomenta-el-desarrollo-personal-de-los-menores-y-adolescentes-de-sant-andreu","status":"publish","type":"post","link":"https:\/\/blog.caritas.barcelona\/es\/familia-e-infancia\/el-cel-un-espacio-donde-se-fomenta-el-desarrollo-personal-de-los-menores-y-adolescentes-de-sant-andreu\/","title":{"rendered":"El CEL, un espacio donde se fomenta el desarrollo personal de los menores y adolescentes de Sant Andreu"},"content":{"rendered":"<p><strong>El CEL<\/strong> (Centre Educativo y de Ocio, por sus siglas en catal\u00e1n) del arciprestazgo de Sant Andreu, <strong>naci\u00f3 en el a\u00f1o 2000 con la voluntad de atender la educaci\u00f3n y el acompa\u00f1amiento de los ni\u00f1os y ni\u00f1as, chicos y chicas de entre 6 y 14 a\u00f1os, en riesgo de exclusi\u00f3n social<\/strong>. <\/p>\n<p>El CEL presta sus servicios en un centro abierto y dos refuerzos educativos que trabajan para dar respuesta a las necesidades educativas de los ni\u00f1os, ni\u00f1as y adolescentes del barrio y ofrecen espacios donde los participantes pueden aprender, reflexionar, jugar, compartir y trabajar desde el respeto. Los menores que participan en el centro llegan derivados por las escuelas del barrio del Bon Pastor, C\u00e1ritas, los Servicios Sociales o el EAIA de Sant Andreu.<\/p>\n<p><strong>El equipo educativo del proyecto est\u00e1 constituido por tres educadores\/as sociales<\/strong>, que planifican, organizan y hacen el seguimiento individual de todos los ni\u00f1os y adolescentes. Adem\u00e1s, intervienen <strong>un integrador social y un psic\u00f3logo<\/strong>, que ofrecen asesoramiento y atenci\u00f3n individualizada. El proyecto tambi\u00e9n cuenta con un equipo formado por <strong>voluntarios y voluntarias<\/strong> que ofrecen su tiempo para estar junto a los ni\u00f1os. Hay que decir tambi\u00e9n, que durante este a\u00f1o se incorpora la figura de uno\/a director\/a en el Centro abierto con la voluntad de mejorar el servicio, y una persona profesional para dar apoyo administrativo y de visualizaci\u00f3n del proyecto. Tambi\u00e9n, con el mismo objetivo, se prev\u00e9 llevar a cabo una mejora de los espacios.<\/p>\n<p>En los tres proyectos que forman el CEL se desarrollan actividades muy diversas como talleres, cinef\u00f3rums, refuerzo escolar, manualidades, juegos, salidas, cursos de piscina, casal, meriendas y deportes; a pesar de que los objetivos generales y m\u00e1s importantes son <strong>favorecer la integraci\u00f3n social de los ni\u00f1os previniendo situaciones de exclusi\u00f3n y riesgo social<\/strong> y potenciar su desarrollo integral compensando los d\u00e9ficits socioculturales y favoreciendo el logro de aprendizajes.<\/p>\n<p>El proyecto principal es el<strong> Centro abierto del Bon Pastor<\/strong>, donde los educadores sociales, con el apoyo de 10 voluntarios y voluntarias, ofrecen atenci\u00f3n a 30 ni\u00f1os y ni\u00f1as. Este centro acoge a menores de entre 6 y 14 a\u00f1os, de lunes a viernes, fuera del horario escolar. Los ni\u00f1os se agrupan por edades en las Lunas (de 6 a 9 a\u00f1os, 1r, 2n y 3r de primaria), los Soles Y (de 9 a 11 a\u00f1os, 4t y 5o de primaria) y los Soles II (de 11 a 14 a\u00f1os, 6o de primaria y 1r, 2n y 3r de ESO).<\/p>\n<p>Otro proyecto es el <strong>Refuerzo Educativo Crist Rei<\/strong>\u00a0donde participan 13 ni\u00f1os. Un equipo de 11 voluntarios y voluntarias los acompa\u00f1an y ayudan en las tareas escolares todos los s\u00e1bados por la ma\u00f1ana. El tercer proyecto es el <strong>Refuerzo Educativo Sant Paci\u00e0<\/strong>, que acompa\u00f1a a 10 ni\u00f1os y ni\u00f1as con la ayuda de 9 voluntarios y voluntarias todos los jueves por la tarde. Estos dos \u00faltimos cuentan con la ayuda de un integrador social, que, adem\u00e1s, hace la coordinaci\u00f3n con el CEL, las familias, las escuelas y el EAIA del sector.<\/p>\n<table>\n<p>Gracias a estos proyectos, los ni\u00f1os, que forman un grupo muy diverso por los or\u00edgenes y las familias, tienen la oportunidad de recibir un apoyo integral que se concreta en las tareas escolares, la mejora de los h\u00e1bitos de estudio, limpieza, orden, higiene, alimentaci\u00f3n y aprenden a organizar el ocio con actividades que los ayudan en su crecimiento personal y favorecen su integraci\u00f3n social.<\/p>\n<p>Por \u00faltimo, es necesario mencionar que <strong>la Fundaci\u00f3n Centre Educativo y de Ocio<\/strong>, que es la responsable de los proyectos, <strong>cuenta con el apoyo econ\u00f3mico de socios y socias, as\u00ed como de parroquias de la Arciprestazgo, C\u00e1ritas, Proinfancia, el Ayuntamiento y con ayudas puntuales <\/strong>y espont\u00e1neas, que, con su colaboraci\u00f3n, ayudan el centro a ofrecer una atenci\u00f3n profesional y personalizada a ni\u00f1os y j\u00f3venes que viven situaciones de vulnerabilidad.<\/p>\n","protected":false},"excerpt":{"rendered":"<p>El CEL (Centre Educativo y de Ocio, por sus siglas en catal\u00e1n) del arciprestazgo de Sant Andreu, naci\u00f3 en el a\u00f1o 2000 con la voluntad de atender la educaci\u00f3n y el acompa\u00f1amiento de los ni\u00f1os y ni\u00f1as, chicos y chicas de entre 6 y 14 a\u00f1os, en riesgo de exclusi\u00f3n social. El CEL presta sus [&hellip;]<\/p>\n","protected":false},"author":1,"featured_media":555,"comment_status":"open","ping_status":"open","sticky":false,"template":"","format":"standard","meta":{"footnotes":""},"categories":[28],"tags":[],"autor":[36],"class_list":["post-3167","post","type-post","status-publish","format-standard","has-post-thumbnail","hentry","category-familia-e-infancia","autor-caritas-diocesana-de-barcelona-es"],"aioseo_notices":[],"_links":{"self":[{"href":"https:\/\/blog.caritas.barcelona\/es\/wp-json\/wp\/v2\/posts\/3167","targetHints":{"allow":["GET"]}}],"collection":[{"href":"https:\/\/blog.caritas.barcelona\/es\/wp-json\/wp\/v2\/posts"}],"about":[{"href":"https:\/\/blog.caritas.barcelona\/es\/wp-json\/wp\/v2\/types\/post"}],"author":[{"embeddable":true,"href":"https:\/\/blog.caritas.barcelona\/es\/wp-json\/wp\/v2\/users\/1"}],"replies":[{"embeddable":true,"href":"https:\/\/blog.caritas.barcelona\/es\/wp-json\/wp\/v2\/comments?post=3167"}],"version-history":[{"count":2,"href":"https:\/\/blog.caritas.barcelona\/es\/wp-json\/wp\/v2\/posts\/3167\/revisions"}],"predecessor-version":[{"id":3788,"href":"https:\/\/blog.caritas.barcelona\/es\/wp-json\/wp\/v2\/posts\/3167\/revisions\/3788"}],"wp:featuredmedia":[{"embeddable":true,"href":"https:\/\/blog.caritas.barcelona\/es\/wp-json\/wp\/v2\/media\/555"}],"wp:attachment":[{"href":"https:\/\/blog.caritas.barcelona\/es\/wp-json\/wp\/v2\/media?parent=3167"}],"wp:term":[{"taxonomy":"category","embeddable":true,"href":"https:\/\/blog.caritas.barcelona\/es\/wp-json\/wp\/v2\/categories?post=3167"},{"taxonomy":"post_tag","embeddable":true,"href":"https:\/\/blog.caritas.barcelona\/es\/wp-json\/wp\/v2\/tags?post=3167"},{"taxonomy":"autor","embeddable":true,"href":"https:\/\/blog.caritas.barcelona\/es\/wp-json\/wp\/v2\/autor?post=3167"}],"curies":[{"name":"wp","href":"https:\/\/api.w.org\/{rel}","templated":true}]}}