{"id":3158,"date":"2016-01-21T00:00:00","date_gmt":"2016-01-20T23:00:00","guid":{"rendered":"https:\/\/blog.caritas.barcelona\/acogida-y-acompanamiento\/la-navidad-en-caritas-y-en-familia\/"},"modified":"2017-07-10T16:08:19","modified_gmt":"2017-07-10T14:08:19","slug":"la-navidad-en-caritas-y-en-familia","status":"publish","type":"post","link":"https:\/\/blog.caritas.barcelona\/es\/familia-e-infancia\/la-navidad-en-caritas-y-en-familia\/","title":{"rendered":"La Navidad en C\u00e1ritas y en familia"},"content":{"rendered":"<p><strong>Durante los \u00faltimos a\u00f1os de crisis se ha sido dando un empobrecimiento de las familias, hecho que ha acabado situando a los menores entre los colectivos m\u00e1s afectados.<\/strong> Y es que una de cada tres personas atendidas por la C\u00e1ritas es menor. Dentro del programa de Infancia y Familia de la entidad, una de las actividades que se desarrollaron con motivo de la Navidad, fue el festival que celebraron las familias que forman parte del <strong>Centro Abierto de Torre i Bar\u00f3<\/strong>, un proyecto dirigido a ni\u00f1os y adolescentes de 6 a 14 a\u00f1os que viven situaciones sociales y familiares desfavorables.<\/p>\n<p>Esta celebraci\u00f3n se plante\u00f3 con el objetivo de crear un e<strong>spacio festivo, de compartir alegr\u00eda, entusiasmo y complicidad<\/strong>. La fiesta cont\u00f3 con un espect\u00e1culo sorpresa, que los padres y madres hab\u00edan preparado para sus hijos, tambi\u00e9n con un concurso de villancicos entre las diferentes salas del centro y con la exposici\u00f3n de un v\u00eddeo sobre el bienestar con uno mismo, fruto de una asamblea en la cual participaron los ni\u00f1os y ni\u00f1as del centro junto con los educadores sociales que los acompa\u00f1an. Para poner fin a la fiesta y tambi\u00e9n al a\u00f1o, se comparti\u00f3 uno pica-pica montado con la ayuda de Empresas con Coraz\u00f3n que seguramente les dio fuerza para empezar los casales que se hicieron durante las vacaciones de Navidad.<\/p>\n<p>Por otra parte, una vez pasadas las fiestas, <strong>los ni\u00f1os y ni\u00f1as del centro de acogida Marialar hicieron dibujos y escribieron cartas para los reyes magos d\u00e1ndole las gracias por los regalos que recibieron<\/strong>. Este centro acoge a mujeres solas y a mujeres con hijos que se encuentran en situaci\u00f3n de urgencia. A trav\u00e9s de este recurso, C\u00e1ritas ofrece un espacio de contenci\u00f3n y seguridad y acompa\u00f1a a las personas en su proceso de recuperaci\u00f3n de las situaciones de violencia y\/o de vulnerabilidad que han vivido.<\/p>\n","protected":false},"excerpt":{"rendered":"<p>Durante los \u00faltimos a\u00f1os de crisis se ha sido dando un empobrecimiento de las familias, hecho que ha acabado situando a los menores entre los colectivos m\u00e1s afectados. Y es que una de cada tres personas atendidas por la C\u00e1ritas es menor. Dentro del programa de Infancia y Familia de la entidad, una de las [&hellip;]<\/p>\n","protected":false},"author":1,"featured_media":555,"comment_status":"open","ping_status":"open","sticky":false,"template":"","format":"standard","meta":{"footnotes":""},"categories":[28],"tags":[],"autor":[36],"class_list":["post-3158","post","type-post","status-publish","format-standard","has-post-thumbnail","hentry","category-familia-e-infancia","autor-caritas-diocesana-de-barcelona-es"],"aioseo_notices":[],"_links":{"self":[{"href":"https:\/\/blog.caritas.barcelona\/es\/wp-json\/wp\/v2\/posts\/3158","targetHints":{"allow":["GET"]}}],"collection":[{"href":"https:\/\/blog.caritas.barcelona\/es\/wp-json\/wp\/v2\/posts"}],"about":[{"href":"https:\/\/blog.caritas.barcelona\/es\/wp-json\/wp\/v2\/types\/post"}],"author":[{"embeddable":true,"href":"https:\/\/blog.caritas.barcelona\/es\/wp-json\/wp\/v2\/users\/1"}],"replies":[{"embeddable":true,"href":"https:\/\/blog.caritas.barcelona\/es\/wp-json\/wp\/v2\/comments?post=3158"}],"version-history":[{"count":2,"href":"https:\/\/blog.caritas.barcelona\/es\/wp-json\/wp\/v2\/posts\/3158\/revisions"}],"predecessor-version":[{"id":3794,"href":"https:\/\/blog.caritas.barcelona\/es\/wp-json\/wp\/v2\/posts\/3158\/revisions\/3794"}],"wp:featuredmedia":[{"embeddable":true,"href":"https:\/\/blog.caritas.barcelona\/es\/wp-json\/wp\/v2\/media\/555"}],"wp:attachment":[{"href":"https:\/\/blog.caritas.barcelona\/es\/wp-json\/wp\/v2\/media?parent=3158"}],"wp:term":[{"taxonomy":"category","embeddable":true,"href":"https:\/\/blog.caritas.barcelona\/es\/wp-json\/wp\/v2\/categories?post=3158"},{"taxonomy":"post_tag","embeddable":true,"href":"https:\/\/blog.caritas.barcelona\/es\/wp-json\/wp\/v2\/tags?post=3158"},{"taxonomy":"autor","embeddable":true,"href":"https:\/\/blog.caritas.barcelona\/es\/wp-json\/wp\/v2\/autor?post=3158"}],"curies":[{"name":"wp","href":"https:\/\/api.w.org\/{rel}","templated":true}]}}