{"id":3149,"date":"2015-11-25T00:00:00","date_gmt":"2015-11-24T23:00:00","guid":{"rendered":"https:\/\/blog.caritas.barcelona\/acogida-y-acompanamiento\/las-caritas-de-cataluna-ayudaron-a-mas-de-medio-millon-de-personas-en-situacion-de-pobreza-durante-el-ano-2014\/"},"modified":"2015-11-25T00:00:00","modified_gmt":"2015-11-24T23:00:00","slug":"las-caritas-de-cataluna-ayudaron-a-mas-de-medio-millon-de-personas-en-situacion-de-pobreza-durante-el-ano-2014","status":"publish","type":"post","link":"https:\/\/blog.caritas.barcelona\/es\/institucional-es\/las-caritas-de-cataluna-ayudaron-a-mas-de-medio-millon-de-personas-en-situacion-de-pobreza-durante-el-ano-2014\/","title":{"rendered":"Las C\u00e1ritas de Catalu\u00f1a ayudaron a m\u00e1s de medio mill\u00f3n de personas en situaci\u00f3n de pobreza durante el a\u00f1o 2014"},"content":{"rendered":"<p><strong>Las C\u00e0ritas de Catalu\u00f1a ayudaron a m\u00e1s de medio mill\u00f3n de personas en situaci\u00f3n de pobreza durante el a\u00f1o 2014<\/strong>. Este fue una de los principales datos que se dieron durante la presentaci\u00f3n de la primera \u201cMemoria social de las C\u00e1ritas Diocesanas con sede en Catalu\u00f1a\u201d. El acto estuvo presidido por el cardenal <strong>Llu\u00eds Mart\u00ednez Sistach<\/strong>, administrador apost\u00f3lico de Barcelona y responsable episcopal de C\u00e1ritas Catalu\u00f1a, acompa\u00f1ado por la<strong> Dra. Carme Borbon\u00e9s<\/strong>, presidenta de C\u00e1ritas Catalu\u00f1a y por el <strong>Sr. Agust\u00ed Adell<\/strong>, secretario general de C\u00e1ritas Diocesana de Tortosa.<\/p>\n<p>Al tratarse de la primera memoria social de C\u00e1ritas Catalu\u00f1a, el Cardenal apunt\u00f3 que no pod\u00edan hacer una comparaci\u00f3n con la actividad de a\u00f1os pasados. Sin embargo, a partir de las memorias de las diferentes C\u00e1ritas diocesanas, se pone de manifiesto que el n\u00famero de actuaciones se mantiene respecto al a\u00f1o anterior. Actualmente, una cuarta parte de la sociedad vive por debajo del umbral de la pobreza. Seg\u00fan Sistach, hacen falta propuestas reales para reducir las desigualdades sociales y pide un \u201cpacto de Estado\u201d para combatir esta problem\u00e1tica, es decir, la uni\u00f3n de todas las fuerzas para reducir el paro y el trabajo precario.<strong> \u201cLa mejora de la macroeconom\u00eda no est\u00e1 llegando a las familias, las consecuencias de la crisis siguen aumentando\u201d<\/strong>, se\u00f1al\u00f3 la entidad.<\/p>\n<p>En cuanto a los datos, el gasto total de los nueve programas \u2013\u00e1mbitos de la vida de las personas en los cuales C\u00e1ritas ayuda\u2013 fue superior a <strong>40 millones de euros<\/strong>. Los tres programas donde se destinaron m\u00e1s dinero fueron Ayuda a las necesidades b\u00e1sicas, Inserci\u00f3n sociolaboral y econom\u00eda social y, Acogida y acompa\u00f1amiento. <strong>En total, se acompa\u00f1\u00f3 a 571.211 personas a trav\u00e9s de 1.488 servicios<\/strong> repartidos en las diez di\u00f3cesis en Catalu\u00f1a.<\/p>\n<p>Por \u00faltimo, el Cardenal destac\u00f3 que cerca de un <strong>80% de la financiaci\u00f3n proviene de fuentes privadas<\/strong> y resalt\u00f3 que \u201cla Iglesia ha podido ayudar a todas estas personas gracias al trabajo de las C\u00e1ritas diocesanas, a los profesionales, voluntarios y colaboradores\u201d.<\/p>\n","protected":false},"excerpt":{"rendered":"<p>Las C\u00e0ritas de Catalu\u00f1a ayudaron a m\u00e1s de medio mill\u00f3n de personas en situaci\u00f3n de pobreza durante el a\u00f1o 2014. Este fue una de los principales datos que se dieron durante la presentaci\u00f3n de la primera \u201cMemoria social de las C\u00e1ritas Diocesanas con sede en Catalu\u00f1a\u201d. El acto estuvo presidido por el cardenal Llu\u00eds Mart\u00ednez [&hellip;]<\/p>\n","protected":false},"author":1,"featured_media":549,"comment_status":"open","ping_status":"open","sticky":false,"template":"","format":"standard","meta":{"footnotes":""},"categories":[21],"tags":[],"autor":[36],"class_list":["post-3149","post","type-post","status-publish","format-standard","has-post-thumbnail","hentry","category-institucional-es","autor-caritas-diocesana-de-barcelona-es"],"aioseo_notices":[],"_links":{"self":[{"href":"https:\/\/blog.caritas.barcelona\/es\/wp-json\/wp\/v2\/posts\/3149","targetHints":{"allow":["GET"]}}],"collection":[{"href":"https:\/\/blog.caritas.barcelona\/es\/wp-json\/wp\/v2\/posts"}],"about":[{"href":"https:\/\/blog.caritas.barcelona\/es\/wp-json\/wp\/v2\/types\/post"}],"author":[{"embeddable":true,"href":"https:\/\/blog.caritas.barcelona\/es\/wp-json\/wp\/v2\/users\/1"}],"replies":[{"embeddable":true,"href":"https:\/\/blog.caritas.barcelona\/es\/wp-json\/wp\/v2\/comments?post=3149"}],"version-history":[{"count":0,"href":"https:\/\/blog.caritas.barcelona\/es\/wp-json\/wp\/v2\/posts\/3149\/revisions"}],"wp:featuredmedia":[{"embeddable":true,"href":"https:\/\/blog.caritas.barcelona\/es\/wp-json\/wp\/v2\/media\/549"}],"wp:attachment":[{"href":"https:\/\/blog.caritas.barcelona\/es\/wp-json\/wp\/v2\/media?parent=3149"}],"wp:term":[{"taxonomy":"category","embeddable":true,"href":"https:\/\/blog.caritas.barcelona\/es\/wp-json\/wp\/v2\/categories?post=3149"},{"taxonomy":"post_tag","embeddable":true,"href":"https:\/\/blog.caritas.barcelona\/es\/wp-json\/wp\/v2\/tags?post=3149"},{"taxonomy":"autor","embeddable":true,"href":"https:\/\/blog.caritas.barcelona\/es\/wp-json\/wp\/v2\/autor?post=3149"}],"curies":[{"name":"wp","href":"https:\/\/api.w.org\/{rel}","templated":true}]}}