{"id":3141,"date":"2015-10-02T00:00:00","date_gmt":"2015-10-01T22:00:00","guid":{"rendered":"https:\/\/blog.caritas.barcelona\/acogida-y-acompanamiento\/las-personas-mayores-celebran-su-dia-en-el-reestreno-solidario-de-mar-i-cel\/"},"modified":"2017-07-14T11:45:32","modified_gmt":"2017-07-14T09:45:32","slug":"las-personas-mayores-celebran-su-dia-en-el-reestreno-solidario-de-mar-i-cel","status":"publish","type":"post","link":"https:\/\/blog.caritas.barcelona\/es\/personas-mayores\/las-personas-mayores-celebran-su-dia-en-el-reestreno-solidario-de-mar-i-cel\/","title":{"rendered":"Las personas mayores celebran su d\u00eda en el reestreno solidario de \u2018Mar i Cel\u2019"},"content":{"rendered":"<p>Anoche se celebr\u00f3 en el Teatro Victoria el <strong>reestreno solidario del emblem\u00e1tico musical catal\u00e1n \u2018Mar i Cel\u2019 coincidiendo con el D\u00eda Internacional de las Personas Mayores<\/strong>. Con este motivo, la compa\u00f1\u00eda de teatro <strong>Dagoll Dagom invit\u00f3 a 1.000 personas mayores<\/strong> atendidas por C\u00e1ritas Diocesana de Barcelona, Avism\u00f3n Catalunya, Amics de la Personas mayores y Cruz Roja en Catalu\u00f1a. Esta acci\u00f3n tambi\u00e9n sirvi\u00f3 para <strong>reivindicar el derecho de acceso a la cultura para todas las personas.<\/strong><\/p>\n<p>Los invitados \u2018VIP\u2019 llegaron sobre las seis de la tarde. <strong>Ellos eran los protagonistas de la noche<\/strong>, y por eso, nada m\u00e1s bajar del autob\u00fas que los llev\u00f3 al teatro, <strong>los esperaba una luminosa alfombra roja<\/strong>. Antes del espect\u00e1culo se prepar\u00f3 un c\u00e1terin en el hall donde pudieron reencontrarse con sus amigos y compartir la experiencia. Algunos tuvieron el privilegio de subir al escenario y hacerse una fotograf\u00eda con los actores del musical y el emblem\u00e1tico barco de \u2018Mar i Cel\u2019.<\/p>\n<p>Durante el descanso de media parte, <strong>el Gran Teatre del Liceu sorte\u00f3 30 entradas dobles para ver \u2018Nabucco\u2019<\/strong> de Verdi. Los m\u00e1s afortunados, las recibieron con mucha ilusi\u00f3n y fue el momento m\u00e1s animado de la noche.<\/p>\n<p>Finalizada la obra, en la puerta los esperaban tres autobuses para llevarlos de vuelta.<\/p>\n<p>Desde C\u00e1ritas <strong>queremos agradecer profundamente a la compa\u00f1\u00eda Dagoll Dagom, al Teatro Victoria y al Gran Teatre del Liceu por esta iniciativa<\/strong>, ya que acciones como esta devuelven la magia y la ilusi\u00f3n a las personas mayores que d\u00eda a d\u00eda sufren las consecuencias de la exclusi\u00f3n social. Tambi\u00e9n queremos dar las gracias <strong>a Avant Grup<\/strong> por ofrecer sus autobuses y transportar a todos los usuarios.<\/p>\n<p><strong>Ensayo general de \u2018Mar i Cel\u2019<\/strong><\/p>\n<p>El <strong>30 de septiembre, la compa\u00f1\u00eda tambi\u00e9n invit\u00f3<\/strong> <strong>a<\/strong> personas atendidas por C\u00e1ritas y Cruz Roja, a ver el ensayo general de la obra. <strong>Ni\u00f1os, j\u00f3venes y adultos<\/strong> disfrutaron de una tarde m\u00e1gica. Para muchos de ellos era la primera vez que iban al teatro.<\/p>\n<p><strong>Esperamos que esta iniciativa de Dagoll Dagom sirva como ejemplo<\/strong> y se realicen muchas m\u00e1s, <strong>ya que el acceso a la cultura es un derecho universal<\/strong> y, desgraciadamente, en nuestra sociedad hay muchas personas que no se pueden permitir ir al teatro o a otros espacios culturales.<\/p>\n","protected":false},"excerpt":{"rendered":"<p>Anoche se celebr\u00f3 en el Teatro Victoria el reestreno solidario del emblem\u00e1tico musical catal\u00e1n \u2018Mar i Cel\u2019 coincidiendo con el D\u00eda Internacional de las Personas Mayores. Con este motivo, la compa\u00f1\u00eda de teatro Dagoll Dagom invit\u00f3 a 1.000 personas mayores atendidas por C\u00e1ritas Diocesana de Barcelona, Avism\u00f3n Catalunya, Amics de la Personas mayores y Cruz [&hellip;]<\/p>\n","protected":false},"author":1,"featured_media":3893,"comment_status":"open","ping_status":"open","sticky":false,"template":"","format":"standard","meta":{"footnotes":""},"categories":[26],"tags":[],"autor":[36],"class_list":["post-3141","post","type-post","status-publish","format-standard","has-post-thumbnail","hentry","category-personas-mayores","autor-caritas-diocesana-de-barcelona-es"],"aioseo_notices":[],"_links":{"self":[{"href":"https:\/\/blog.caritas.barcelona\/es\/wp-json\/wp\/v2\/posts\/3141","targetHints":{"allow":["GET"]}}],"collection":[{"href":"https:\/\/blog.caritas.barcelona\/es\/wp-json\/wp\/v2\/posts"}],"about":[{"href":"https:\/\/blog.caritas.barcelona\/es\/wp-json\/wp\/v2\/types\/post"}],"author":[{"embeddable":true,"href":"https:\/\/blog.caritas.barcelona\/es\/wp-json\/wp\/v2\/users\/1"}],"replies":[{"embeddable":true,"href":"https:\/\/blog.caritas.barcelona\/es\/wp-json\/wp\/v2\/comments?post=3141"}],"version-history":[{"count":1,"href":"https:\/\/blog.caritas.barcelona\/es\/wp-json\/wp\/v2\/posts\/3141\/revisions"}],"predecessor-version":[{"id":3803,"href":"https:\/\/blog.caritas.barcelona\/es\/wp-json\/wp\/v2\/posts\/3141\/revisions\/3803"}],"wp:featuredmedia":[{"embeddable":true,"href":"https:\/\/blog.caritas.barcelona\/es\/wp-json\/wp\/v2\/media\/3893"}],"wp:attachment":[{"href":"https:\/\/blog.caritas.barcelona\/es\/wp-json\/wp\/v2\/media?parent=3141"}],"wp:term":[{"taxonomy":"category","embeddable":true,"href":"https:\/\/blog.caritas.barcelona\/es\/wp-json\/wp\/v2\/categories?post=3141"},{"taxonomy":"post_tag","embeddable":true,"href":"https:\/\/blog.caritas.barcelona\/es\/wp-json\/wp\/v2\/tags?post=3141"},{"taxonomy":"autor","embeddable":true,"href":"https:\/\/blog.caritas.barcelona\/es\/wp-json\/wp\/v2\/autor?post=3141"}],"curies":[{"name":"wp","href":"https:\/\/api.w.org\/{rel}","templated":true}]}}