{"id":3139,"date":"2015-09-29T00:00:00","date_gmt":"2015-09-28T22:00:00","guid":{"rendered":"https:\/\/blog.caritas.barcelona\/acogida-y-acompanamiento\/la-escuela-de-formacion-del-voluntariado-se-pone-en-marcha-en-octubre\/"},"modified":"2015-09-29T00:00:00","modified_gmt":"2015-09-28T22:00:00","slug":"la-escuela-de-formacion-del-voluntariado-se-pone-en-marcha-en-octubre","status":"publish","type":"post","link":"https:\/\/blog.caritas.barcelona\/es\/voluntariado\/la-escuela-de-formacion-del-voluntariado-se-pone-en-marcha-en-octubre\/","title":{"rendered":"La Escuela de Formaci\u00f3n del Voluntariado se pone en marcha en octubre"},"content":{"rendered":"<p>Un a\u00f1o m\u00e1s la <strong>Escuela de Formaci\u00f3n del Voluntariado ofrece cursos que motivan a las personas a iniciar y a continuar su voluntariado social en C\u00e1ritas<\/strong>. Por un lado, se inicia el <strong>5\u00ba Ciclo de Reflexiones en torno al voluntariado<\/strong>, dirigido a las personas con experiencia de voluntariado social en los proyectos diocesanos o parroquiales de C\u00e1ritas, y por otro lado, se realiza el <strong>Curso de iniciaci\u00f3n al voluntariado social<\/strong>, para los futuros voluntarios.<\/p>\n<p><strong>El 21 de octubre empieza el 5\u00ba Ciclo de Reflexiones en torno al voluntariado<\/strong> con una lecci\u00f3n inaugural con el t\u00edtulo Cuando ser sal, levadura y luz nos transforma la vida a cargo de <strong>Eduard Sala<\/strong>, responsable de Acci\u00f3n Social de C\u00e1ritas Diocesana de Barcelona. Tambi\u00e9n contar\u00e1 con la intervenci\u00f3n del director, <strong>Salvador Busquets<\/strong>.<\/p>\n<p>Este curso, cuenta con ocho sesiones, en las cuales <strong>los voluntarios tienen la oportunidad de encontrarse y compartir experiencias<\/strong>. \u00c9stas est\u00e1n enfocadas a ofrecer formaci\u00f3n a los participantes que quieren mejorar su labor de voluntariado. Por esta raz\u00f3n, son profesionales de diferentes \u00e1reas sociales los que se encargan del contenido y la organizaci\u00f3n de las charlas.<\/p>\n<p><strong>Estas sesiones se realizan en el aula Sant Jordi del Seminario Conciliar de Barcelona.<\/strong> Son de <strong>entrada libre con inscripci\u00f3n previa<\/strong>. Las personas interesadas pueden apuntarse a todas las sesiones o s\u00f3lo a aquellas que deseen. Las charlas previstas despu\u00e9s de la sesi\u00f3n inaugural son las siguientes: Porque es posible. Nadie sin hogar (18 de noviembre); Vida interior y acci\u00f3n social (16 de diciembre); \u00bfDe qu\u00e9 hablamos cuando hablamos de pobreza infantil? (20 de enero); Un t\u00fa que se acoge desde el yo y desde el nosotros (17 de febrero); Construimos juntos (20 de abril); Identidad y diversidad culturales y cohesi\u00f3n social (28 de mayo); y \u00bfQue hemos hecho y que tenemos que hacer? (15 de junio).<\/p>\n<\/p>\n<p>Por otro lado, en octubre tambi\u00e9n <strong>empieza el Curso de iniciaci\u00f3n al voluntariado social. El objetivo de \u00e9ste es formar a todas aquellas personas<\/strong>, mayores de 16 a\u00f1os, <strong>que tengan inter\u00e9s a acercarse a la acci\u00f3n voluntaria<\/strong> o a iniciar un proceso de formaci\u00f3n en este \u00e1mbito.<\/p>\n<p><strong>Durante este curso, los participantes conocen<\/strong> la historia del voluntariado en Catalu\u00f1a, su marco legal, los derechos y deberes del voluntariado, el perfil del voluntario social y cu\u00e1les tienen que ser sus actitudes y aptitudes. Adem\u00e1s, se introduce a los futuros voluntarios en el mundo de la pobreza, hablando de sus causas y consecuencias, y qu\u00e9 es el sentido y el valor de la acci\u00f3n voluntaria en nuestra sociedad. Tambi\u00e9n se explica los campos del voluntariado social, el trabajo en equipo o por proyectos y se informa sobre otros recursos del servicio del voluntariado.&nbsp;<\/p>\n","protected":false},"excerpt":{"rendered":"<p>Un a\u00f1o m\u00e1s la Escuela de Formaci\u00f3n del Voluntariado ofrece cursos que motivan a las personas a iniciar y a continuar su voluntariado social en C\u00e1ritas. Por un lado, se inicia el 5\u00ba Ciclo de Reflexiones en torno al voluntariado, dirigido a las personas con experiencia de voluntariado social en los proyectos diocesanos o parroquiales [&hellip;]<\/p>\n","protected":false},"author":1,"featured_media":559,"comment_status":"open","ping_status":"open","sticky":false,"template":"","format":"standard","meta":{"footnotes":""},"categories":[23],"tags":[],"autor":[36],"class_list":["post-3139","post","type-post","status-publish","format-standard","has-post-thumbnail","hentry","category-voluntariado","autor-caritas-diocesana-de-barcelona-es"],"aioseo_notices":[],"_links":{"self":[{"href":"https:\/\/blog.caritas.barcelona\/es\/wp-json\/wp\/v2\/posts\/3139","targetHints":{"allow":["GET"]}}],"collection":[{"href":"https:\/\/blog.caritas.barcelona\/es\/wp-json\/wp\/v2\/posts"}],"about":[{"href":"https:\/\/blog.caritas.barcelona\/es\/wp-json\/wp\/v2\/types\/post"}],"author":[{"embeddable":true,"href":"https:\/\/blog.caritas.barcelona\/es\/wp-json\/wp\/v2\/users\/1"}],"replies":[{"embeddable":true,"href":"https:\/\/blog.caritas.barcelona\/es\/wp-json\/wp\/v2\/comments?post=3139"}],"version-history":[{"count":0,"href":"https:\/\/blog.caritas.barcelona\/es\/wp-json\/wp\/v2\/posts\/3139\/revisions"}],"wp:featuredmedia":[{"embeddable":true,"href":"https:\/\/blog.caritas.barcelona\/es\/wp-json\/wp\/v2\/media\/559"}],"wp:attachment":[{"href":"https:\/\/blog.caritas.barcelona\/es\/wp-json\/wp\/v2\/media?parent=3139"}],"wp:term":[{"taxonomy":"category","embeddable":true,"href":"https:\/\/blog.caritas.barcelona\/es\/wp-json\/wp\/v2\/categories?post=3139"},{"taxonomy":"post_tag","embeddable":true,"href":"https:\/\/blog.caritas.barcelona\/es\/wp-json\/wp\/v2\/tags?post=3139"},{"taxonomy":"autor","embeddable":true,"href":"https:\/\/blog.caritas.barcelona\/es\/wp-json\/wp\/v2\/autor?post=3139"}],"curies":[{"name":"wp","href":"https:\/\/api.w.org\/{rel}","templated":true}]}}