{"id":3137,"date":"2015-09-10T00:00:00","date_gmt":"2015-09-09T22:00:00","guid":{"rendered":"https:\/\/blog.caritas.barcelona\/acogida-y-acompanamiento\/mas-de-8-000-personas-visitan-la-exposicion-somos-migrantes-en-el-caixaforum\/"},"modified":"2015-09-10T00:00:00","modified_gmt":"2015-09-09T22:00:00","slug":"mas-de-8-000-personas-visitan-la-exposicion-somos-migrantes-en-el-caixaforum","status":"publish","type":"post","link":"https:\/\/blog.caritas.barcelona\/es\/mobilidad-humana\/mas-de-8-000-personas-visitan-la-exposicion-somos-migrantes-en-el-caixaforum\/","title":{"rendered":"M\u00e1s de 8.000 personas visitan la exposici\u00f3n Somos migrantes en el Caixaforum"},"content":{"rendered":"<p><strong><em>Somos migrantes<\/em> ha sido un \u00e9xito<\/strong>. La exposici\u00f3n itinerante de fotograf\u00eda social y documental, <strong>recibi\u00f3 8.667 visitas en dos meses<\/strong>. A trav\u00e9s de fotograf\u00edas y textos, <strong>las personas que asistieron al Caixaforum pudieron ponerse a la piel de aquellas personas que migran por corredores migratorios<\/strong> como la frontera entre M\u00e9xico y los Estados Unidos y la frontera entre Espa\u00f1a y Marruecos.<\/p>\n<p>La exposici\u00f3n fue inaugurada por el director de C\u00e1ritas Diocesana de Barcelona, <strong>Salvador Busquets<\/strong> y por <strong>Dani Villanueva<\/strong>, director de la fundaci\u00f3n Entreculturas. Tambi\u00e9n se realiz\u00f3 una charla en la que participaron <strong>Javier Urrecha<\/strong>, responsable de Programas de Cooperaci\u00f3n a la Fundaci\u00f3n Entreculturas, <strong>Cristina Manzanedo<\/strong>, responsable de Incidencia del Servicio Jesuita a Migrantes, <strong>Imma Mata<\/strong>, responsable de Migraci\u00f3nn de C\u00e1ritas y <strong>Ousman Sall<\/strong>, quien comparti\u00f3 su testimonio sobre c\u00f3mo vivi\u00f3 y qu\u00e9 signific\u00f3 llegar al Estado espa\u00f1ol remando una barca hinchable.&nbsp;<\/p>\n<p>Con la muestra <em>Somos migrantes<\/em>, las entidades que trabajamos en el \u00e1mbito de las migraciones y que organizamos la exposici\u00f3n, hemos querido mostrar que <strong>a pesar de que emigrar es un derecho fundamental que todo el mundo tendr\u00eda que poder ejercerlo libremente, el camino impulsado por sue\u00f1os y esperanzas, queda marcado por el miedo y las violaciones de los derechos humanos<\/strong>.&nbsp;<\/p>\n<p>Son migraciones propiciadas por varios factores. La mayor\u00eda de ellas son por motivos sociales o econ\u00f3micos, buscando mejores condiciones de vida en un mundo cada vez m\u00e1s desigual. Sin embargo, tambi\u00e9n hay otras forzadas, como por ejemplo, el caso de las personas refugiadas o desplazadas que huyen de sus pa\u00edses por conflictos, persecuciones o desastres naturales, en busca de seguridad, paz y tranquilidad.<\/p>\n<p>&nbsp;<\/p>\n<p>La Migraci\u00f3n es y ha sido presente en la vida de todos nosotros, por lo tanto, todos y todas somos migrantes.<strong>&nbsp;<\/strong><strong>Es muy importante que construyamos una cultura de la hospitalidad, de encuentro y de acogida hacia las personas migrantes,<\/strong>&nbsp;para que su derecho a salir de sus pa\u00edses de manera libre se garantice y procurar que sus derechos humanos no sean vulnerados.&nbsp;<\/p>\n<p>Desde C\u00e1ritas queremos agradecer a todas las personas que visitaron la exposici\u00f3n.&nbsp;<\/p>\n","protected":false},"excerpt":{"rendered":"<p>Somos migrantes ha sido un \u00e9xito. La exposici\u00f3n itinerante de fotograf\u00eda social y documental, recibi\u00f3 8.667 visitas en dos meses. A trav\u00e9s de fotograf\u00edas y textos, las personas que asistieron al Caixaforum pudieron ponerse a la piel de aquellas personas que migran por corredores migratorios como la frontera entre M\u00e9xico y los Estados Unidos y [&hellip;]<\/p>\n","protected":false},"author":1,"featured_media":551,"comment_status":"open","ping_status":"open","sticky":false,"template":"","format":"standard","meta":{"footnotes":""},"categories":[25],"tags":[],"autor":[36],"class_list":["post-3137","post","type-post","status-publish","format-standard","has-post-thumbnail","hentry","category-mobilidad-humana","autor-caritas-diocesana-de-barcelona-es"],"aioseo_notices":[],"_links":{"self":[{"href":"https:\/\/blog.caritas.barcelona\/es\/wp-json\/wp\/v2\/posts\/3137","targetHints":{"allow":["GET"]}}],"collection":[{"href":"https:\/\/blog.caritas.barcelona\/es\/wp-json\/wp\/v2\/posts"}],"about":[{"href":"https:\/\/blog.caritas.barcelona\/es\/wp-json\/wp\/v2\/types\/post"}],"author":[{"embeddable":true,"href":"https:\/\/blog.caritas.barcelona\/es\/wp-json\/wp\/v2\/users\/1"}],"replies":[{"embeddable":true,"href":"https:\/\/blog.caritas.barcelona\/es\/wp-json\/wp\/v2\/comments?post=3137"}],"version-history":[{"count":0,"href":"https:\/\/blog.caritas.barcelona\/es\/wp-json\/wp\/v2\/posts\/3137\/revisions"}],"wp:featuredmedia":[{"embeddable":true,"href":"https:\/\/blog.caritas.barcelona\/es\/wp-json\/wp\/v2\/media\/551"}],"wp:attachment":[{"href":"https:\/\/blog.caritas.barcelona\/es\/wp-json\/wp\/v2\/media?parent=3137"}],"wp:term":[{"taxonomy":"category","embeddable":true,"href":"https:\/\/blog.caritas.barcelona\/es\/wp-json\/wp\/v2\/categories?post=3137"},{"taxonomy":"post_tag","embeddable":true,"href":"https:\/\/blog.caritas.barcelona\/es\/wp-json\/wp\/v2\/tags?post=3137"},{"taxonomy":"autor","embeddable":true,"href":"https:\/\/blog.caritas.barcelona\/es\/wp-json\/wp\/v2\/autor?post=3137"}],"curies":[{"name":"wp","href":"https:\/\/api.w.org\/{rel}","templated":true}]}}