{"id":3121,"date":"2015-05-27T00:00:00","date_gmt":"2015-05-26T22:00:00","guid":{"rendered":"https:\/\/blog.caritas.barcelona\/acogida-y-acompanamiento\/caritas-amar-sin-esperar-nada-a-cambio\/"},"modified":"2015-05-27T00:00:00","modified_gmt":"2015-05-26T22:00:00","slug":"caritas-amar-sin-esperar-nada-a-cambio","status":"publish","type":"post","link":"https:\/\/blog.caritas.barcelona\/es\/voluntariado\/caritas-amar-sin-esperar-nada-a-cambio\/","title":{"rendered":"C\u00e1ritas, amar sin esperar nada a cambio"},"content":{"rendered":"<p><strong>Los gestos m\u00e1s generosos y solidarios pasan a menudo desapercibidos<\/strong>. Son obras magn\u00e1nimas de personas discretas que, por ejemplo, deciden dar parte de su patrimonio o recursos en favor de las personas m\u00e1s vulnerables. Son actos de un enorme coraje, fruto de la voluntad de desapegarse de lo material para lograr la plenitud, la riqueza del coraz\u00f3n. \u00c9ste fue el deseo y el prop\u00f3sito de vida de la Mar\u00eda, la madrina de bautizo del fraile caputx\u00ed Enric Castells. \u201cElla ten\u00eda una densidad personal profunda. Don\u00f3 su casa a C\u00e1ritas, es decir, a la gente sin recursos. Se desprendi\u00f3 de la herencia familiar, un piso en el coraz\u00f3n de Barcelona\u201d, recuerda Castells. Este fraile, responsable de la comunidad de Caputxins del barrio de Sarri\u00e0, incide en la importancia de que la comodidad y superficialidad no nos embelesen:<strong> \u201cPara m\u00ed, la felicidad pasa por compartir con los dem\u00e1s lo que eres y aquello que tienes. Por ello creo que las personas, en general, viven la felicidad a trompicones<\/strong>; no acaban de sentirse nunca llenas\u201d. Quiz\u00e1s el testigo de su madrina haya contribuido a que este fraile forje, sutilmente, su mirada fraternal, de acercamiento al otro desde el amor.<\/p>\n<\/p>\n<p>Inicialmente, esta donaci\u00f3n en vida que la Mar\u00eda hizo a la instituci\u00f3n (ha muerto este a\u00f1o, habiendo alcanzado los 90 a\u00f1os) permiti\u00f3 que C\u00e1ritas pudiera ubicar en el piso familiar un punto de atenci\u00f3n de la entidad. Actualmente<strong>, se ha reconvertido en un piso para acoger a madres y a sus hijos e hijas que vienen de situaciones de violencia dom\u00e9stica<\/strong>. Es un refugio de quietud y respiro para ellas, el hogar que les permite reencontrar la calidez y las fuerzas necesarias para empezar de nuevo. Es precisamente lo que hizo Mar\u00eda, aunque partiendo de una situaci\u00f3n mucho m\u00e1s ventajosa: \u201cDespu\u00e9s de dar el piso c\u00e1ritas, ella se fue de alquiler a Sant Gervasi. M\u00e1s tarde lo dej\u00f3 para ir a vivir a una residencia, donde ha pasado sus \u00faltimos veinte a\u00f1os\u201d, explica Castells. Esta resurrecci\u00f3n en vida de la Mar\u00eda, el dejar atr\u00e1s la individualidad para alinearse con el otro sinti\u00e9ndose pr\u00f3ximo a su sufrimiento, es quiz\u00e1s la chispa que la mantuvo siempre joven: \u201cSonre\u00eda constantemente, se la ve\u00eda muy feliz, en paz consigo misma. Era una mujer muy sabia. Muri\u00f3 dulcemente\u201d, resalta Castells.<\/p>\n<p>Y quiz\u00e1s m\u00e1s importante que este gesto de generosidad es el anonimato en el que prevalece su obra: <strong>\u201cNunca nadie ha sabido que ella dio este paso. Es m\u00e1s: ha muerto sin haber compartido nunca esta experiencia y, por ello y por c\u00f3mo era, quiero homenajearla a trav\u00e9s de este reportaje\u201d<\/strong>, afirma Castells.<\/p>\n<p>En la comunidad de Caputxins de Sarri\u00e0, el fraile Castells tambi\u00e9n mantiene viva la llama de este esp\u00edritu de la resurrecci\u00f3n evang\u00e9lica: \u201cHace 41 a\u00f1os que trabajo con adolescentes y j\u00f3venes a trav\u00e9s de los grupos PACS, que significan preadolescentes, catequesis, caputxins y Sarri\u00e0. En esencia, les formamos para que forjen una identidad personal s\u00f3lida, para que se acepten tal y como son y, al mismo tiempo, para que desarrollen un sentimiento de pertenencia a la comunidad y un compromiso social\u201d, explica.<\/p>\n<p>Y es que la vida parece asentarse sobre una ley muy b\u00e1sica, pero a la hora s\u00f3lo perceptible para aquellas personas que buscan incesantemente descifrarla: amar al otro como a ti mismo. Y esto es el amor, la fuerza de Dios.<\/p>\n","protected":false},"excerpt":{"rendered":"<p>Los gestos m\u00e1s generosos y solidarios pasan a menudo desapercibidos. Son obras magn\u00e1nimas de personas discretas que, por ejemplo, deciden dar parte de su patrimonio o recursos en favor de las personas m\u00e1s vulnerables. Son actos de un enorme coraje, fruto de la voluntad de desapegarse de lo material para lograr la plenitud, la riqueza [&hellip;]<\/p>\n","protected":false},"author":1,"featured_media":559,"comment_status":"open","ping_status":"open","sticky":false,"template":"","format":"standard","meta":{"footnotes":""},"categories":[23],"tags":[],"autor":[36],"class_list":["post-3121","post","type-post","status-publish","format-standard","has-post-thumbnail","hentry","category-voluntariado","autor-caritas-diocesana-de-barcelona-es"],"aioseo_notices":[],"_links":{"self":[{"href":"https:\/\/blog.caritas.barcelona\/es\/wp-json\/wp\/v2\/posts\/3121","targetHints":{"allow":["GET"]}}],"collection":[{"href":"https:\/\/blog.caritas.barcelona\/es\/wp-json\/wp\/v2\/posts"}],"about":[{"href":"https:\/\/blog.caritas.barcelona\/es\/wp-json\/wp\/v2\/types\/post"}],"author":[{"embeddable":true,"href":"https:\/\/blog.caritas.barcelona\/es\/wp-json\/wp\/v2\/users\/1"}],"replies":[{"embeddable":true,"href":"https:\/\/blog.caritas.barcelona\/es\/wp-json\/wp\/v2\/comments?post=3121"}],"version-history":[{"count":0,"href":"https:\/\/blog.caritas.barcelona\/es\/wp-json\/wp\/v2\/posts\/3121\/revisions"}],"wp:featuredmedia":[{"embeddable":true,"href":"https:\/\/blog.caritas.barcelona\/es\/wp-json\/wp\/v2\/media\/559"}],"wp:attachment":[{"href":"https:\/\/blog.caritas.barcelona\/es\/wp-json\/wp\/v2\/media?parent=3121"}],"wp:term":[{"taxonomy":"category","embeddable":true,"href":"https:\/\/blog.caritas.barcelona\/es\/wp-json\/wp\/v2\/categories?post=3121"},{"taxonomy":"post_tag","embeddable":true,"href":"https:\/\/blog.caritas.barcelona\/es\/wp-json\/wp\/v2\/tags?post=3121"},{"taxonomy":"autor","embeddable":true,"href":"https:\/\/blog.caritas.barcelona\/es\/wp-json\/wp\/v2\/autor?post=3121"}],"curies":[{"name":"wp","href":"https:\/\/api.w.org\/{rel}","templated":true}]}}