{"id":3120,"date":"2015-05-27T00:00:00","date_gmt":"2015-05-26T22:00:00","guid":{"rendered":"https:\/\/blog.caritas.barcelona\/acogida-y-acompanamiento\/alrededor-de-800-personas-participan-en-la-caminata-popular-en-el-parque-de-collserola\/"},"modified":"2015-05-27T00:00:00","modified_gmt":"2015-05-26T22:00:00","slug":"alrededor-de-800-personas-participan-en-la-caminata-popular-en-el-parque-de-collserola","status":"publish","type":"post","link":"https:\/\/blog.caritas.barcelona\/es\/institucional-es\/alrededor-de-800-personas-participan-en-la-caminata-popular-en-el-parque-de-collserola\/","title":{"rendered":"Alrededor de 800 personas participan en la Caminata Popular en el Parque de Collserola"},"content":{"rendered":"<p>El s\u00e1bado 23 de mayo tuvo lugar la 1a Caminata Solidaria en el Parque Natural de la Sierra de Collserola, organizada por la Diputaci\u00f3n de Barcelona y C\u00e1ritas Diocesana de Barcelona. La iniciativa solidaria cont\u00f3 con el apoyo del Club Excursionista de Gr\u00e0cia y la Federaci\u00f3n de Entidades Excursionistas de Catalu\u00f1a.<\/p>\n<p>La campa\u00f1a, con el lema de la Diputaci\u00f3n de Barcelona \u201cCu\u00e9lgate una medalla\u201d tuvo como objetivo recaudar fondo para C\u00e1ritas. Para participar, los participantes de la Caminata Solidaria hicieron un donativo por una cantidad m\u00ednima de cinco euros en el momento de hacer la inscripci\u00f3n, destinados a los proyecto de erradicaci\u00f3n de la pobreza infantil \u201cPaid\u00f3s\u201d.<\/p>\n<p>La actividad consisti\u00f3 en una excursi\u00f3n suave de <strong>5,2 kil\u00f3metros<\/strong> por el coraz\u00f3n de la <strong>Sierra del Collserola<\/strong>, donde <strong>participaron m\u00e1s de 800 personas<\/strong> de todas las edades, una actividad para vivir en familia y amigos.<\/p>\n<p>La caminata transcurri\u00f3 con toda normalidad. A las 10h de la ma\u00f1ana las 800 personas congregadas empezaron a andar. A medio camino, una parada de agua y manzana ayudaba a los caminantes a hacer m\u00e1s ligero el camino. Y al final del recorrido, alrededor de dos horas, a los participantes los esperaba una butifarrada para recuperar las fuerzas.<\/p>\n<p><strong>El dinero recaudado ha ido destinado al proyecto Paid\u00f3s<\/strong>. A trav\u00e9s de este v\u00eddeo se puede ver en que consiste este proyecto.<\/p>\n","protected":false},"excerpt":{"rendered":"<p>El s\u00e1bado 23 de mayo tuvo lugar la 1a Caminata Solidaria en el Parque Natural de la Sierra de Collserola, organizada por la Diputaci\u00f3n de Barcelona y C\u00e1ritas Diocesana de Barcelona. La iniciativa solidaria cont\u00f3 con el apoyo del Club Excursionista de Gr\u00e0cia y la Federaci\u00f3n de Entidades Excursionistas de Catalu\u00f1a. La campa\u00f1a, con el [&hellip;]<\/p>\n","protected":false},"author":1,"featured_media":549,"comment_status":"open","ping_status":"open","sticky":false,"template":"","format":"standard","meta":{"footnotes":""},"categories":[21],"tags":[],"autor":[36],"class_list":["post-3120","post","type-post","status-publish","format-standard","has-post-thumbnail","hentry","category-institucional-es","autor-caritas-diocesana-de-barcelona-es"],"aioseo_notices":[],"_links":{"self":[{"href":"https:\/\/blog.caritas.barcelona\/es\/wp-json\/wp\/v2\/posts\/3120","targetHints":{"allow":["GET"]}}],"collection":[{"href":"https:\/\/blog.caritas.barcelona\/es\/wp-json\/wp\/v2\/posts"}],"about":[{"href":"https:\/\/blog.caritas.barcelona\/es\/wp-json\/wp\/v2\/types\/post"}],"author":[{"embeddable":true,"href":"https:\/\/blog.caritas.barcelona\/es\/wp-json\/wp\/v2\/users\/1"}],"replies":[{"embeddable":true,"href":"https:\/\/blog.caritas.barcelona\/es\/wp-json\/wp\/v2\/comments?post=3120"}],"version-history":[{"count":0,"href":"https:\/\/blog.caritas.barcelona\/es\/wp-json\/wp\/v2\/posts\/3120\/revisions"}],"wp:featuredmedia":[{"embeddable":true,"href":"https:\/\/blog.caritas.barcelona\/es\/wp-json\/wp\/v2\/media\/549"}],"wp:attachment":[{"href":"https:\/\/blog.caritas.barcelona\/es\/wp-json\/wp\/v2\/media?parent=3120"}],"wp:term":[{"taxonomy":"category","embeddable":true,"href":"https:\/\/blog.caritas.barcelona\/es\/wp-json\/wp\/v2\/categories?post=3120"},{"taxonomy":"post_tag","embeddable":true,"href":"https:\/\/blog.caritas.barcelona\/es\/wp-json\/wp\/v2\/tags?post=3120"},{"taxonomy":"autor","embeddable":true,"href":"https:\/\/blog.caritas.barcelona\/es\/wp-json\/wp\/v2\/autor?post=3120"}],"curies":[{"name":"wp","href":"https:\/\/api.w.org\/{rel}","templated":true}]}}