{"id":3119,"date":"2015-05-25T00:00:00","date_gmt":"2015-05-24T22:00:00","guid":{"rendered":"https:\/\/blog.caritas.barcelona\/acogida-y-acompanamiento\/mar-galceran-i-peiro-ser-voluntaria-ha-cambiado-mi-vida\/"},"modified":"2015-05-25T00:00:00","modified_gmt":"2015-05-24T22:00:00","slug":"mar-galceran-i-peiro-ser-voluntaria-ha-cambiado-mi-vida","status":"publish","type":"post","link":"https:\/\/blog.caritas.barcelona\/es\/voluntariado\/mar-galceran-i-peiro-ser-voluntaria-ha-cambiado-mi-vida\/","title":{"rendered":"Mar Galcer\u00e1n i Peir\u00f3: \u201cSer voluntaria ha cambiado mi vida\u201d"},"content":{"rendered":"<p>La pen\u00faltima conferencia del Ciclo de reflexiones en torno a la experiencia del voluntariado que realiza C\u00e1ritas, fue impartida por <strong>Mar Galcer\u00e1n i Peir\u00f3<\/strong>, pedagoga y profesora de la Universidad Ramon Llull (especialista en \u00e9tica y en educaci\u00f3n en valores), bajo el t\u00edtulo <strong>\u201cSer voluntaria ha cambiado mi vida. La acci\u00f3n transformadora del voluntariado\u201d<\/strong>.<\/p>\n<p>Para empezar la charla, Galcer\u00e1n aclar\u00f3 que el voluntariado no ha significado una actividad o conjunto de actividades en determinados lugares, sino que &nbsp;para ella, <strong>el voluntariado es un estilo de vida, ponerse a disposici\u00f3n de lo dem\u00e1s, una motivaci\u00f3n interna de ofrecer todo lo que uno es<\/strong>. Galcer\u00e1n inici\u00f3 su voluntariado a los 17 a\u00f1os en el \u00e1mbito de la exclusi\u00f3n social y desde entonces tambi\u00e9n ha colaborado en proyectos de cooperaci\u00f3n internacional y en la Delegaci\u00f3n de Pastoral Universitaria.<\/p>\n<p><\/p>\n<p>Mar comenz\u00f3 su reflexi\u00f3n personal explicando en qu\u00e9 aspectos el voluntariado ha ido cambiando su vida. Fue durante su primer voluntariado cuando inici\u00f3 su proceso de transformaci\u00f3n, el d\u00eda en el que una mujer exprostituta, v\u00edctima de la exclusi\u00f3n social, minutos antes de morir por un c\u00e1ncer terminal a los 30 a\u00f1os, le dio las gracias por acompa\u00f1arla y quererla durante sus \u00faltimos meses de vida. En este momento Mar entendi\u00f3 que <strong>\u201cel voluntariado s\u00f3lo tiene sentido cuando realmente puedes entregarte a aquellas personas que nunca se han sentido queridas\u201d<\/strong>.&nbsp;<\/p>\n<p>El voluntariado le ha ayudado a tener una <strong>actitud positiva en la vida, de coraje y de esperanza<\/strong>. Aquellas personas a las que ha acompa\u00f1ado son un ejemplo de resiliencia, un modelo de fortaleza y humanidad. Para Galcer\u00e1n, acompa\u00f1ar a personas en situaci\u00f3n de alta vulnerabilidad, ha hecho que su vida se vaya transformando en una <strong>vida de agradecimiento y de lucha<\/strong> y que la alegr\u00eda y el optimismo se convirtieran en una obligaci\u00f3n moral. De esta manera, sacamos lo mejor de nosotros y trasmitimos esperanza a las personas que acompa\u00f1amos<\/p>\n<p>Por otra parte, ver situaciones de injusticia social constantemente, ha ayudado a Mar a desprenderse de lo material y a poner valor a lo que realmente es esencial en esta vida: <strong>sentirse amado y amar<\/strong>.<\/p>\n<p>Seg\u00fan Galcer\u00e1n, el voluntariado tambi\u00e9n comporta <strong>aceptar la propia vulnerabilidad<\/strong>, darnos cuenta de que en cualquier momento nos podr\u00edamos encontrar con las mismas dificultades de las personas que acompa\u00f1amos.<\/p>\n<p>Estar al lado de diversos colectivos nos ayuda a <strong>cambiar la mirada sobre el otro<\/strong>, a eliminar prejuicios y a ver que todos somos iguales, que todas las personas tenemos un tesoro escondido. Por lo tanto, el voluntariado nos aporta <strong>comprensi\u00f3n y tolerancia<\/strong> respecto a las costumbres y maneras de pensar de los dem\u00e1s.<\/p>\n<p>Una vez somos conscientes de las injusticias sociales que sufren muchas personas, seg\u00fan Galcer\u00e1n, nos sentimos obligados a <strong>comprometernos para concienciar a la sociedad e intentar cambiar las estructuras sociales<\/strong>.<\/p>\n<\/p>\n<p>Seguidamente, Mar expuso una serie de <strong>condiciones y actitudes necesarias<\/strong> para hacer posible esta transformaci\u00f3n personal. En primer lugar, debemos tener una <strong>mirada contemplativa<\/strong> de la vida. Dejar que las situaciones vividas durante el voluntariado nos impacten, concederles tiempo y espacio para reflexionar y hacerlas transformadoras. Examinar profundamente cada realidad y captar aquello que est\u00e1 m\u00e1s all\u00e1 de lo evidente. Detenernos a vivir intensamente cada momento. En segundo lugar, es importante tener una <strong>actitud reflexiva<\/strong>. Hacernos preguntas sobre aquello que estamos contemplando. Dialogar con los dem\u00e1s y dejarnos interpelar por sus procesos. Y por \u00faltimo, <strong>reconocer nuestra vulnerabilidad<\/strong> y dejarnos acompa\u00f1ar en este proceso de transformaci\u00f3n.<\/p>\n<p>Finalmente, Galcer\u00e1n hizo referencia a los <strong>l\u00edmites y peligros que dificultan el proceso de transformaci\u00f3n<\/strong>. Entre ellos, sentir que tu tarea no es valorada o \u00fatil para la entidad en la que colaboras o aferrarse a la gratificaci\u00f3n, esperar que continuamente se agradezca tu acci\u00f3n voluntaria. Tambi\u00e9n es importante reconocer el momento en el que debemos dejar de ofrecer ese servicio, ya sea por falta energ\u00eda, \u00e1nimo, de fuerza o de capacidad. Por otra parte, no debemos iniciar el voluntariado como terapia personal, es decir, verlo como escape de nuestros propios problemas o de nuestra propia realidad. Y por \u00faltimo, nunca debemos sentirnos por encima de aquellas personas a las que ayudamos, creer que somos sus salvadores y considerarnos indispensables en sus vidas.<\/p>\n<p>Para concluir su reflexi\u00f3n, Mar apunt\u00f3 que \u201csu transformaci\u00f3n personal ha estado ligada a un proceso de transformaci\u00f3n espiritual, ya que no hubiera podido transformar su vida si no se hubiese sentido sostenida por Dios\u201d. <\/p>\n","protected":false},"excerpt":{"rendered":"<p>La pen\u00faltima conferencia del Ciclo de reflexiones en torno a la experiencia del voluntariado que realiza C\u00e1ritas, fue impartida por Mar Galcer\u00e1n i Peir\u00f3, pedagoga y profesora de la Universidad Ramon Llull (especialista en \u00e9tica y en educaci\u00f3n en valores), bajo el t\u00edtulo \u201cSer voluntaria ha cambiado mi vida. La acci\u00f3n transformadora del voluntariado\u201d. Para [&hellip;]<\/p>\n","protected":false},"author":1,"featured_media":559,"comment_status":"open","ping_status":"open","sticky":false,"template":"","format":"standard","meta":{"footnotes":""},"categories":[23],"tags":[],"autor":[36],"class_list":["post-3119","post","type-post","status-publish","format-standard","has-post-thumbnail","hentry","category-voluntariado","autor-caritas-diocesana-de-barcelona-es"],"aioseo_notices":[],"_links":{"self":[{"href":"https:\/\/blog.caritas.barcelona\/es\/wp-json\/wp\/v2\/posts\/3119","targetHints":{"allow":["GET"]}}],"collection":[{"href":"https:\/\/blog.caritas.barcelona\/es\/wp-json\/wp\/v2\/posts"}],"about":[{"href":"https:\/\/blog.caritas.barcelona\/es\/wp-json\/wp\/v2\/types\/post"}],"author":[{"embeddable":true,"href":"https:\/\/blog.caritas.barcelona\/es\/wp-json\/wp\/v2\/users\/1"}],"replies":[{"embeddable":true,"href":"https:\/\/blog.caritas.barcelona\/es\/wp-json\/wp\/v2\/comments?post=3119"}],"version-history":[{"count":0,"href":"https:\/\/blog.caritas.barcelona\/es\/wp-json\/wp\/v2\/posts\/3119\/revisions"}],"wp:featuredmedia":[{"embeddable":true,"href":"https:\/\/blog.caritas.barcelona\/es\/wp-json\/wp\/v2\/media\/559"}],"wp:attachment":[{"href":"https:\/\/blog.caritas.barcelona\/es\/wp-json\/wp\/v2\/media?parent=3119"}],"wp:term":[{"taxonomy":"category","embeddable":true,"href":"https:\/\/blog.caritas.barcelona\/es\/wp-json\/wp\/v2\/categories?post=3119"},{"taxonomy":"post_tag","embeddable":true,"href":"https:\/\/blog.caritas.barcelona\/es\/wp-json\/wp\/v2\/tags?post=3119"},{"taxonomy":"autor","embeddable":true,"href":"https:\/\/blog.caritas.barcelona\/es\/wp-json\/wp\/v2\/autor?post=3119"}],"curies":[{"name":"wp","href":"https:\/\/api.w.org\/{rel}","templated":true}]}}