{"id":3117,"date":"2015-05-14T00:00:00","date_gmt":"2015-05-13T22:00:00","guid":{"rendered":"https:\/\/blog.caritas.barcelona\/acogida-y-acompanamiento\/caritas-asegura-que-el-terremoto-de-ayer-en-nepal-dificultara-aun-mas-los-planes-de-ayuda-a-las-victimas\/"},"modified":"2015-05-14T00:00:00","modified_gmt":"2015-05-13T22:00:00","slug":"caritas-asegura-que-el-terremoto-de-ayer-en-nepal-dificultara-aun-mas-los-planes-de-ayuda-a-las-victimas","status":"publish","type":"post","link":"https:\/\/blog.caritas.barcelona\/es\/institucional-es\/caritas-asegura-que-el-terremoto-de-ayer-en-nepal-dificultara-aun-mas-los-planes-de-ayuda-a-las-victimas\/","title":{"rendered":"C\u00e1ritas asegura que el terremoto de ayer en Nepal dificultar\u00e1 a\u00fan m\u00e1s los planes de ayuda a las v\u00edctimas"},"content":{"rendered":"<p><strong>C\u00e1ritas Espa\u00f1ola financia ya la quinta parte del presupuesto del plan de emergencia de ayuda a las v\u00edctimas puesto en marcha por la red C\u00e1ritas<\/strong><\/p>\n<p>El personal experto en emergencia de la red internacional de <strong>C\u00e1ritas <\/strong>que est\u00e1 trabajando en <strong>Nepal <\/strong>desde el devastador terremoto del pasado 25 de abril han asegurado que el segundo se\u00edsmo de magnitud 7,4 registrado ayer a\u00f1adir\u00e1 nuevas penalidades a los damnificados y dificultar\u00e1 las ya de por s\u00ed arduas cuestiones log\u00edsticas de respuesta a la emergencia.<\/p>\n<p>&#8220;Los deslizamientos de tierra van a obstaculizar seriamente ya dif\u00edciles las operaciones de socorro en muchas de las aldeas remotas\u201d, ha se\u00f1alado <strong>Melville Fern\u00e1ndez<\/strong>, experto de <strong>C\u00e1ritas Australia<\/strong> que se encuentra en Katmand\u00fa trabajando dentro de la respuesta conjunta de la <strong>Confederaci\u00f3n C\u00e1ritas Internationalis<\/strong> al terremoto de finales de abril.<\/p>\n<p><strong>\u201cEl temblor de tierra m\u00e1s grande<br \/> y largo que jam\u00e1s hemos vivido\u201d<\/strong><\/p>\n<p>&#8220;Me encontraba en el segundo piso de las oficinas de <strong>C\u00e1ritas<\/strong> en el momento del temblor \u2013explica <strong>Melville<\/strong>&#8211;, rodeado de colegas que tienen una gran experiencia en situaciones de emergencia. Sin embargo, para la mayor\u00eda de nosotros fue el temblor de tierra m\u00e1s grande y m\u00e1s largo que hemos experimentado nunca\u201d.<\/p>\n<p>&#8220;Se pod\u00eda ver el efecto del se\u00edsmo en los tres pisos del edificio. La tierra sacudi\u00f3 como si estuvi\u00e9ramos en medio de un gran oleaje en pleno oc\u00e9ano, que hac\u00eda muy dif\u00edcil llegar hasta el punto de evacuaci\u00f3n m\u00e1s pr\u00f3ximo, ubicado en la iglesia cat\u00f3lica de la Asunci\u00f3n\u201d, explica.<\/p>\n<p>&#8220;En plena vor\u00e1gine por la respuesta humanitaria al mortal terremoto de 7.9 puntos de hace s\u00f3lo quince d\u00edas, el personal local y los voluntarios de <strong>C\u00e1ritas<\/strong> se apresuraron a llamar a familiares y amigos, y a recabar noticias sobre el epicentro y el tama\u00f1o del nuevo sismo. Muchos de ellos han estado trabajando incansablemente durante las \u00faltimas dos semanas, ayudando a otras personas, a pesar de que sus propios hogares y familiares&nbsp; hayan sufrido los efectos del terremoto&#8221;, afirma este t\u00e9cnico de <strong>C\u00e1ritas Australiana<\/strong>.<\/p>\n<p><strong>M\u00e1s damnificados y nuevas necesidades<\/strong><\/p>\n<p><strong>C\u00e1ritas Nepal ha confirmado que muchos de los edificios que estaban agrietados o da\u00f1ados de los \u00faltimos temblores, han quedado destruidos, incluyendo el Hospital Policl\u00ednico Omkar. Asimismo, se suspendieron las operaciones en el aeropuerto internacional de Katmand\u00fa y se registraron grandes deslizamientos de tierra en las \u00e1reas de Rasuwa, Nuwakot y Dolakh. El m\u00e1s graves de ellos se produjo en Sindhupalchowk y ha afectado a la autopista Arniko que conecta Katmand\u00fa con la frontera China.<\/strong><\/p>\n<p>La red internacional de <strong>C\u00e1ritas <\/strong>est\u00e1 apoyando la operaci\u00f3n de respuesta de emergencia puesta en marcha por <strong>C\u00e1ritas Nepal<\/strong> con el objetivo de ayudar a m\u00e1s de <strong>175.000 <\/strong>damnificados en los pr\u00f3ximos dos meses. Las principales necesidades a las que se est\u00e1 dando respuesta son materiales de refugio, agua y saneamiento, aunque se teme que, tras el fuerte temblor de ayer, las necesidades y el n\u00famero de afectados ser\u00e1n a\u00fan mayores.<\/p>\n<p><strong>&#8220;Toda la familia C\u00e1ritas, especialmente el personal de C\u00e1ritas Nepal y los voluntarios, as\u00ed como las comunidades afectadas, est\u00e1n conmovidos por la efusi\u00f3n global de solidaridad, de oraciones y de donaciones procedentes de todo el mundo para apoyar a sus familias en este momento lleno de incertidumbre\u201d, ha declarado Melville Fern\u00e1ndez.<\/strong><\/p>\n<p><strong>C\u00e1ritas Espa\u00f1ola cubre la quinta parte del llamamiento de emergencia<\/strong><\/p>\n<p>Hasta la fecha, la red <strong>C\u00e1ritas Internacional<\/strong> ha desplegado en el terreno a 32 t\u00e9cnicos expatriados de nueve <strong>C\u00e1ritas nacionales<\/strong>, que se suman a otros cuatro equipos \u2013cada uno de ellos integrado por seis personas\u2013 ya presentes en el terreno para apoyar el trabajo de <strong>C\u00e1ritas Nepal<\/strong>.<\/p>\n<p>Asimismo, <strong>C\u00e1ritas Espa\u00f1ola<\/strong> decidi\u00f3 ayer sumar una nueva partida de <strong>200.000<\/strong> euros las necesidades de los damnificados. Estos fondos se a\u00f1aden a los <strong>300.000<\/strong> euros que en las dos \u00faltimas semanas se hab\u00edan puesto ya a disposici\u00f3n de <strong>C\u00e1ritas Nepal. Con ello, C\u00e1ritas Espa\u00f1ola ha cubierto, con un total de 500.000 euros, la quinta parte del presupuesto global de 2,6 millones de euros del plan de respuesta a la emergencia lanzado la semana pasada por la red internacional de C\u00e1ritas.<\/strong><\/p>\n","protected":false},"excerpt":{"rendered":"<p>C\u00e1ritas Espa\u00f1ola financia ya la quinta parte del presupuesto del plan de emergencia de ayuda a las v\u00edctimas puesto en marcha por la red C\u00e1ritas El personal experto en emergencia de la red internacional de C\u00e1ritas que est\u00e1 trabajando en Nepal desde el devastador terremoto del pasado 25 de abril han asegurado que el segundo [&hellip;]<\/p>\n","protected":false},"author":1,"featured_media":549,"comment_status":"open","ping_status":"open","sticky":false,"template":"","format":"standard","meta":{"footnotes":""},"categories":[21],"tags":[],"autor":[36],"class_list":["post-3117","post","type-post","status-publish","format-standard","has-post-thumbnail","hentry","category-institucional-es","autor-caritas-diocesana-de-barcelona-es"],"aioseo_notices":[],"_links":{"self":[{"href":"https:\/\/blog.caritas.barcelona\/es\/wp-json\/wp\/v2\/posts\/3117","targetHints":{"allow":["GET"]}}],"collection":[{"href":"https:\/\/blog.caritas.barcelona\/es\/wp-json\/wp\/v2\/posts"}],"about":[{"href":"https:\/\/blog.caritas.barcelona\/es\/wp-json\/wp\/v2\/types\/post"}],"author":[{"embeddable":true,"href":"https:\/\/blog.caritas.barcelona\/es\/wp-json\/wp\/v2\/users\/1"}],"replies":[{"embeddable":true,"href":"https:\/\/blog.caritas.barcelona\/es\/wp-json\/wp\/v2\/comments?post=3117"}],"version-history":[{"count":0,"href":"https:\/\/blog.caritas.barcelona\/es\/wp-json\/wp\/v2\/posts\/3117\/revisions"}],"wp:featuredmedia":[{"embeddable":true,"href":"https:\/\/blog.caritas.barcelona\/es\/wp-json\/wp\/v2\/media\/549"}],"wp:attachment":[{"href":"https:\/\/blog.caritas.barcelona\/es\/wp-json\/wp\/v2\/media?parent=3117"}],"wp:term":[{"taxonomy":"category","embeddable":true,"href":"https:\/\/blog.caritas.barcelona\/es\/wp-json\/wp\/v2\/categories?post=3117"},{"taxonomy":"post_tag","embeddable":true,"href":"https:\/\/blog.caritas.barcelona\/es\/wp-json\/wp\/v2\/tags?post=3117"},{"taxonomy":"autor","embeddable":true,"href":"https:\/\/blog.caritas.barcelona\/es\/wp-json\/wp\/v2\/autor?post=3117"}],"curies":[{"name":"wp","href":"https:\/\/api.w.org\/{rel}","templated":true}]}}