{"id":3104,"date":"2015-03-30T00:00:00","date_gmt":"2015-03-29T22:00:00","guid":{"rendered":"https:\/\/blog.caritas.barcelona\/acogida-y-acompanamiento\/el-reial-club-de-polo-y-la-periodista-pilar-eyre-entregan-una-mona-de-pascua-a-caritas\/"},"modified":"2015-03-30T00:00:00","modified_gmt":"2015-03-29T22:00:00","slug":"el-reial-club-de-polo-y-la-periodista-pilar-eyre-entregan-una-mona-de-pascua-a-caritas","status":"publish","type":"post","link":"https:\/\/blog.caritas.barcelona\/es\/entidades-con-corazon\/el-reial-club-de-polo-y-la-periodista-pilar-eyre-entregan-una-mona-de-pascua-a-caritas\/","title":{"rendered":"El Reial Club de Polo y la periodista Pilar Eyre entregan una mona de Pascua a C\u00e1ritas"},"content":{"rendered":"<p><strong>La periodista Pilar Eyre ha entregado esta semana una gran mona de Pascua para todos los ni\u00f1os y ni\u00f1as del proyecto Paid\u00f3s<\/strong>, de prevenci\u00f3n de la pobreza infantil. Desde el Real Club de Polo de Barcelona y el Ayuntamiento de Barcelona, a trav\u00e9s del proyecto deportivo, social y cultural Equestrian Challengees quiso que esta Pasqual C\u00e1ritas Diocesana de Barcelona recibiera una mona gigante y solidaria.<\/p>\n<p><strong>Los ni\u00f1os y ni\u00f1as que C\u00e1ritas acompa\u00f1a y que participan en proyectos como el Paid\u00f3s de L\u2019Hospitalet han podido disfrutar de la original mona de Pascua<\/strong>.&nbsp;El a\u00f1o pasado, l<strong>os responsables del Real Club de Polo visitaron el centro de la Barceloneta de C\u00e1ritas Diocesana de Barcelona para entregar la mona y para conocer de primera mano los proyectos Paid\u00f3s y del centro abierto, que representan parte de la tarea que llevamos a cabo en el \u00e1mbito de la Infancia<\/strong><strong>. <\/strong><\/p>\n<p>Y es que la situaci\u00f3n econ\u00f3mica actual ha llevado a muchas empresas y entidades p\u00fablicas y privadas a colaborar con C\u00e1ritas y a ser solidarias con las personas que m\u00e1s sufren.<strong>&nbsp;<\/strong>Los ni\u00f1os est\u00e1n entre los m\u00e1s castigados por la crisis y por ello desde C\u00e1ritas empleamos parte de nuestros esfuerzos en ofrecerles recursos para que tengan m\u00e1s oportunidades de futuro. <strong>El Reial Club de Polo es adem\u00e1s un Club amb Cor.<\/strong><\/p>\n","protected":false},"excerpt":{"rendered":"<p>La periodista Pilar Eyre ha entregado esta semana una gran mona de Pascua para todos los ni\u00f1os y ni\u00f1as del proyecto Paid\u00f3s, de prevenci\u00f3n de la pobreza infantil. Desde el Real Club de Polo de Barcelona y el Ayuntamiento de Barcelona, a trav\u00e9s del proyecto deportivo, social y cultural Equestrian Challengees quiso que esta Pasqual [&hellip;]<\/p>\n","protected":false},"author":1,"featured_media":562,"comment_status":"open","ping_status":"open","sticky":false,"template":"","format":"standard","meta":{"footnotes":""},"categories":[22],"tags":[],"autor":[36],"class_list":["post-3104","post","type-post","status-publish","format-standard","has-post-thumbnail","hentry","category-entidades-con-corazon","autor-caritas-diocesana-de-barcelona-es"],"aioseo_notices":[],"_links":{"self":[{"href":"https:\/\/blog.caritas.barcelona\/es\/wp-json\/wp\/v2\/posts\/3104","targetHints":{"allow":["GET"]}}],"collection":[{"href":"https:\/\/blog.caritas.barcelona\/es\/wp-json\/wp\/v2\/posts"}],"about":[{"href":"https:\/\/blog.caritas.barcelona\/es\/wp-json\/wp\/v2\/types\/post"}],"author":[{"embeddable":true,"href":"https:\/\/blog.caritas.barcelona\/es\/wp-json\/wp\/v2\/users\/1"}],"replies":[{"embeddable":true,"href":"https:\/\/blog.caritas.barcelona\/es\/wp-json\/wp\/v2\/comments?post=3104"}],"version-history":[{"count":0,"href":"https:\/\/blog.caritas.barcelona\/es\/wp-json\/wp\/v2\/posts\/3104\/revisions"}],"wp:featuredmedia":[{"embeddable":true,"href":"https:\/\/blog.caritas.barcelona\/es\/wp-json\/wp\/v2\/media\/562"}],"wp:attachment":[{"href":"https:\/\/blog.caritas.barcelona\/es\/wp-json\/wp\/v2\/media?parent=3104"}],"wp:term":[{"taxonomy":"category","embeddable":true,"href":"https:\/\/blog.caritas.barcelona\/es\/wp-json\/wp\/v2\/categories?post=3104"},{"taxonomy":"post_tag","embeddable":true,"href":"https:\/\/blog.caritas.barcelona\/es\/wp-json\/wp\/v2\/tags?post=3104"},{"taxonomy":"autor","embeddable":true,"href":"https:\/\/blog.caritas.barcelona\/es\/wp-json\/wp\/v2\/autor?post=3104"}],"curies":[{"name":"wp","href":"https:\/\/api.w.org\/{rel}","templated":true}]}}