{"id":3100,"date":"2015-03-23T00:00:00","date_gmt":"2015-03-22T23:00:00","guid":{"rendered":"https:\/\/blog.caritas.barcelona\/acogida-y-acompanamiento\/carme-villalba-debemos-conectar-con-la-vulnerabilidad-del-otro-desde-la-propia-vulnerabilidad\/"},"modified":"2015-03-23T00:00:00","modified_gmt":"2015-03-22T23:00:00","slug":"carme-villalba-debemos-conectar-con-la-vulnerabilidad-del-otro-desde-la-propia-vulnerabilidad","status":"publish","type":"post","link":"https:\/\/blog.caritas.barcelona\/es\/voluntariado\/carme-villalba-debemos-conectar-con-la-vulnerabilidad-del-otro-desde-la-propia-vulnerabilidad\/","title":{"rendered":"Carme Villalba: &#8220;Debemos conectar con la vulnerabilidad del otro desde la propia vulnerabilidad&#8221;"},"content":{"rendered":"<p>La sexta charla del Ciclo de reflexiones en torno a la experiencia del voluntariado bajo el t\u00edtulo <strong>&#8220;Acercarnos al otro desde las propias heridas. La relaci\u00f3n de ayuda&#8221;<\/strong>, se hizo de la mano de <strong>Carme Villalba<\/strong>, trabajadora social de C\u00e1ritas, ahora jubilada, con experiencia en el \u00e1mbito del voluntariado y en el acompa\u00f1amiento de personas.<\/p>\n<p>&#8220;Caminando de puntillas sobre tierra sagrada desde la propia vulnerabilidad&#8221;, Villalba comenz\u00f3 su reflexi\u00f3n haciendo referencia a la anterior charla del ciclo impartida por Eduard Sala, responsable de Acci\u00f3n Social de C\u00e1ritas. En las primeras demandas de los usuarios se esconden miedos, sentimientos, frustraciones, etc., de la misma manera que nosotros, y desde aqu\u00ed podemos ayudarles. <strong>Debemos detenernos a pensar en todo lo que llevamos en nuestras mochilas invisibles y desde esta vulnerabilidad podemos conectar con la vulnerabilidad del otro.<\/strong><\/p>\n<p>Carme Villalba explic\u00f3 que a veces los usuarios deben contar su historia, casi siempre dolorosa, a muchos profesionales, personas desconocidas para ellos. Por esta raz\u00f3n, todas aquellas personas deber\u00edan desarrollar su labor a la perfecci\u00f3n, con el objetivo de que cada vez que el usuario cuente su situaci\u00f3n de vulnerabilidad, \u00e9ste se sienta cada vez mejor.<\/p>\n<p>Por esta raz\u00f3n, seg\u00fan Villalba, deber\u00edamos conocer las caracter\u00edsticas del colectivo que acogemos para saber c\u00f3mo nos podremos acercar. Tambi\u00e9n debemos saber que <strong>&#8220;antes de atender debemos entender&#8221;<\/strong>, ya que si entendemos a las personas, cada una con su historia, las podremos atender bien seg\u00fan sus propias necesidades.<\/p>\n<p>Por esta raz\u00f3n, seg\u00fan Villalba, <strong>la escucha activa es primordial<\/strong>. Los cinco sentidos deben estar puestos en la otra persona. Tenemos que intentar superar los obst\u00e1culos que normalmente nos encontramos cuando escuchamos los testimonios de los otros, como intentar no sentir ansiedad, no caer en la superficialidad e ir m\u00e1s all\u00e1 en cada caso, y tampoco caer en la generalizaci\u00f3n ya que lo que sirve para uno, no sirve para otro. Tenemos tendencia a juzgar y debemos entender que cada experiencia vital es diferente. Tambi\u00e9n es importante no ser impacientes y aceptar el ritmo de cada persona. Y por \u00faltimo, tenemos que trabajar para no ser pasivos, es decir, no s\u00f3lo decir que tienen que hacer si no que escuchar cada historia individual y encontrar conjuntamente la mejor manera de salir adelante. <strong>S\u00f3lo somos acompa\u00f1antes de camino de personas que viven un momento de vulnerabilidad.<\/strong><\/p>\n<p>Nosotros podemos ofrecer cuatro bienes fundamentales: bienes materiales, informaci\u00f3n, tiempo y &#8220;caricias positivas&#8221;. Siguiendo la pir\u00e1mide de Maslow, &#8220;todos tenemos las mismas necesidades; necesidades b\u00e1sicas, seguridad, orden en la vida, ser reconocidos y queridos, y sentimiento de trascendencia&#8221;, dice Villalba. <strong>Es muy importante no ver a los usuarios como objetos de atenci\u00f3n de ayuda<\/strong>, no debemos pensar que con alimento ser\u00e1 suficiente, ya que estas personas tambi\u00e9n tienen ilusiones y sue\u00f1os rotos, y eso nos tiene que ayudar a cambiar nuestra mirada.<\/p>\n<p>Seguidamente, Villalba cit\u00f3 las<strong> tres aptitudes primordiales <\/strong>que debemos tener seg\u00fan el psic\u00f3logo-humanista Carl Rogers. En primer lugar, encontramos la <strong>autenticidad<\/strong>, debemos ser coherentes con lo que pensamos, decimos y hacemos. Tenemos que conocernos a nosotros mismos y a partir de ah\u00ed ayudar al otro. En segundo lugar, la <strong>aceptaci\u00f3n incondicional del otro<\/strong>, la persona es como es con sus ilusiones y sus sombras. &#8220;Esto no significa dar la raz\u00f3n en todo&#8221;, aclara Carme. Y por \u00faltimo, <strong>empat\u00eda<\/strong>, la capacidad de ponernos en los zapatos del otro.<\/p>\n<p>Para finalizar la sesi\u00f3n, Villalba habl\u00f3 sobre Quir\u00f3n, personaje de la mitolog\u00eda griega para hacer una met\u00e1fora sobre la relaci\u00f3n de ayuda y destac\u00f3: <strong>&#8220;Donde hay dolor siempre deber\u00eda haber que consuele, y puede consolar aquel que ha experimentado el consuelo\u201d<\/strong>.<\/p>\n","protected":false},"excerpt":{"rendered":"<p>La sexta charla del Ciclo de reflexiones en torno a la experiencia del voluntariado bajo el t\u00edtulo &#8220;Acercarnos al otro desde las propias heridas. La relaci\u00f3n de ayuda&#8221;, se hizo de la mano de Carme Villalba, trabajadora social de C\u00e1ritas, ahora jubilada, con experiencia en el \u00e1mbito del voluntariado y en el acompa\u00f1amiento de personas. [&hellip;]<\/p>\n","protected":false},"author":1,"featured_media":559,"comment_status":"open","ping_status":"open","sticky":false,"template":"","format":"standard","meta":{"footnotes":""},"categories":[23],"tags":[],"autor":[36],"class_list":["post-3100","post","type-post","status-publish","format-standard","has-post-thumbnail","hentry","category-voluntariado","autor-caritas-diocesana-de-barcelona-es"],"aioseo_notices":[],"_links":{"self":[{"href":"https:\/\/blog.caritas.barcelona\/es\/wp-json\/wp\/v2\/posts\/3100","targetHints":{"allow":["GET"]}}],"collection":[{"href":"https:\/\/blog.caritas.barcelona\/es\/wp-json\/wp\/v2\/posts"}],"about":[{"href":"https:\/\/blog.caritas.barcelona\/es\/wp-json\/wp\/v2\/types\/post"}],"author":[{"embeddable":true,"href":"https:\/\/blog.caritas.barcelona\/es\/wp-json\/wp\/v2\/users\/1"}],"replies":[{"embeddable":true,"href":"https:\/\/blog.caritas.barcelona\/es\/wp-json\/wp\/v2\/comments?post=3100"}],"version-history":[{"count":0,"href":"https:\/\/blog.caritas.barcelona\/es\/wp-json\/wp\/v2\/posts\/3100\/revisions"}],"wp:featuredmedia":[{"embeddable":true,"href":"https:\/\/blog.caritas.barcelona\/es\/wp-json\/wp\/v2\/media\/559"}],"wp:attachment":[{"href":"https:\/\/blog.caritas.barcelona\/es\/wp-json\/wp\/v2\/media?parent=3100"}],"wp:term":[{"taxonomy":"category","embeddable":true,"href":"https:\/\/blog.caritas.barcelona\/es\/wp-json\/wp\/v2\/categories?post=3100"},{"taxonomy":"post_tag","embeddable":true,"href":"https:\/\/blog.caritas.barcelona\/es\/wp-json\/wp\/v2\/tags?post=3100"},{"taxonomy":"autor","embeddable":true,"href":"https:\/\/blog.caritas.barcelona\/es\/wp-json\/wp\/v2\/autor?post=3100"}],"curies":[{"name":"wp","href":"https:\/\/api.w.org\/{rel}","templated":true}]}}