{"id":3098,"date":"2015-03-23T00:00:00","date_gmt":"2015-03-22T23:00:00","guid":{"rendered":"https:\/\/blog.caritas.barcelona\/acogida-y-acompanamiento\/campana-irpf-2015-a-la-hora-de-ayudar-multiplicate-por-dos\/"},"modified":"2015-03-23T00:00:00","modified_gmt":"2015-03-22T23:00:00","slug":"campana-irpf-2015-a-la-hora-de-ayudar-multiplicate-por-dos","status":"publish","type":"post","link":"https:\/\/blog.caritas.barcelona\/es\/institucional-es\/campana-irpf-2015-a-la-hora-de-ayudar-multiplicate-por-dos\/","title":{"rendered":"Campa\u00f1a IRPF 2015: &#8220;A la hora de ayudar, multipl\u00edcate por dos&#8221;"},"content":{"rendered":"<p>El pasado mes de noviembre se aprob\u00f3 la reforma fiscal<sup><strong>(*)<\/strong><\/sup> que establece las deducciones por los donativos realizados. Dicha reforma se traduce en <strong>beneficios que afectan muy positivamente a la cantidad que se desgrava <\/strong>en la declaraci\u00f3n de la renta:<\/p>\n<p>1. &nbsp;Este a\u00f1o, los <strong>primeros 150\u20ac<\/strong> donados tendr\u00e1n un <strong>50% de desgravaci\u00f3n y un 75% en 2016,<\/strong> frente al 25% de a\u00f1os anteriores.<\/p>\n<p>2. Aquellas personas que hayan colaborado durante los dos a\u00f1os previos y contin\u00faen haci\u00e9ndolo en 2015, ver\u00e1n reconocida su <strong>fidelidad con un porcentaje mayor<\/strong>.<\/p>\n<p>3. <strong>Aumentan<\/strong> en general, <strong>los porcentajes<\/strong> de deducci\u00f3n por las cantidades donadas y se incentiva la <strong>fidelidad <\/strong>de aquellas personas que donen durante tres a\u00f1os consecutivos a una misma entidad.<\/p>\n<p><strong><em>(*) Modificaci\u00f3n de la Ley 27\/2014 del Impuesto de Sociedades que introduce algunas modificaciones en la Ley 49\/2002, de R\u00e9gimen Fiscal de las Entidades sin Fines Lucrativos y de los Incentivos Fiscales al Mecenazgo<\/em><\/strong><\/p>\n<p><strong><em>&nbsp;<\/em><\/strong><\/p>\n<p><strong><em>FOLLETO DE REFORMA FISCAL<\/em><\/strong><\/p>\n<p><strong><em><\/em><\/strong><\/p>\n<p><strong><em>&nbsp;<\/em><\/strong>Descargar el folleto<\/p>\n<p>&nbsp;Preguntas y respuestas sobre los beneficios de la Reforma Fiscal<\/p>\n<p>&nbsp;<\/p>\n<p><strong>Siete &nbsp;preguntas b\u00e1sicas sobre la asignaci\u00f3n &nbsp;fiscal a trav\u00e9s &nbsp;del &nbsp;1,4% del IRPF:<\/strong>&nbsp;<\/p>\n<p><strong>1. \u00bfDe verdad puedo marcar las dos casillas a la vez?<\/strong> S\u00ed. Se pueden marcar las dos casillas conjuntamente.&nbsp;<\/p>\n<p><strong>2. \u00bfY es cierto que marcando las dos casillas se duplica la ayuda?<\/strong> S\u00ed. Cada casilla marcada genera el 0,7%. Si marcas las dos se destina el 1,4%.&nbsp;<\/p>\n<p><strong>3. \u00bfY a m\u00ed me &nbsp;cuesta algo? <\/strong>No. No te cuesta nada. T\u00fa decides el destino del 1,4% de tus impuestos.&nbsp;<\/p>\n<p><strong>4. \u00bfY si no marco alguna casilla? <\/strong>Hacienda destinar\u00e1 el importe&nbsp; correspondiente a otras partidas de los presupuestos generales del Estado.<\/p>\n<p><strong>5. \u00bfPor qu\u00e9 es bueno marcar la casilla Iglesia Cat\u00f3lica? <\/strong>Porque as\u00ed puedes destinar un porcentaje de tus impuestos a colaborar con las necesidades de la Iglesia.&nbsp;<\/p>\n<p><strong>6. \u00bfPor qu\u00e9 debo marcar tambi\u00e9n la casilla de Fines Sociales?<\/strong> Porque de este modo, un porcentaje de tus impuestos se destina a proyectos sociales en nuestro entorno y en los pa\u00edses m\u00e1s desfavorecidos.&nbsp;<\/p>\n<p><strong>7. \u00bfPercibe C\u00e1ritas de &nbsp;las casillas &nbsp;de &nbsp;Iglesia Cat\u00f3lica y de&nbsp; Fines Sociales? <\/strong>S\u00ed. C\u00e1ritas es parte esencial de la Iglesia Cat\u00f3lica y, adem\u00e1s, como organizaci\u00f3n social recibe fondos de la casilla &nbsp;de Fines Sociales.<\/p>\n","protected":false},"excerpt":{"rendered":"<p>El pasado mes de noviembre se aprob\u00f3 la reforma fiscal(*) que establece las deducciones por los donativos realizados. Dicha reforma se traduce en beneficios que afectan muy positivamente a la cantidad que se desgrava en la declaraci\u00f3n de la renta: 1. &nbsp;Este a\u00f1o, los primeros 150\u20ac donados tendr\u00e1n un 50% de desgravaci\u00f3n y un 75% [&hellip;]<\/p>\n","protected":false},"author":1,"featured_media":549,"comment_status":"open","ping_status":"open","sticky":false,"template":"","format":"standard","meta":{"footnotes":""},"categories":[21],"tags":[],"autor":[36],"class_list":["post-3098","post","type-post","status-publish","format-standard","has-post-thumbnail","hentry","category-institucional-es","autor-caritas-diocesana-de-barcelona-es"],"aioseo_notices":[],"_links":{"self":[{"href":"https:\/\/blog.caritas.barcelona\/es\/wp-json\/wp\/v2\/posts\/3098","targetHints":{"allow":["GET"]}}],"collection":[{"href":"https:\/\/blog.caritas.barcelona\/es\/wp-json\/wp\/v2\/posts"}],"about":[{"href":"https:\/\/blog.caritas.barcelona\/es\/wp-json\/wp\/v2\/types\/post"}],"author":[{"embeddable":true,"href":"https:\/\/blog.caritas.barcelona\/es\/wp-json\/wp\/v2\/users\/1"}],"replies":[{"embeddable":true,"href":"https:\/\/blog.caritas.barcelona\/es\/wp-json\/wp\/v2\/comments?post=3098"}],"version-history":[{"count":0,"href":"https:\/\/blog.caritas.barcelona\/es\/wp-json\/wp\/v2\/posts\/3098\/revisions"}],"wp:featuredmedia":[{"embeddable":true,"href":"https:\/\/blog.caritas.barcelona\/es\/wp-json\/wp\/v2\/media\/549"}],"wp:attachment":[{"href":"https:\/\/blog.caritas.barcelona\/es\/wp-json\/wp\/v2\/media?parent=3098"}],"wp:term":[{"taxonomy":"category","embeddable":true,"href":"https:\/\/blog.caritas.barcelona\/es\/wp-json\/wp\/v2\/categories?post=3098"},{"taxonomy":"post_tag","embeddable":true,"href":"https:\/\/blog.caritas.barcelona\/es\/wp-json\/wp\/v2\/tags?post=3098"},{"taxonomy":"autor","embeddable":true,"href":"https:\/\/blog.caritas.barcelona\/es\/wp-json\/wp\/v2\/autor?post=3098"}],"curies":[{"name":"wp","href":"https:\/\/api.w.org\/{rel}","templated":true}]}}