{"id":3091,"date":"2015-03-09T00:00:00","date_gmt":"2015-03-08T23:00:00","guid":{"rendered":"https:\/\/blog.caritas.barcelona\/acogida-y-acompanamiento\/las-mujeres-con-hijos-y-sin-recursos-las-mas-tocadas-por-la-crisis\/"},"modified":"2015-03-09T00:00:00","modified_gmt":"2015-03-08T23:00:00","slug":"las-mujeres-con-hijos-y-sin-recursos-las-mas-tocadas-por-la-crisis","status":"publish","type":"post","link":"https:\/\/blog.caritas.barcelona\/es\/familia-e-infancia\/las-mujeres-con-hijos-y-sin-recursos-las-mas-tocadas-por-la-crisis\/","title":{"rendered":"Las mujeres con hijos y sin recursos, las m\u00e1s tocadas por la crisis"},"content":{"rendered":"<p><strong>\u201cLa mujer sin red, con hijos y pocos recursos es la que m\u00e1s sufre situaciones de pobreza cr\u00f3nica, es decir, que ha tenido que pedir ayuda durante 4 a\u00f1os o m\u00e1s\u201d.<\/strong> Con estas declaraciones, Salvador Busquets, director de C\u00e1ritas Diocesana de Barcelona, ilustraba la situaci\u00f3n de las familias monoparentales que recurren a la entidad al verse inmersas en situaciones de pobreza. Y lo hac\u00eda en el marco de la presentaci\u00f3n de lo <strong>informe \u201cCrisis, g\u00e9nero y pobreza\u201d, <\/strong>presentado recientemente por las Entidades Catalanas de Acci\u00f3n Social (ECAS).<\/p>\n<p>Por otro lado, el director de C\u00e1ritas Diocesana de Barcelona ha subrayado que <strong>\u201clas mujeres siguen siendo el rostro m\u00e1s visible de la crisis\u201d<\/strong> y ha explicado que el n\u00famero de las que tienen hijos e hijas a su cargo y que se responsabilizan de su crianza sin ning\u00fan apoyo ha aumentado en los \u00faltimos seis a\u00f1os, \u201cpasando de 1.200 el 2009 a 2.060 el 2014\u201d.<\/p>\n<p>Busquets tambi\u00e9n ha puesto sobre la mesa otro dato demoledor: <strong>\u201cDe las 8.200 personas que participan en los proyectos de inserci\u00f3n laboral de C\u00e1ritas Diocesana de Barcelona, un 42% son mujeres\u201d.<\/strong> Estas estad\u00edsticas vienen a ilustrar la precariedad laboral que sufren las mujeres, situaci\u00f3n que pone en evidencia la discriminaci\u00f3n por g\u00e9nero en este \u00e1mbito. En este sentido, el informe pone de manifiesto que se ha incrementado la brecha salarial en el mercado laboral \u2013de un 18,5% el 2009 a un 19,8% el 2011, tendencia inversa a la del conjunto de la Uni\u00f3n Europea. Tambi\u00e9n constata que la precarizaci\u00f3n, si bien es generalizada, castiga especialmente a las mujeres: en un 23,8% tienen jornadas parciales, ante el 7,9% de los hombres.<\/p>\n","protected":false},"excerpt":{"rendered":"<p>\u201cLa mujer sin red, con hijos y pocos recursos es la que m\u00e1s sufre situaciones de pobreza cr\u00f3nica, es decir, que ha tenido que pedir ayuda durante 4 a\u00f1os o m\u00e1s\u201d. Con estas declaraciones, Salvador Busquets, director de C\u00e1ritas Diocesana de Barcelona, ilustraba la situaci\u00f3n de las familias monoparentales que recurren a la entidad al [&hellip;]<\/p>\n","protected":false},"author":1,"featured_media":555,"comment_status":"open","ping_status":"open","sticky":false,"template":"","format":"standard","meta":{"footnotes":""},"categories":[28],"tags":[],"autor":[36],"class_list":["post-3091","post","type-post","status-publish","format-standard","has-post-thumbnail","hentry","category-familia-e-infancia","autor-caritas-diocesana-de-barcelona-es"],"aioseo_notices":[],"_links":{"self":[{"href":"https:\/\/blog.caritas.barcelona\/es\/wp-json\/wp\/v2\/posts\/3091","targetHints":{"allow":["GET"]}}],"collection":[{"href":"https:\/\/blog.caritas.barcelona\/es\/wp-json\/wp\/v2\/posts"}],"about":[{"href":"https:\/\/blog.caritas.barcelona\/es\/wp-json\/wp\/v2\/types\/post"}],"author":[{"embeddable":true,"href":"https:\/\/blog.caritas.barcelona\/es\/wp-json\/wp\/v2\/users\/1"}],"replies":[{"embeddable":true,"href":"https:\/\/blog.caritas.barcelona\/es\/wp-json\/wp\/v2\/comments?post=3091"}],"version-history":[{"count":0,"href":"https:\/\/blog.caritas.barcelona\/es\/wp-json\/wp\/v2\/posts\/3091\/revisions"}],"wp:featuredmedia":[{"embeddable":true,"href":"https:\/\/blog.caritas.barcelona\/es\/wp-json\/wp\/v2\/media\/555"}],"wp:attachment":[{"href":"https:\/\/blog.caritas.barcelona\/es\/wp-json\/wp\/v2\/media?parent=3091"}],"wp:term":[{"taxonomy":"category","embeddable":true,"href":"https:\/\/blog.caritas.barcelona\/es\/wp-json\/wp\/v2\/categories?post=3091"},{"taxonomy":"post_tag","embeddable":true,"href":"https:\/\/blog.caritas.barcelona\/es\/wp-json\/wp\/v2\/tags?post=3091"},{"taxonomy":"autor","embeddable":true,"href":"https:\/\/blog.caritas.barcelona\/es\/wp-json\/wp\/v2\/autor?post=3091"}],"curies":[{"name":"wp","href":"https:\/\/api.w.org\/{rel}","templated":true}]}}