{"id":3088,"date":"2015-02-27T00:00:00","date_gmt":"2015-02-26T23:00:00","guid":{"rendered":"https:\/\/blog.caritas.barcelona\/acogida-y-acompanamiento\/un-video-protagonizado-por-playmovils-explica-el-proyecto-paidos-de-roquetes-y-sensibiliza-sobre-la-pobreza-infantil\/"},"modified":"2015-02-27T00:00:00","modified_gmt":"2015-02-26T23:00:00","slug":"un-video-protagonizado-por-playmovils-explica-el-proyecto-paidos-de-roquetes-y-sensibiliza-sobre-la-pobreza-infantil","status":"publish","type":"post","link":"https:\/\/blog.caritas.barcelona\/es\/familia-e-infancia\/un-video-protagonizado-por-playmovils-explica-el-proyecto-paidos-de-roquetes-y-sensibiliza-sobre-la-pobreza-infantil\/","title":{"rendered":"Un v\u00eddeo protagonizado por playm\u00f3vils explica el proyecto Paid\u00f3s de Roquetes y sensibiliza sobre la pobreza infantil"},"content":{"rendered":"<p><strong>Poder explicar de una forma amena, cercana y visual la atenci\u00f3n socioeducativa que se est\u00e1 llevando a cabo con las familias con ni\u00f1os de los 0 a los 6 a\u00f1os para romper con la espiral de la pobreza es la voluntad del v\u00eddeo que ha elaborado el equipo de Paid\u00f3s Roquetes. <\/strong>El proyecto Paid\u00f3s (Proyecto de Atenci\u00f3n Integral e Integrada de la Pobreza Infantil) es una iniciativa de C\u00e1ritas Diocesana de Barcelona que se est\u00e1 llevando a cabo en diferentes barrios y poblaciones de la ciudad de Barcelona. El objetivo es ofrecer oportunidades de futuro a los ni\u00f1os y ni\u00f1as que viven en situaci\u00f3n de pobreza a trav\u00e9s del fortalecimiento de sus capacidades, el trabajo conjunto con las familias y la colaboraci\u00f3n con otras entidades sociales, como es el caso de la Fundaci\u00f3n Pere Tarr\u00e9s, que es quien gestiona el proyecto en el barrio de Roquetes de Barcelona.<\/p>\n<p>El equipo de Paid\u00f3s Roquetes es el aut\u00e9ntico autor de esta iniciativa. Ellos han ideado el escenario con el perfil del barrio de Roquetes plenamente identificable, los personajes protagonistas, el gui\u00f3n y han producido la voz en <em>off<\/em>. Ellos mismos son quienes mueven los <em>playm\u00f3vils<\/em> que representan a las familias, a trav\u00e9s de los cuales relatan las dificultades, angustias y luchas de las personas que se acompa\u00f1an en los Paid\u00f3s. <strong>A trav\u00e9s de este v\u00eddeo tambi\u00e9n conocemos el recorrido vital de la familia Jim\u00e9nez- Llorens y descubrimos algunas de las dificultades socioecon\u00f3micas y din\u00e1micas relacionales que llevan a estas familias a sufrir una situaci\u00f3n de exclusi\u00f3n social, donde muchas veces los ni\u00f1os son quienes m\u00e1s sufren las consecuencias.<\/strong> El v\u00eddeo tambi\u00e9n muestra como el equipo de Paid\u00f3s Roquetes trabaja para acompa\u00f1ar a estas familias para fomentar su autonom\u00eda y los v\u00ednculos positivos.<\/p>\n<p><strong>El proyecto Paid\u00f3s Roquetes se puso en marcha hace un a\u00f1o y medio y actualmente acoge 16 familias de este barrio de Barcelona.<\/strong> Los ni\u00f1os de las familias que participan tienen entre los 0 y los 6 a\u00f1os. El equipo de personas que trabaja en este centro, junto con profesionales de la Fundaci\u00f3n Pere Tarr\u00e9s y de C\u00e1ritas Diocesana de Barcelona, est\u00e1 formado por una directora, una trabajadora familiar, dos educadores sociales, una psic\u00f3loga y una trabajadora social. Estos profesionales acompa\u00f1an a los ni\u00f1os y a las familias sin interferencias, sin sustituciones, sin paternalismos, en clave positiva, sin hero\u00edsmo, con seguridad, humor, amor y alegr\u00eda, comprendiendo que tanto los ni\u00f1os como los adultos son protagonistas de su historia.<\/p>\n<p>Este v\u00eddeo ha sido realizado por los profesionales de la fundaci\u00f3n Pere Tarr\u00e9s que trabajan en el Paid\u00f3s de Roquetes. Actualmente, existen cinco centros Paid\u00f3s: el Paid\u00f3s Barceloneta, el del Hospitalet, el de Sant Adri\u00e0, el Paid\u00f3s Roquetes y el Paid\u00f3s de Santa Coloma. El proyecto Paid\u00f3s es posible gracias a la tarea de C\u00e1ritas Diocesana de Barcelona, del Ayuntamiento de l&#8217;Hospitalet de Llobregat, del Ayuntamiento de Santo Adri\u00e0 de Bes\u00f3s y del Ayuntamiento de Santa Paloma de Gramanet.<\/p>\n","protected":false},"excerpt":{"rendered":"<p>Poder explicar de una forma amena, cercana y visual la atenci\u00f3n socioeducativa que se est\u00e1 llevando a cabo con las familias con ni\u00f1os de los 0 a los 6 a\u00f1os para romper con la espiral de la pobreza es la voluntad del v\u00eddeo que ha elaborado el equipo de Paid\u00f3s Roquetes. El proyecto Paid\u00f3s (Proyecto [&hellip;]<\/p>\n","protected":false},"author":1,"featured_media":555,"comment_status":"open","ping_status":"open","sticky":false,"template":"","format":"standard","meta":{"footnotes":""},"categories":[28],"tags":[],"autor":[36],"class_list":["post-3088","post","type-post","status-publish","format-standard","has-post-thumbnail","hentry","category-familia-e-infancia","autor-caritas-diocesana-de-barcelona-es"],"aioseo_notices":[],"_links":{"self":[{"href":"https:\/\/blog.caritas.barcelona\/es\/wp-json\/wp\/v2\/posts\/3088","targetHints":{"allow":["GET"]}}],"collection":[{"href":"https:\/\/blog.caritas.barcelona\/es\/wp-json\/wp\/v2\/posts"}],"about":[{"href":"https:\/\/blog.caritas.barcelona\/es\/wp-json\/wp\/v2\/types\/post"}],"author":[{"embeddable":true,"href":"https:\/\/blog.caritas.barcelona\/es\/wp-json\/wp\/v2\/users\/1"}],"replies":[{"embeddable":true,"href":"https:\/\/blog.caritas.barcelona\/es\/wp-json\/wp\/v2\/comments?post=3088"}],"version-history":[{"count":0,"href":"https:\/\/blog.caritas.barcelona\/es\/wp-json\/wp\/v2\/posts\/3088\/revisions"}],"wp:featuredmedia":[{"embeddable":true,"href":"https:\/\/blog.caritas.barcelona\/es\/wp-json\/wp\/v2\/media\/555"}],"wp:attachment":[{"href":"https:\/\/blog.caritas.barcelona\/es\/wp-json\/wp\/v2\/media?parent=3088"}],"wp:term":[{"taxonomy":"category","embeddable":true,"href":"https:\/\/blog.caritas.barcelona\/es\/wp-json\/wp\/v2\/categories?post=3088"},{"taxonomy":"post_tag","embeddable":true,"href":"https:\/\/blog.caritas.barcelona\/es\/wp-json\/wp\/v2\/tags?post=3088"},{"taxonomy":"autor","embeddable":true,"href":"https:\/\/blog.caritas.barcelona\/es\/wp-json\/wp\/v2\/autor?post=3088"}],"curies":[{"name":"wp","href":"https:\/\/api.w.org\/{rel}","templated":true}]}}