{"id":3068,"date":"2015-01-12T00:00:00","date_gmt":"2015-01-11T23:00:00","guid":{"rendered":"https:\/\/blog.caritas.barcelona\/acogida-y-acompanamiento\/caritas-espanola-conmemora-el-5o-aniversario-del-terremoto-de-haiti-inaugurando-un-centro-educativo-para-1-200-alumnos\/"},"modified":"2015-01-12T00:00:00","modified_gmt":"2015-01-11T23:00:00","slug":"caritas-espanola-conmemora-el-5o-aniversario-del-terremoto-de-haiti-inaugurando-un-centro-educativo-para-1-200-alumnos","status":"publish","type":"post","link":"https:\/\/blog.caritas.barcelona\/es\/institucional-es\/caritas-espanola-conmemora-el-5o-aniversario-del-terremoto-de-haiti-inaugurando-un-centro-educativo-para-1-200-alumnos\/","title":{"rendered":"C\u00e1ritas Espa\u00f1ola conmemora el 5\u00ba aniversario del terremoto de Hait\u00ed inaugurando un centro educativo para 1.200 alumnos"},"content":{"rendered":"<ul>\n<li><em>Impartir\u00e1 Educaci\u00f3n Primaria y Formaci\u00f3n Profesional en el barrio de Notre Dame de Altagrace, en Puerto Pr\u00edncipe<\/em><\/li>\n<\/ul>\n<p>Esta ma\u00f1ana, cuando se cumplen justamente cinco a\u00f1os del &nbsp;terremoto &nbsp;en &nbsp;Hait\u00ed, &nbsp;una &nbsp;de &nbsp;las &nbsp;mayores &nbsp;emergencias &nbsp;afrontadas &nbsp;por &nbsp;la &nbsp;red internacional de Caritas a lo largo de su historia, C\u00e1ritas Espa\u00f1ola inaugura en Puerto Pr\u00edncipe, la capital del pa\u00eds un centro de Educaci\u00f3n Primaria y Formaci\u00f3n Profesional con capacidad para 1.200 alumnos.<\/p>\n<p>Este proyecto educativo ha sido posible gracias al apoyo econ\u00f3mico de C\u00e1ritas Espa\u00f1ola y de una agrupaci\u00f3n de colegios de Suecia, que han sumado sus esfuerzos al de los feligreses de Notre Dame de Altagrace, el barrio de Puerto Pr\u00edncipe donde est\u00e1 ubicado este centro, que result\u00f3 gravemente da\u00f1ado tras el se\u00edsmo.<\/p>\n<p>En la inauguraci\u00f3n estar\u00e1 presente <strong>Marie-H\u00e9l\u00e8ne Bellangeon<\/strong>, responsable de Hait\u00ed en el \u00c1rea de Cooperaci\u00f3n Internacional de C\u00e1ritas Espa\u00f1ola, que ha viajado a la isla directamente desde Roma, donde particip\u00f3 el pasado s\u00e1bado en una jornada convocada por el Papa <strong>Francisco <\/strong>para honrar a las v\u00edctimas y damnificados por el terremoto.<\/p>\n<p><strong>Jornada conmemorativa en Roma<\/strong><\/p>\n<p>La jornada, que se celebr\u00f3 bajo el lema \u201cLa Comuni\u00f3n de la Iglesia: memoria y espera para Hait\u00ed a cinco a\u00f1os del terremoto\u201d y que estuvo organizada por el Consejo Pontificio <em>Cor Unum <\/em>y la Pontificia Comisi\u00f3n para Am\u00e9rica Latina, cont\u00f3 con la presencia de monse\u00f1or <strong>Atilano Rodr\u00edguez<\/strong>, obispo de Sig\u00fcenza-Guadalajara y responsable de C\u00e1ritas en el seno de la CEPS (Comisi\u00f3n Episcopal de Pastoral Social); y de <strong>Rafael del R\u00edo <\/strong>y <strong>Sebasti\u00e1n Mora<\/strong>, presidente y secretario general, respectivamente, de C\u00e1ritas Espa\u00f1ola.<\/p>\n<p>El evento comenz\u00f3 con las intervenciones del presidente em\u00e9rito de Cor Unum, cardenal <strong>Robert Sarah<\/strong>, y del presidente de la Comisi\u00f3n Pontificia para Am\u00e9rica Latina, el cardenal <strong>Marc Ouellet<\/strong>, quien asegur\u00f3 que esta jornada brinda \u201cuna mirada de esperanza para realzar todo lo que se est\u00e1 haciendo en pos de la reconstrucci\u00f3n material y espiritual del pa\u00eds, y una mirada de aliento al pueblo haitiano, que sabe ponerse de pie y afrontar con nobleza, dignidad y coraje, con inquebrantable fe en Dios, su vida y su destino\u201d.<\/p>\n<p>Posteriormente, el presidente de la Conferencia Episcopal de Hait\u00ed, cardenal <strong>Chibly Langlois<\/strong>, destac\u00f3 la importancia de la comuni\u00f3n en este proceso, en el que a\u00fan queda por reconstruir, entre otros edificios eclesi\u00e1sticos, la catedral de Puerto Pr\u00edncipe y el Seminario.<\/p>\n<p><strong>Siempre al lado de los haitianos<\/strong><\/p>\n<p>Cuando el terremoto golpe\u00f3 a Hait\u00ed en enero de 2010, la Iglesia y la red C\u00e1ritas, que ya estaban comprometidos en la isla con los derechos de los m\u00e1s vulnerables, intensificaron sus esfuerzos para responder a la emergencia. Lo hicieron en los primeros momentos tras el se\u00edsmo, cuando los esfuerzos se centraron en llevar ayudar urgente a los afectados, y procurarles refugio, alimentos, agua, asistencia m\u00e9dica y otros servicios y art\u00edculos de primera necesidad; y lo hicieron en los meses y a\u00f1os posteriores, colaborando en las tareas de reconstrucci\u00f3n y rehabilitaci\u00f3n que todav\u00eda siguen en curso.<\/p>\n<p>En estos cinco a\u00f1os, se han llevado a cabo en Hait\u00ed m\u00e1s de 30 proyectos de emergencia, rehabilitaci\u00f3n y desarrollo, financiados por 12 C\u00e1ritas de la Confederaci\u00f3n internacional, entre ellas, C\u00e1ritas Espa\u00f1ola. Se ha trabajado en los \u00e1mbitos de alimentaci\u00f3n, agua y saneamiento, salud, educaci\u00f3n, vivienda, empleo y capacitaci\u00f3n laboral. Pero sigue siendo necesario mejorar mucho m\u00e1s el acceso de los haitianos a estos recursos y servicios para erradicar las causas de la pobreza y encontrar el camino hacia el verdadero desarrollo. Adem\u00e1s, el trabajo de reconstrucci\u00f3n contin\u00faa y miles de haitianos siguen sin casa.<\/p>\n<p>Cinco a\u00f1os despu\u00e9s del se\u00edsmo, C\u00e1ritas permanece en la isla, al lado de los colectivos m\u00e1s vulnerables \u2013ancianos, ni\u00f1os, enfermos, personas con discapacidad\u2013 y ayudando a construir un futuro mejor. Porque Hait\u00ed sigue siendo el Estado m\u00e1s pobre de Am\u00e9rica Latina y necesitando el impulso de nuestra cooperaci\u00f3n fraterna.&nbsp;<\/p>\n<p><strong>Prioridades de C\u00e1ritas Espa\u00f1ola en Hait\u00ed<\/strong><\/p>\n<p>Por su parte, en declaraciones a Radio Vaticano, el secretario general de C\u00e1ritas Espa\u00f1ola, Sebasti\u00e1n Mora, explic\u00f3 las prioridades impulsadas a lo largo de estos cinco a\u00f1os en Hait\u00ed y que seguir\u00e1n impulsando. \u201cLa primera \u2013dijo&#8211; es la emergencia social: esa cantidad de personas que no tienen asegurado el sustento d\u00eda a d\u00eda en Hait\u00ed\u2026 Tenemos que seguir atentos a la atenci\u00f3n de las necesidades b\u00e1sicas de las personas. Y en segundo lugar, estamos potenciando mucho el trabajo educativo, creemos que el futuro de&nbsp; un&nbsp; pa\u00eds&nbsp; se&nbsp; construye&nbsp; desde&nbsp; la&nbsp; educaci\u00f3n, &nbsp;en&nbsp; valores, &nbsp;de&nbsp; calidad&nbsp; para&nbsp; que&nbsp; las personas puedan aprender y construir un pa\u00eds en el futuro\u201d.<\/p>\n","protected":false},"excerpt":{"rendered":"<p>Impartir\u00e1 Educaci\u00f3n Primaria y Formaci\u00f3n Profesional en el barrio de Notre Dame de Altagrace, en Puerto Pr\u00edncipe Esta ma\u00f1ana, cuando se cumplen justamente cinco a\u00f1os del &nbsp;terremoto &nbsp;en &nbsp;Hait\u00ed, &nbsp;una &nbsp;de &nbsp;las &nbsp;mayores &nbsp;emergencias &nbsp;afrontadas &nbsp;por &nbsp;la &nbsp;red internacional de Caritas a lo largo de su historia, C\u00e1ritas Espa\u00f1ola inaugura en Puerto Pr\u00edncipe, la capital [&hellip;]<\/p>\n","protected":false},"author":1,"featured_media":549,"comment_status":"open","ping_status":"open","sticky":false,"template":"","format":"standard","meta":{"footnotes":""},"categories":[21],"tags":[],"autor":[36],"class_list":["post-3068","post","type-post","status-publish","format-standard","has-post-thumbnail","hentry","category-institucional-es","autor-caritas-diocesana-de-barcelona-es"],"aioseo_notices":[],"_links":{"self":[{"href":"https:\/\/blog.caritas.barcelona\/es\/wp-json\/wp\/v2\/posts\/3068","targetHints":{"allow":["GET"]}}],"collection":[{"href":"https:\/\/blog.caritas.barcelona\/es\/wp-json\/wp\/v2\/posts"}],"about":[{"href":"https:\/\/blog.caritas.barcelona\/es\/wp-json\/wp\/v2\/types\/post"}],"author":[{"embeddable":true,"href":"https:\/\/blog.caritas.barcelona\/es\/wp-json\/wp\/v2\/users\/1"}],"replies":[{"embeddable":true,"href":"https:\/\/blog.caritas.barcelona\/es\/wp-json\/wp\/v2\/comments?post=3068"}],"version-history":[{"count":0,"href":"https:\/\/blog.caritas.barcelona\/es\/wp-json\/wp\/v2\/posts\/3068\/revisions"}],"wp:featuredmedia":[{"embeddable":true,"href":"https:\/\/blog.caritas.barcelona\/es\/wp-json\/wp\/v2\/media\/549"}],"wp:attachment":[{"href":"https:\/\/blog.caritas.barcelona\/es\/wp-json\/wp\/v2\/media?parent=3068"}],"wp:term":[{"taxonomy":"category","embeddable":true,"href":"https:\/\/blog.caritas.barcelona\/es\/wp-json\/wp\/v2\/categories?post=3068"},{"taxonomy":"post_tag","embeddable":true,"href":"https:\/\/blog.caritas.barcelona\/es\/wp-json\/wp\/v2\/tags?post=3068"},{"taxonomy":"autor","embeddable":true,"href":"https:\/\/blog.caritas.barcelona\/es\/wp-json\/wp\/v2\/autor?post=3068"}],"curies":[{"name":"wp","href":"https:\/\/api.w.org\/{rel}","templated":true}]}}