{"id":16287,"date":"2026-04-29T11:10:12","date_gmt":"2026-04-29T09:10:12","guid":{"rendered":"https:\/\/blog.caritas.barcelona\/?p=16287"},"modified":"2026-04-29T13:14:24","modified_gmt":"2026-04-29T11:14:24","slug":"el-proyecto-folre-de-badalona-anuncia-su-voluntad-de-crecer-para-llegar-a-mas-gente-en-situacion-de-sin-hogar","status":"publish","type":"post","link":"https:\/\/blog.caritas.barcelona\/es\/sin-hogar-y-vivienda\/el-proyecto-folre-de-badalona-anuncia-su-voluntad-de-crecer-para-llegar-a-mas-gente-en-situacion-de-sin-hogar\/","title":{"rendered":"El proyecto Folre de Badalona anuncia su voluntad de crecer para llegar a m\u00e1s gente en situaci\u00f3n de sin hogar"},"content":{"rendered":"<p>Con motivo de su 30 aniversario, el centro de d\u00eda Folre alerta de la necesidad de ampliar servicios para hacer frente al sinhogarismo en Badalona<\/p>\n<p><img loading=\"lazy\" decoding=\"async\" class=\"wp-image-16274 size-full aligncenter\" src=\"https:\/\/blog.caritas.barcelona\/wp-content\/uploads\/sites\/2\/2026\/04\/20260428_ANIVERSARI_FOLRE_30_ANYS_BADALONA-73-e1777453349709.jpg\" alt=\"\" width=\"768\" height=\"512\" \/><\/p>\n<p>El centro de d\u00eda Folre celebra este a\u00f1o su 30 aniversario como referente en la acogida y el acompa\u00f1amiento de personas en situaci\u00f3n de sinhogarismo en Badalona. A pesar de su trayectoria consolidada, el proyecto afronta hoy un reto importante: dar respuesta a una demanda creciente de personas en situaci\u00f3n de sinhogarismo. <strong>Desde el Programa de Inclusi\u00f3n Bisbe Carrera existe la voluntad de acompa\u00f1ar a m\u00e1s personas y ampliar la respuesta del proyecto, siempre con el apoyo y la cooperaci\u00f3n de las administraciones p\u00fablicas.<\/strong><\/p>\n<p>Impulsado en alianza por la Fundaci\u00f3n Privada Llegat Roca i Pi, la Orden Hospitalaria de San Juan de Dios y C\u00e1ritas Diocesana de Barcelona, <strong>Folre ofrece un espacio digno, seguro y de descanso donde las personas pueden cubrir las necesidades b\u00e1sicas e iniciar procesos de recuperaci\u00f3n personal y de autonom\u00eda.<\/strong><\/p>\n<p><strong>Actualmente, el centro atiende a una media de 40 personas cada d\u00eda, sin un tiempo m\u00e1ximo de estancia, ya que cada persona sigue su propio proceso, que habitualmente se alarga alrededor de un a\u00f1o. Durante 2025, hasta 250 personas han pasado por el proyecto, una cifra que convive con listas de espera y pone de manifiesto la necesidad de reforzar la atenci\u00f3n al sinhogarismo en la ciudad.<\/strong><\/p>\n<p><img loading=\"lazy\" decoding=\"async\" class=\"wp-image-16278 size-full aligncenter\" src=\"https:\/\/blog.caritas.barcelona\/wp-content\/uploads\/sites\/2\/2026\/04\/20260428_ANIVERSARI_FOLRE_30_ANYS_BADALONA-27-e1777453428837.jpg\" alt=\"\" width=\"768\" height=\"512\" \/><\/p>\n<p>El centro dispone de una sala polivalente que favorece la convivencia, servicio de desayuno, duchas, lavander\u00eda, ropero, consigna para guardar pertenencias o cargar el tel\u00e9fono m\u00f3vil, as\u00ed como un espacio de informaci\u00f3n y asesoramiento social. Todo ello con el objetivo de que las personas dispongan de un lugar seguro donde sentirse escuchadas y respetadas.<\/p>\n<p>Tal como explica Mar Alsamora, responsable de Acci\u00f3n Social de la Fundaci\u00f3n Roca i Pi, \u201cen Folre ponemos a las personas en el centro, adaptando el acompa\u00f1amiento al momento vital y al ritmo de cada persona. No trabajamos con itinerarios cerrados, sino con procesos que respetan la singularidad de cada persona\u201d. Alsamora ha subrayado que <strong>\u201cFolre no es solo un espacio donde cubrir necesidades b\u00e1sicas, sino una puerta de entrada a procesos de recuperaci\u00f3n personal, autonom\u00eda y reconstrucci\u00f3n de v\u00ednculos sociales\u201d<\/strong>.<\/p>\n<p>Seguidamente, Salvador Maneu, director de San Juan de Dios Servicios Sociales Barcelona, ha afirmado que <strong>\u201cFolre es un legado colectivo, un proyecto que ha calado hondo y que quiere ser de la ciudad de Badalona y para la gente de Badalona\u201d<\/strong>. Maneu ha destacado que el centro es fruto de una alianza c\u00edvica, eclesial y p\u00fablico-social, y ha remarcado que <strong>es una respuesta para las personas que atraviesan momentos dif\u00edciles. \u201cFolre es dignidad\u201d<\/strong>, ha dicho.<\/p>\n<p><img loading=\"lazy\" decoding=\"async\" class=\"wp-image-16276 size-full aligncenter\" src=\"https:\/\/blog.caritas.barcelona\/wp-content\/uploads\/sites\/2\/2026\/04\/20260428_ANIVERSARI_FOLRE_30_ANYS_BADALONA-42-e1777453386756.jpg\" alt=\"\" width=\"768\" height=\"512\" \/><\/p>\n<p>Durante el acto conmemorativo del 30 aniversario, los asistentes han podido visitar el centro guiados por Eduard Rafel, director del Programa de Inclusi\u00f3n Bisbe Carrera. <strong>A la visita se han sumado Eva Guill\u00e9n, quinta teniente de alcald\u00eda del Ayuntamiento de Badalona, y M\u00f2nica Mart\u00ednez Bravo, consejera de Derechos Sociales e Inclusi\u00f3n de la Generalitat de Catalunya.<\/strong><\/p>\n<p>Guill\u00e9n ha querido poner en valor los treinta a\u00f1os del proyecto Folre, destacando que ha sido y es un pilar de la dignidad humana. <strong>\u201cQueremos que este proyecto contin\u00fae siendo un referente, y nos sumamos a esta necesidad de ampliar el proyecto para acompa\u00f1ar y ofrecer oportunidades a m\u00e1s personas de Badalona\u201d<\/strong>, ha afirmado.<\/p>\n<p>La consejera Mart\u00ednez Bravo tambi\u00e9n ha dado apoyo a la ampliaci\u00f3n del proyecto, indicando que <strong>cuando hay movimientos que quieren deshumanizar a las personas, hay que aferrarse a la esperanza<\/strong>, ya que todos y todas somos seres humanos. <strong>\u201cEs un orgullo tener proyectos como estos en Badalona, en Catalunya. Es necesario que la pol\u00edtica reivindique que toda vida es necesaria, apostar por una pol\u00edtica humana y humanista\u201d<\/strong>, ha defendido.<\/p>\n<p><img loading=\"lazy\" decoding=\"async\" class=\"wp-image-16280 size-full aligncenter\" src=\"https:\/\/blog.caritas.barcelona\/wp-content\/uploads\/sites\/2\/2026\/04\/20260428_ANIVERSARI_FOLRE_30_ANYS_BADALONA-25-e1777453485728.jpg\" alt=\"\" width=\"768\" height=\"512\" \/><\/p>\n<p><strong>Un proyecto con ra\u00edces comunitarias<\/strong><\/p>\n<p>Folre naci\u00f3 hace 30 a\u00f1os a partir del impulso de un grupo de j\u00f3venes voluntarios de la Parroquia de Sant Josep de Badalona que quer\u00edan ofrecer una respuesta a las personas que dorm\u00edan en la calle. En sus inicios, el proyecto funcionaba en una peque\u00f1a estancia parroquial, y una de las primeras acciones fue el reparto de bocadillos.<\/p>\n<p><strong>\u201c\u00c9ramos seis j\u00f3venes de cuatro parroquias de Badalona, con mucha ilusi\u00f3n y una voluntad de ayudar totalmente altruista\u201d<\/strong>, ha recordado Xavier Oncins, consejero de C\u00e1ritas Diocesana de Barcelona y uno de los impulsores del proyecto. Oncins ha explicado que el nombre Folre se escogi\u00f3 porque, como en un <em>castell<\/em>, es la pi\u00f1a que refuerza y permite que la torre suba hasta tocar el cielo. <strong>\u201cEsta es la esencia del centro: sostener a las personas para que puedan reconstruir su vida\u201d.<\/strong><\/p>\n<p><img loading=\"lazy\" decoding=\"async\" class=\"wp-image-16292 size-full aligncenter\" src=\"https:\/\/blog.caritas.barcelona\/wp-content\/uploads\/sites\/2\/2026\/04\/20260428_ANIVERSARI_FOLRE_30_ANYS_BADALONA-106-e1777461248238.jpg\" alt=\"\" width=\"768\" height=\"512\" \/><\/p>\n<p><strong>Trabajo en red y mirada de futuro<\/strong><\/p>\n<p>A pesar de su consolidaci\u00f3n, Folre se encuentra hoy con listas de espera que evidencian la necesidad de ampliar recursos y reforzar la respuesta al sinhogarismo en la ciudad. <strong>\u201cTenemos la voluntad de hacer crecer el proyecto y llegar a m\u00e1s personas, pero es necesario hacerlo con la complicidad, el apoyo y la cooperaci\u00f3n del Ayuntamiento y la Generalitat\u201d, ha afirmado Maneu.<\/strong><\/p>\n<p><strong>Treinta a\u00f1os despu\u00e9s, Folre contin\u00faa siendo una pieza clave de la red social de Badalona, un espacio de apoyo y transformaci\u00f3n que permite a muchas personas sin hogar recuperar derechos, recuperar fuerzas y volver a empezar.<\/strong><\/p>\n","protected":false},"excerpt":{"rendered":"<p>Con motivo de su 30 aniversario, el centro de d\u00eda Folre alerta de la necesidad de ampliar servicios para hacer frente al sinhogarismo en Badalona El centro de d\u00eda Folre celebra este a\u00f1o su 30 aniversario como referente en la acogida y el acompa\u00f1amiento de personas en situaci\u00f3n de sinhogarismo en Badalona. A pesar de [&hellip;]<\/p>\n","protected":false},"author":4,"featured_media":16275,"comment_status":"closed","ping_status":"closed","sticky":false,"template":"","format":"standard","meta":{"footnotes":""},"categories":[24],"tags":[],"autor":[36],"class_list":["post-16287","post","type-post","status-publish","format-standard","has-post-thumbnail","hentry","category-sin-hogar-y-vivienda","autor-caritas-diocesana-de-barcelona-es"],"aioseo_notices":[],"_links":{"self":[{"href":"https:\/\/blog.caritas.barcelona\/es\/wp-json\/wp\/v2\/posts\/16287","targetHints":{"allow":["GET"]}}],"collection":[{"href":"https:\/\/blog.caritas.barcelona\/es\/wp-json\/wp\/v2\/posts"}],"about":[{"href":"https:\/\/blog.caritas.barcelona\/es\/wp-json\/wp\/v2\/types\/post"}],"author":[{"embeddable":true,"href":"https:\/\/blog.caritas.barcelona\/es\/wp-json\/wp\/v2\/users\/4"}],"replies":[{"embeddable":true,"href":"https:\/\/blog.caritas.barcelona\/es\/wp-json\/wp\/v2\/comments?post=16287"}],"version-history":[{"count":3,"href":"https:\/\/blog.caritas.barcelona\/es\/wp-json\/wp\/v2\/posts\/16287\/revisions"}],"predecessor-version":[{"id":16295,"href":"https:\/\/blog.caritas.barcelona\/es\/wp-json\/wp\/v2\/posts\/16287\/revisions\/16295"}],"wp:featuredmedia":[{"embeddable":true,"href":"https:\/\/blog.caritas.barcelona\/es\/wp-json\/wp\/v2\/media\/16275"}],"wp:attachment":[{"href":"https:\/\/blog.caritas.barcelona\/es\/wp-json\/wp\/v2\/media?parent=16287"}],"wp:term":[{"taxonomy":"category","embeddable":true,"href":"https:\/\/blog.caritas.barcelona\/es\/wp-json\/wp\/v2\/categories?post=16287"},{"taxonomy":"post_tag","embeddable":true,"href":"https:\/\/blog.caritas.barcelona\/es\/wp-json\/wp\/v2\/tags?post=16287"},{"taxonomy":"autor","embeddable":true,"href":"https:\/\/blog.caritas.barcelona\/es\/wp-json\/wp\/v2\/autor?post=16287"}],"curies":[{"name":"wp","href":"https:\/\/api.w.org\/{rel}","templated":true}]}}