{"id":16117,"date":"2026-03-16T09:00:53","date_gmt":"2026-03-16T08:00:53","guid":{"rendered":"https:\/\/blog.caritas.barcelona\/?p=16117"},"modified":"2026-03-16T09:28:21","modified_gmt":"2026-03-16T08:28:21","slug":"combatir-la-pobreza-es-tarea-de-todos","status":"publish","type":"post","link":"https:\/\/blog.caritas.barcelona\/es\/opinion\/combatir-la-pobreza-es-tarea-de-todos\/","title":{"rendered":"Combatir la pobreza es tarea de todos"},"content":{"rendered":"<p><span style=\"font-weight: 400\">La exclusi\u00f3n social no es solo falta de dinero, sino una suma de desigualdades que se van acumulando y exigen una respuesta colectiva<\/span><\/p>\n<p><img loading=\"lazy\" decoding=\"async\" class=\"wp-image-16132 size-full aligncenter\" src=\"https:\/\/blog.caritas.barcelona\/wp-content\/uploads\/sites\/2\/2026\/03\/20181211_INFORME_HABITATGE_@CARITAS_DIOCESANA_DE_BARCELONA_MINGO_VENERO-14-scaled-e1773649566479.jpg\" alt=\"\" width=\"768\" height=\"512\" \/><\/p>\n<p><span style=\"font-weight: 400\">Cuando hablamos de pobreza y exclusi\u00f3n social en nuestro pa\u00eds, no debemos hacerlo desde la teor\u00eda, sino desde lo que vemos cada d\u00eda. La realidad que tenemos en Catalu\u00f1a es m\u00e1s dura de lo que a menudo nos muestran las cifras, y una de las cosas que m\u00e1s deber\u00eda preocuparnos es que, poco a poco, estamos normalizando la precariedad. Nos estamos acostumbrando a o\u00edr que es normal no llegar a fin de mes, sufrir para pagar el alquiler o vivir con una incertidumbre constante.<\/span><\/p>\n<p><span style=\"font-weight: 400\">El estudio FOESSA m\u00e1s reciente sobre pobreza y exclusi\u00f3n social ayuda a entender esta realidad con profundidad. No se limita solo a datos econ\u00f3micos, sino que analiza, a partir de 37 indicadores, la realidad de las personas que sufren en \u00e1mbitos como la vivienda, la salud, el trabajo, la educaci\u00f3n o las relaciones sociales. Esto es importante porque <\/span><b>la pobreza no es \u00fanicamente no tener dinero. Es una acumulaci\u00f3n de dificultades que se entrelazan y acaban atrapando a las personas.<\/b><\/p>\n<p><span style=\"font-weight: 400\">Una de las cosas que vemos es que cada vez hay menos gente plenamente integrada. Al mismo tiempo, tampoco crece tanto la pobreza extrema, sino que aumenta sobre todo la poblaci\u00f3n que vive en una situaci\u00f3n fr\u00e1gil. Eso es lo que m\u00e1s se est\u00e1 extendiendo: una precariedad convertida en una forma de vida habitual.<\/span><\/p>\n<p><span style=\"font-weight: 400\">Ante esto, existe el mito de que<\/span><b> las personas pobres no se esfuerzan. Eso es falso.<\/b><span style=\"font-weight: 400\"> Las personas que viven en precariedad hacen todo lo que pueden para salir adelante, pero las condiciones no se lo ponen f\u00e1cil. Cuando alguien vive con miedo, con inseguridad y con incertidumbre constante, es muy dif\u00edcil avanzar.<\/span><\/p>\n<p><img loading=\"lazy\" decoding=\"async\" class=\"aligncenter wp-image-16115 size-full\" src=\"https:\/\/blog.caritas.barcelona\/wp-content\/uploads\/sites\/2\/2026\/03\/20200217_INFORME_MIGRACIO_@MINGO_VENERO-10-scaled-e1773060173879.jpg\" alt=\"\" width=\"768\" height=\"512\" \/><\/p>\n<p><span style=\"font-weight: 400\">Esta inseguridad tambi\u00e9n tiene consecuencias sociales. Cuando mucha gente se siente angustiada, es m\u00e1s f\u00e1cil que busque respuestas simples y culpables f\u00e1ciles. Y, a menudo, los primeros se\u00f1alados son las personas que acaban de llegar. Pero la realidad es que las personas inmigrantes son, precisamente, quienes sufren con mayor intensidad todos los factores de exclusi\u00f3n: tienen menos derechos, m\u00e1s precariedad laboral, m\u00e1s dificultades para acceder a una vivienda y menos protecci\u00f3n social.<\/span><\/p>\n<p><b>Si hay un problema que destaca por encima de todos, es la vivienda. Es, sin duda, el principal factor de exclusi\u00f3n hoy en d\u00eda.<\/b><span style=\"font-weight: 400\"> El coste del alquiler hace que muchas personas vivan en habitaciones, en viviendas inseguras o en situaciones de infravivienda. Esto no es solo una cuesti\u00f3n econ\u00f3mica, sino tambi\u00e9n vivir permanentemente con ansiedad, sin sentir que tienes un hogar.<\/span><\/p>\n<p><span style=\"font-weight: 400\">Tambi\u00e9n vivimos un cambio muy preocupante:<\/span><b> la pobreza afecta cada vez m\u00e1s a los ni\u00f1os y a los j\u00f3venes<\/b><span style=\"font-weight: 400\">. Los j\u00f3venes tienen enormes dificultades para emanciparse, para tener estabilidad laboral y para construir un proyecto de vida. Y los ni\u00f1os son el colectivo con mayor riesgo de pobreza. En cambio, las personas mayores est\u00e1n m\u00e1s protegidas gracias a las pensiones y al hecho de que muchos tienen la vivienda pagada.<\/span><\/p>\n<p><span style=\"font-weight: 400\">Otro factor clave, y a menudo olvidado, son los v\u00ednculos sociales. No estar solo es uno de los mejores protectores contra la exclusi\u00f3n. Tener a alguien que escuche, que acompa\u00f1e o que apoye puede marcar la diferencia entre caer en una situaci\u00f3n extrema o poder resistir.<\/span><\/p>\n<p><img loading=\"lazy\" decoding=\"async\" class=\"aligncenter wp-image-16113 size-full\" src=\"https:\/\/blog.caritas.barcelona\/wp-content\/uploads\/sites\/2\/2026\/03\/20200217_INFORME_MIGRACIO_@MINGO_VENERO-21-scaled-e1773060221579.jpg\" alt=\"\" width=\"768\" height=\"512\" \/><\/p>\n<p><span style=\"font-weight: 400\">A pesar de todo, tambi\u00e9n hay motivos para la esperanza. Cuando las personas se conocen y se relacionan, el miedo desaparece. <\/span><b>Cuando dejamos de ver \u201ca otros\u201d y empezamos a ver personas concretas, cambia la mirada.<\/b><span style=\"font-weight: 400\"> Y eso demuestra que la confianza, la solidaridad y el acompa\u00f1amiento pueden transformar realidades y deben estar siempre presentes.<\/span><\/p>\n<p><span style=\"font-weight: 400\">Por esta raz\u00f3n, el mayor reto que tenemos no es solo econ\u00f3mico o pol\u00edtico, sino tambi\u00e9n social y humano. Debemos luchar contra el miedo, contra la desconfianza y contra el aislamiento. Debemos defender pol\u00edticas que protejan especialmente a la infancia y a la vivienda. Y, sobre todo, debemos recordar que detr\u00e1s de cada dato hay personas con historias de sufrimiento.<\/span><\/p>\n","protected":false},"excerpt":{"rendered":"<p>La exclusi\u00f3n social no es solo falta de dinero, sino una suma de desigualdades que se van acumulando y exigen una respuesta colectiva Cuando hablamos de pobreza y exclusi\u00f3n social en nuestro pa\u00eds, no debemos hacerlo desde la teor\u00eda, sino desde lo que vemos cada d\u00eda. La realidad que tenemos en Catalu\u00f1a es m\u00e1s dura [&hellip;]<\/p>\n","protected":false},"author":4,"featured_media":16132,"comment_status":"closed","ping_status":"closed","sticky":false,"template":"","format":"standard","meta":{"footnotes":""},"categories":[19],"tags":[],"autor":[2339],"class_list":["post-16117","post","type-post","status-publish","format-standard","has-post-thumbnail","hentry","category-opinion","autor-merce-darnell"],"aioseo_notices":[],"_links":{"self":[{"href":"https:\/\/blog.caritas.barcelona\/es\/wp-json\/wp\/v2\/posts\/16117","targetHints":{"allow":["GET"]}}],"collection":[{"href":"https:\/\/blog.caritas.barcelona\/es\/wp-json\/wp\/v2\/posts"}],"about":[{"href":"https:\/\/blog.caritas.barcelona\/es\/wp-json\/wp\/v2\/types\/post"}],"author":[{"embeddable":true,"href":"https:\/\/blog.caritas.barcelona\/es\/wp-json\/wp\/v2\/users\/4"}],"replies":[{"embeddable":true,"href":"https:\/\/blog.caritas.barcelona\/es\/wp-json\/wp\/v2\/comments?post=16117"}],"version-history":[{"count":3,"href":"https:\/\/blog.caritas.barcelona\/es\/wp-json\/wp\/v2\/posts\/16117\/revisions"}],"predecessor-version":[{"id":16135,"href":"https:\/\/blog.caritas.barcelona\/es\/wp-json\/wp\/v2\/posts\/16117\/revisions\/16135"}],"wp:featuredmedia":[{"embeddable":true,"href":"https:\/\/blog.caritas.barcelona\/es\/wp-json\/wp\/v2\/media\/16132"}],"wp:attachment":[{"href":"https:\/\/blog.caritas.barcelona\/es\/wp-json\/wp\/v2\/media?parent=16117"}],"wp:term":[{"taxonomy":"category","embeddable":true,"href":"https:\/\/blog.caritas.barcelona\/es\/wp-json\/wp\/v2\/categories?post=16117"},{"taxonomy":"post_tag","embeddable":true,"href":"https:\/\/blog.caritas.barcelona\/es\/wp-json\/wp\/v2\/tags?post=16117"},{"taxonomy":"autor","embeddable":true,"href":"https:\/\/blog.caritas.barcelona\/es\/wp-json\/wp\/v2\/autor?post=16117"}],"curies":[{"name":"wp","href":"https:\/\/api.w.org\/{rel}","templated":true}]}}