{"id":15857,"date":"2026-01-26T09:00:06","date_gmt":"2026-01-26T08:00:06","guid":{"rendered":"https:\/\/blog.caritas.barcelona\/?p=15857"},"modified":"2026-01-27T09:32:26","modified_gmt":"2026-01-27T08:32:26","slug":"acoger-para-abrir-caminos","status":"publish","type":"post","link":"https:\/\/blog.caritas.barcelona\/es\/voluntariado\/acoger-para-abrir-caminos\/","title":{"rendered":"Acoger para abrir caminos"},"content":{"rendered":"<p>Desde hace m\u00e1s de siete a\u00f1os, Montserrat es voluntaria de C\u00e1ritas Diocesana de Barcelona y acoge a personas migrantes en su casa, una decisi\u00f3n que ha marcado su d\u00eda a d\u00eda y su manera de entender el voluntariado<\/p>\n<p><img loading=\"lazy\" decoding=\"async\" class=\"aligncenter wp-image-15855 size-full\" src=\"https:\/\/blog.caritas.barcelona\/wp-content\/uploads\/sites\/2\/2026\/01\/2023-08-01-nen-hondureny-i-noia-senegalesa-1-e1768214766766.jpg\" alt=\"\" width=\"768\" height=\"576\" \/><\/p>\n<p data-start=\"358\" data-end=\"986\">Cuando Montserrat Lluveras decidi\u00f3 abrir la puerta de su casa a personas migrantes, no buscaba compa\u00f1\u00eda ni una experiencia puntual. \u201cYo no quiero tener a una persona siempre aqu\u00ed. No es eso. <strong>Quieres ayudar, abrir un camino, y luego el trayecto lo tienen que hacer ellos<\/strong>\u201d, explica. Se jubil\u00f3 en 2015 tras una larga carrera profesional como qu\u00edmica. Ese momento de cambio la empuj\u00f3 a implicarse en proyectos sociales. <strong>\u201cAl principio lo pensaba para m\u00ed, necesitaba hacer un voluntariado, sentirme \u00fatil. Pero cuando conoces a las personas, sus problemas, ya no lo haces por ti, lo haces para que esa persona tire adelante\u201d<\/strong>, detalla.<\/p>\n<p data-start=\"988\" data-end=\"1359\">Acoger a personas migrantes no es una decisi\u00f3n improvisada. Montserrat lo tiene claro: \u201cYo no abro la puerta y digo entra al primero que pasa. Tiene que haber una entidad detr\u00e1s, una estructura que acompa\u00f1e\u201d. En este sentido, <strong>el papel de Migrastudium y tambi\u00e9n de C\u00e1ritas ha sido esencial en la orientaci\u00f3n, la derivaci\u00f3n de casos y el seguimiento, especialmente en situaciones de urgencia<\/strong>.<\/p>\n<p data-start=\"1361\" data-end=\"1607\">Las acogidas son temporales y forman parte de un proceso m\u00e1s amplio de acompa\u00f1amiento hacia la autonom\u00eda. <strong>\u201cEs el primer paso. No se trata de que se queden aqu\u00ed, sino de que puedan estudiar, disponer de los papeles, encontrar trabajo y continuar\u201d<\/strong>, explica.<\/p>\n<p data-start=\"1609\" data-end=\"1970\">A lo largo de los a\u00f1os, Montserrat ha acogido a diversas personas procedentes de pa\u00edses como Honduras, Per\u00fa, India o Nigeria. No todas las vivencias han sido f\u00e1ciles, pero todas han sido significativas. \u201cLa gente joven tiene muchas ganas de salir adelante, de adaptarse, de aprender el idioma. Con la gente mayor, a veces, cuesta m\u00e1s estabilizarse\u201d, reflexiona.<\/p>\n<p data-start=\"1972\" data-end=\"2289\">A pesar de las tensiones puntuales y de las incertidumbres legales que a menudo rodean los procesos de acogida, el balance es positivo. \u201cMe gusta mucho hacerlo. Si no, no lo har\u00eda\u201d, afirma. Para ella, la acogida no es solo una ayuda puntual, sino una manera concreta de defender la dignidad de las personas migrantes.<\/p>\n<p data-start=\"1972\" data-end=\"2289\"><img loading=\"lazy\" decoding=\"async\" class=\"aligncenter wp-image-15901 size-full\" src=\"https:\/\/blog.caritas.barcelona\/wp-content\/uploads\/sites\/2\/2026\/01\/2024-01-06-familia-boliviana-1-e1769502719781.jpg\" alt=\"\" width=\"768\" height=\"355\" \/><\/p>\n<p data-start=\"2291\" data-end=\"2562\">A quienes se est\u00e9n planteando acoger, les recomienda reflexionarlo bien, hablarlo con el entorno y no hacerlo en solitario. \u201cHay mucha gente mayor que vive sola y podr\u00eda acoger, pero tambi\u00e9n es normal tener miedo. Por eso es importante sentirse acompa\u00f1ado y tener apoyo\u201d.<\/p>\n<p data-start=\"2564\" data-end=\"2964\" data-is-last-node=\"\" data-is-only-node=\"\">La experiencia de Montserrat pone de relieve el valor de la acogida como herramienta de inclusi\u00f3n y como respuesta comunitaria ante las migraciones. <strong>Abrir una puerta puede ser el primer paso para que una persona recupere estabilidad, derechos y esperanza. \u201cAl menos ayudas un poquito. Abres caminos\u201d, a\u00f1ade. Y en estos caminos compartidos, tanto quien acoge como quien es acogido salen transformados.<\/strong><\/p>\n","protected":false},"excerpt":{"rendered":"<p>Desde hace m\u00e1s de siete a\u00f1os, Montserrat es voluntaria de C\u00e1ritas Diocesana de Barcelona y acoge a personas migrantes en su casa, una decisi\u00f3n que ha marcado su d\u00eda a d\u00eda y su manera de entender el voluntariado Cuando Montserrat Lluveras decidi\u00f3 abrir la puerta de su casa a personas migrantes, no buscaba compa\u00f1\u00eda ni [&hellip;]<\/p>\n","protected":false},"author":4,"featured_media":15855,"comment_status":"closed","ping_status":"closed","sticky":false,"template":"","format":"standard","meta":{"footnotes":""},"categories":[31,23],"tags":[],"autor":[2337],"class_list":["post-15857","post","type-post","status-publish","format-standard","has-post-thumbnail","hentry","category-acogida-y-acompanamiento","category-voluntariado","autor-carlos-kotnik"],"aioseo_notices":[],"_links":{"self":[{"href":"https:\/\/blog.caritas.barcelona\/es\/wp-json\/wp\/v2\/posts\/15857","targetHints":{"allow":["GET"]}}],"collection":[{"href":"https:\/\/blog.caritas.barcelona\/es\/wp-json\/wp\/v2\/posts"}],"about":[{"href":"https:\/\/blog.caritas.barcelona\/es\/wp-json\/wp\/v2\/types\/post"}],"author":[{"embeddable":true,"href":"https:\/\/blog.caritas.barcelona\/es\/wp-json\/wp\/v2\/users\/4"}],"replies":[{"embeddable":true,"href":"https:\/\/blog.caritas.barcelona\/es\/wp-json\/wp\/v2\/comments?post=15857"}],"version-history":[{"count":4,"href":"https:\/\/blog.caritas.barcelona\/es\/wp-json\/wp\/v2\/posts\/15857\/revisions"}],"predecessor-version":[{"id":15903,"href":"https:\/\/blog.caritas.barcelona\/es\/wp-json\/wp\/v2\/posts\/15857\/revisions\/15903"}],"wp:featuredmedia":[{"embeddable":true,"href":"https:\/\/blog.caritas.barcelona\/es\/wp-json\/wp\/v2\/media\/15855"}],"wp:attachment":[{"href":"https:\/\/blog.caritas.barcelona\/es\/wp-json\/wp\/v2\/media?parent=15857"}],"wp:term":[{"taxonomy":"category","embeddable":true,"href":"https:\/\/blog.caritas.barcelona\/es\/wp-json\/wp\/v2\/categories?post=15857"},{"taxonomy":"post_tag","embeddable":true,"href":"https:\/\/blog.caritas.barcelona\/es\/wp-json\/wp\/v2\/tags?post=15857"},{"taxonomy":"autor","embeddable":true,"href":"https:\/\/blog.caritas.barcelona\/es\/wp-json\/wp\/v2\/autor?post=15857"}],"curies":[{"name":"wp","href":"https:\/\/api.w.org\/{rel}","templated":true}]}}