{"id":15783,"date":"2025-12-17T13:59:30","date_gmt":"2025-12-17T12:59:30","guid":{"rendered":"https:\/\/blog.caritas.barcelona\/?p=15783"},"modified":"2025-12-17T16:15:41","modified_gmt":"2025-12-17T15:15:41","slug":"una-sociedad-en-la-cuerda-floja","status":"publish","type":"post","link":"https:\/\/blog.caritas.barcelona\/es\/institucional-es\/una-sociedad-en-la-cuerda-floja\/","title":{"rendered":"Una sociedad en la cuerda floja: la vivienda empuja a miles de personas de la di\u00f3cesis de Barcelona a la exclusi\u00f3n social"},"content":{"rendered":"<p>La vivienda se consolida como el principal factor de desigualdad social, agravando especialmente las condiciones de ni\u00f1os, ni\u00f1as y adolescentes<\/p>\n<p><img loading=\"lazy\" decoding=\"async\" class=\"wp-image-15767 size-full aligncenter\" src=\"https:\/\/blog.caritas.barcelona\/wp-content\/uploads\/sites\/2\/2025\/12\/20251217_rdp_Nadal_2025-98-scaled-e1765975537821.jpg\" alt=\"\" width=\"768\" height=\"512\" \/><\/p>\n<p>El adelanto de los datos del informe FOESSA de 2025 de la di\u00f3cesis de Barcelona dibuja un <strong>escenario social fr\u00e1gil, marcado por la incertidumbre y la creciente vulnerabilidad<\/strong>. Pese a una ligera reducci\u00f3n de la exclusi\u00f3n social respecto a 2018, el informe alerta de que <strong>se consolida un modelo de sociedad \u201cen la cuerda floja\u201d, donde aumenta el n\u00famero de personas que pueden caer en exclusi\u00f3n ante cualquier crisis o contratiempo.<\/strong><\/p>\n<p>A partir de la Encuesta EINSFOESSA (Encuesta sobre Integraci\u00f3n y Necesidades Sociales), realizada durante el 2024 a un total de 602 hogares y 1.519 personas de la di\u00f3cesis de Barcelona, \u200b\u200bC\u00e1ritas y la Fundaci\u00f3n FOESSA apuntan <strong>que casi 4 de cada 10 personas viven en una situaci\u00f3n de integraci\u00f3n precaria<\/strong>: aunque no se encuentran en exclusi\u00f3n social, se mantienen al l\u00edmite, en una posici\u00f3n muy inestable en \u00e1mbitos como la vivienda, el trabajo o la salud. Asimismo, <strong>cerca del 17% de la poblaci\u00f3n (m\u00e1s de 450.000 personas) vive en situaci\u00f3n de exclusi\u00f3n social, un fen\u00f3meno que adquiere un car\u00e1cter estructural.<\/strong><\/p>\n<p><strong>La vivienda, principal factor de desigualdad<\/strong><\/p>\n<p><img loading=\"lazy\" decoding=\"async\" class=\"wp-image-15775 size-full aligncenter\" src=\"https:\/\/blog.caritas.barcelona\/wp-content\/uploads\/sites\/2\/2025\/12\/20241210_infrahabitatge_cornellA-7-scaled-e1765975830577.jpg\" alt=\"\" width=\"768\" height=\"512\" \/><\/p>\n<p><strong>C\u00e1ritas ha querido recalcar que las dificultades para acceder a una vivienda digna y asequible son el principal factor de desigualdad social.<\/strong> M\u00e1s de un cuarto de la poblaci\u00f3n de la di\u00f3cesis sufre dificultades relacionadas con la vivienda, afectando a 225.000 hogares y 730.000 personas. Adem\u00e1s<strong>, las dificultades en la vivienda se multiplican cuando existen menores<\/strong>. \u201cM\u00e1s del 15% de la poblaci\u00f3n cae en pobreza severa despu\u00e9s de asumir el gasto de la vivienda. La diferencia entre vivir en alquiler o propiedad es un factor decisivo a la hora de determinar si te encuentras en riesgo de caer en una situaci\u00f3n de exclusi\u00f3n social\u201d, ha detallado Amelia de Juan, responsable del \u00c1rea Social, An\u00e1lisis e Incidencia de C\u00e1ritas Diocesana de Barcelona. Por este motivo, la responsable del \u00c1rea Social de C\u00e1ritas ha advertido que <strong>son muchas las personas que se ven obligadas a compartir vivienda para hacer frente a los gastos del alquiler, y que el 13,5% lo hace en situaciones de hacinamiento grave<\/strong>. \u201cEn 9 de cada 10 hogares donde las personas se encuentran hacinadas viven ni\u00f1os, ni\u00f1as o adolescentes. Un menor que vive en estas condiciones dif\u00edcilmente tiene sus derechos garantizados\u201d, ha advertido de Juan.<\/p>\n<p><img loading=\"lazy\" decoding=\"async\" class=\"wp-image-15779 size-full aligncenter\" src=\"https:\/\/blog.caritas.barcelona\/wp-content\/uploads\/sites\/2\/2025\/12\/20251217_rdp_Nadal_2025-92-scaled-e1765976183355.jpg\" alt=\"\" width=\"768\" height=\"512\" \/><\/p>\n<p><strong>Ni\u00f1os, ni\u00f1as y adolescentes, los m\u00e1s perjudicados<\/strong><\/p>\n<p>Por este motivo, la entidad ha querido poner el foco en la infancia, como <strong>uno de los colectivos m\u00e1s afectados. 1 de cada 4 menores de edad se encuentra en situaci\u00f3n de exclusi\u00f3n social en la di\u00f3cesis de Barcelona. Los hogares monoparentales, mayoritariamente encabezados por mujeres, sufren un riesgo de exclusi\u00f3n 4,5 veces superior al de los hogares sin hijos. <\/strong><\/p>\n<p><strong>Trabajar ya no protege de la exclusi\u00f3n<\/strong><\/p>\n<p>Por lo que respecta al empleo, y pese a la mejora de los datos globales, el informe constata que trabajar ya no garantiza la integraci\u00f3n social. \u201cEl 57,5% de las personas en exclusi\u00f3n viven en hogares encabezados por alguien que trabaja. <strong>La precariedad laboral, especialmente en el sector servicios -a menudo caracterizado por trabajos temporales y de baja remuneraci\u00f3n- afecta de manera significativa a j\u00f3venes y personas migradas, que contin\u00faan registrando tasas de paro m\u00e1s elevadas, a pesar de haber aumentado su presencia en el mercado laboral\u201d<\/strong>, han indicado desde C\u00e1ritas.<\/p>\n<p><img loading=\"lazy\" decoding=\"async\" class=\"wp-image-15773 size-full aligncenter\" src=\"https:\/\/blog.caritas.barcelona\/wp-content\/uploads\/sites\/2\/2025\/12\/20251217_rdp_Nadal_2025-76-scaled-e1765975745643.jpg\" alt=\"\" width=\"768\" height=\"512\" \/><\/p>\n<p>El director de C\u00e1ritas Diocesana de Barcelona, \u200b\u200bEduard Sala, ha constatado que los datos confirman que vivimos en una sociedad en la cuerda floja, donde cada vez m\u00e1s personas se encuentran en una situaci\u00f3n de fragilidad permanente. <strong>\u201cLa vivienda se ha convertido en el principal factor de desigualdad y el alquiler, lejos de ser una soluci\u00f3n, es hoy un agujero negro que empuja a muchos hogares a elegir entre cubrir necesidades b\u00e1sicas como la alimentaci\u00f3n o pagar el alquiler\u201d<\/strong>, ha lamentado. Para el director de C\u00e1ritas, <strong>esta realidad golpea con especial dureza a los ni\u00f1os, ni\u00f1as y adolescentes, que ven condicionadas sus oportunidades de futuro por el barrio y la familia donde nacen. <\/strong><\/p>\n<p>Para Sala, los datos del informe FOESSA confirman que <strong>\u201cno fallan las personas, falla el sistema\u201d<\/strong>, y que la sociedad es plenamente consciente de esta realidad. En este sentido, ha destacado que casi dos tercios de la poblaci\u00f3n de la di\u00f3cesis (64,9%) considera que las administraciones p\u00fablicas deber\u00edan destinar m\u00e1s recursos a los servicios sociales. <strong>\u201cHay una conciencia clara de que las ayudas sociales no son un privilegio, sino una necesidad para vivir\u201d<\/strong>, ha subrayado, recordando que <strong>8 de cada 10 personas est\u00e1n totalmente o bastante de acuerdo en que las personas que reciben ayudas sociales las necesitan realmente<\/strong>. Sala ha remarcado que estos datos interpelan directamente a las instituciones y al conjunto de la sociedad a actuar con responsabilidad y valent\u00eda, porque <strong>\u201ctener una vida digna no deber\u00eda depender de la suerte ni de la resistencia individual, sino de un sistema que ponga a las personas en el centro y garantice derechos\u201d<\/strong>, ha concluido.<\/p>\n<p>&nbsp;<\/p>\n<p><img loading=\"lazy\" decoding=\"async\" class=\"wp-image-15771 size-full aligncenter\" src=\"https:\/\/blog.caritas.barcelona\/wp-content\/uploads\/sites\/2\/2025\/12\/20251217_rdp_Nadal_2025-127-1-scaled-e1765975690334.jpg\" alt=\"\" width=\"768\" height=\"594\" \/><\/p>\n<p>Por \u00faltimo, el Cardenal Juan Jos\u00e9 Omella, Arzobispo de Barcelona y Presidente de C\u00e1ritas Diocesana de Barcelona, \u200b\u200bha recordado que \u201cel nacimiento de Jes\u00fas nos habla de la fragilidad como punto de partida de la fe cristiana\u201d y que esta vulnerabilidad \u201ces tambi\u00e9n el origen de la Iglesia y un llamamiento permanente a poner a las personas m\u00e1s d\u00e9biles en el centro\u201d. En este sentido, ha subrayado que documentos como <em>Dilexi te<\/em> y el Papa Le\u00f3n XIV \u201creafirman que toda acci\u00f3n social de la Iglesia nace de la dignidad inviolable de cada persona\u201d. Ante los datos presentados, <strong>Omella ha advertido que se consolida una persistente fragilidad social, y que es un factor que no podemos normalizar. <\/strong><\/p>\n<p><strong>Ha recordado que la Navidad \u201cno debe ser en ning\u00fan caso una evasi\u00f3n ante esta realidad, sino una esperanza que nos comprometa a todos y todas con las personas m\u00e1s vulnerables\u201d<\/strong>. Por este motivo, ha pedido <a href=\"https:\/\/actua.caritas.barcelona\/nadal-vida-digna\">colaborar con C\u00e1ritas<\/a>, especialmente durante estos d\u00edas de Navidad. <strong>\u201cCuando colaboramos con C\u00e1ritas, encendemos una luz concreta que llega all\u00e1 donde m\u00e1s se necesita, y hacemos posible una sociedad m\u00e1s justa y fraterna\u201d.<\/strong><\/p>\n","protected":false},"excerpt":{"rendered":"<p>La vivienda se consolida como el principal factor de desigualdad social, agravando especialmente las condiciones de ni\u00f1os, ni\u00f1as y adolescentes El adelanto de los datos del informe FOESSA de 2025 de la di\u00f3cesis de Barcelona dibuja un escenario social fr\u00e1gil, marcado por la incertidumbre y la creciente vulnerabilidad. Pese a una ligera reducci\u00f3n de la [&hellip;]<\/p>\n","protected":false},"author":4,"featured_media":15772,"comment_status":"closed","ping_status":"closed","sticky":false,"template":"","format":"standard","meta":{"footnotes":""},"categories":[21],"tags":[],"autor":[36],"class_list":["post-15783","post","type-post","status-publish","format-standard","has-post-thumbnail","hentry","category-institucional-es","autor-caritas-diocesana-de-barcelona-es"],"aioseo_notices":[],"_links":{"self":[{"href":"https:\/\/blog.caritas.barcelona\/es\/wp-json\/wp\/v2\/posts\/15783","targetHints":{"allow":["GET"]}}],"collection":[{"href":"https:\/\/blog.caritas.barcelona\/es\/wp-json\/wp\/v2\/posts"}],"about":[{"href":"https:\/\/blog.caritas.barcelona\/es\/wp-json\/wp\/v2\/types\/post"}],"author":[{"embeddable":true,"href":"https:\/\/blog.caritas.barcelona\/es\/wp-json\/wp\/v2\/users\/4"}],"replies":[{"embeddable":true,"href":"https:\/\/blog.caritas.barcelona\/es\/wp-json\/wp\/v2\/comments?post=15783"}],"version-history":[{"count":1,"href":"https:\/\/blog.caritas.barcelona\/es\/wp-json\/wp\/v2\/posts\/15783\/revisions"}],"predecessor-version":[{"id":15784,"href":"https:\/\/blog.caritas.barcelona\/es\/wp-json\/wp\/v2\/posts\/15783\/revisions\/15784"}],"wp:featuredmedia":[{"embeddable":true,"href":"https:\/\/blog.caritas.barcelona\/es\/wp-json\/wp\/v2\/media\/15772"}],"wp:attachment":[{"href":"https:\/\/blog.caritas.barcelona\/es\/wp-json\/wp\/v2\/media?parent=15783"}],"wp:term":[{"taxonomy":"category","embeddable":true,"href":"https:\/\/blog.caritas.barcelona\/es\/wp-json\/wp\/v2\/categories?post=15783"},{"taxonomy":"post_tag","embeddable":true,"href":"https:\/\/blog.caritas.barcelona\/es\/wp-json\/wp\/v2\/tags?post=15783"},{"taxonomy":"autor","embeddable":true,"href":"https:\/\/blog.caritas.barcelona\/es\/wp-json\/wp\/v2\/autor?post=15783"}],"curies":[{"name":"wp","href":"https:\/\/api.w.org\/{rel}","templated":true}]}}