{"id":15714,"date":"2025-12-05T09:00:53","date_gmt":"2025-12-05T08:00:53","guid":{"rendered":"https:\/\/blog.caritas.barcelona\/?p=15714"},"modified":"2025-12-04T17:38:19","modified_gmt":"2025-12-04T16:38:19","slug":"un-espacio-donde-crecen-las-personas","status":"publish","type":"post","link":"https:\/\/blog.caritas.barcelona\/es\/voluntariado\/un-espacio-donde-crecen-las-personas\/","title":{"rendered":"Un espacio donde crecen las personas"},"content":{"rendered":"<p>Entrevista a Robert Capella, voluntario en C\u00e1ritas Diocesana de Barcelona<\/p>\n<p><img loading=\"lazy\" decoding=\"async\" class=\"aligncenter wp-image-15712 size-full\" src=\"https:\/\/blog.caritas.barcelona\/wp-content\/uploads\/sites\/2\/2025\/12\/IMG_9274-e1764866035572.jpg\" alt=\"\" width=\"768\" height=\"836\" \/><\/p>\n<p data-start=\"2768\" data-end=\"3055\"><strong data-start=\"2768\" data-end=\"3055\">El refuerzo educativo de Santa Mar\u00eda de Sants permite que ni\u00f1os y j\u00f3venes que tienen dificultades acad\u00e9micas encuentren un espacio de acompa\u00f1amiento, confianza y aprendizaje personal. <\/strong>Aqu\u00ed no solo se hacen deberes; se construyen v\u00ednculos, se escucha y se ense\u00f1a a creer en uno mismo.<\/p>\n<p data-start=\"3057\" data-end=\"3480\">Este proyecto naci\u00f3 a finales de 2015, cuando un grupo de personas voluntarias del barrio de Sants detect\u00f3 la necesidad de ofrecer apoyo educativo a ni\u00f1os y adolescentes con pocas oportunidades. \u201cEmpezamos con la idea de organizar un refuerzo sencillo, pero vimos que hac\u00eda falta mucho m\u00e1s que ayudar a hacer deberes, hac\u00eda falta acompa\u00f1arlos\u201d, explica Robert Capella, ingeniero industrial y voluntario desde el primer d\u00eda.<\/p>\n<p data-start=\"3482\" data-end=\"4007\">Hoy, el proyecto cuenta con una treintena de personas voluntarias y m\u00e1s de cincuenta alumnos, muchos de ellos reci\u00e9n llegados, especialmente de Marruecos y Latinoam\u00e9rica. \u201cLos primeros d\u00edas algunos no entend\u00edan ni catal\u00e1n ni castellano\u201d, recuerda Robert. Por eso, <strong>el trabajo individualizado es clave: cada alumno tiene a su voluntario referente, con quien establece un v\u00ednculo de confianza y seguimiento constante<\/strong>. \u201cEl modelo de un alumno por voluntario nos permite escuchar, adaptarnos y hacerles sentir importantes\u201d, a\u00f1ade.<\/p>\n<p data-start=\"4009\" data-end=\"4473\">A medida que el proyecto ha ido creciendo, tambi\u00e9n lo ha hecho su comunidad. Las personas voluntarias no solo ayudan con los deberes, sino que tambi\u00e9n se convierten en personas de confianza y acogida para familias que, a menudo, necesitan orientaci\u00f3n y un espacio seguro donde sentirse escuchadas. \u201cMuchas madres y padres nos dicen que aqu\u00ed sus hijos se sienten escuchados y valorados\u201d, y eso hace que el refuerzo sea un punto de encuentro que fortalece el barrio.<\/p>\n<p data-start=\"4009\" data-end=\"4473\"><img loading=\"lazy\" decoding=\"async\" class=\"aligncenter wp-image-15710 size-full\" src=\"https:\/\/blog.caritas.barcelona\/wp-content\/uploads\/sites\/2\/2025\/12\/IMG_9272-e1764866212852.jpg\" alt=\"\" width=\"768\" height=\"678\" \/><\/p>\n<p data-start=\"4475\" data-end=\"4913\">Pero m\u00e1s all\u00e1 de los libros y los ejercicios, <strong>el refuerzo educativo es una ventana de inclusi\u00f3n social<\/strong>. Muchos de los ni\u00f1os encuentran all\u00ed un espacio donde alguien les espera, les pregunta c\u00f3mo est\u00e1n y cree en sus posibilidades. Algunos antiguos alumnos han llegado a la universidad, y otros han vuelto para hacer voluntariado. \u201c<strong>Es muy emocionante ver c\u00f3mo chicos que vinieron buscando ayuda, ahora vuelven para ofrecerla\u201d<\/strong>, a\u00f1ade Robert.<\/p>\n<p data-start=\"4915\" data-end=\"5405\">Con casi una d\u00e9cada de trayectoria, el refuerzo educativo de Santa Mar\u00eda de Sants se ha convertido en un punto de encuentro donde todo el mundo aprende algo: los ni\u00f1os, a superarse; y las personas voluntarias, a mirar la vida con otros ojos. <strong>\u201cYo vine para ayudar, pero cada semana salgo con la sensaci\u00f3n de que quien m\u00e1s recibe soy yo\u201d<\/strong>, confiesa Robert. Una frase que resume el esp\u00edritu de este espacio: <strong>hacer crecer personas a trav\u00e9s del compromiso, la paciencia y la esperanza compartida<\/strong>.<\/p>\n","protected":false},"excerpt":{"rendered":"<p>Entrevista a Robert Capella, voluntario en C\u00e1ritas Diocesana de Barcelona El refuerzo educativo de Santa Mar\u00eda de Sants permite que ni\u00f1os y j\u00f3venes que tienen dificultades acad\u00e9micas encuentren un espacio de acompa\u00f1amiento, confianza y aprendizaje personal. Aqu\u00ed no solo se hacen deberes; se construyen v\u00ednculos, se escucha y se ense\u00f1a a creer en uno mismo. [&hellip;]<\/p>\n","protected":false},"author":4,"featured_media":15708,"comment_status":"closed","ping_status":"closed","sticky":false,"template":"","format":"standard","meta":{"footnotes":""},"categories":[23],"tags":[],"autor":[2337],"class_list":["post-15714","post","type-post","status-publish","format-standard","has-post-thumbnail","hentry","category-voluntariado","autor-carlos-kotnik"],"aioseo_notices":[],"_links":{"self":[{"href":"https:\/\/blog.caritas.barcelona\/es\/wp-json\/wp\/v2\/posts\/15714","targetHints":{"allow":["GET"]}}],"collection":[{"href":"https:\/\/blog.caritas.barcelona\/es\/wp-json\/wp\/v2\/posts"}],"about":[{"href":"https:\/\/blog.caritas.barcelona\/es\/wp-json\/wp\/v2\/types\/post"}],"author":[{"embeddable":true,"href":"https:\/\/blog.caritas.barcelona\/es\/wp-json\/wp\/v2\/users\/4"}],"replies":[{"embeddable":true,"href":"https:\/\/blog.caritas.barcelona\/es\/wp-json\/wp\/v2\/comments?post=15714"}],"version-history":[{"count":1,"href":"https:\/\/blog.caritas.barcelona\/es\/wp-json\/wp\/v2\/posts\/15714\/revisions"}],"predecessor-version":[{"id":15715,"href":"https:\/\/blog.caritas.barcelona\/es\/wp-json\/wp\/v2\/posts\/15714\/revisions\/15715"}],"wp:featuredmedia":[{"embeddable":true,"href":"https:\/\/blog.caritas.barcelona\/es\/wp-json\/wp\/v2\/media\/15708"}],"wp:attachment":[{"href":"https:\/\/blog.caritas.barcelona\/es\/wp-json\/wp\/v2\/media?parent=15714"}],"wp:term":[{"taxonomy":"category","embeddable":true,"href":"https:\/\/blog.caritas.barcelona\/es\/wp-json\/wp\/v2\/categories?post=15714"},{"taxonomy":"post_tag","embeddable":true,"href":"https:\/\/blog.caritas.barcelona\/es\/wp-json\/wp\/v2\/tags?post=15714"},{"taxonomy":"autor","embeddable":true,"href":"https:\/\/blog.caritas.barcelona\/es\/wp-json\/wp\/v2\/autor?post=15714"}],"curies":[{"name":"wp","href":"https:\/\/api.w.org\/{rel}","templated":true}]}}