{"id":15701,"date":"2025-12-04T09:00:03","date_gmt":"2025-12-04T08:00:03","guid":{"rendered":"https:\/\/blog.caritas.barcelona\/?p=15701"},"modified":"2025-12-10T15:52:39","modified_gmt":"2025-12-10T14:52:39","slug":"esta-navidad-hagamos-que-una-vida-digna-no-sea-cuestion-de-suerte","status":"publish","type":"post","link":"https:\/\/blog.caritas.barcelona\/es\/somos-noticia\/esta-navidad-hagamos-que-una-vida-digna-no-sea-cuestion-de-suerte\/","title":{"rendered":"Esta Navidad, hagamos que una vida digna no sea cuesti\u00f3n de suerte"},"content":{"rendered":"<p><span class=\"TextRun SCXW41648925 BCX8\" lang=\"ES-ES\" xml:lang=\"ES-ES\" data-contrast=\"auto\"><span class=\"NormalTextRun SCXW41648925 BCX8\">Tener suerte, o no, marca la diferencia y condiciona profundamente las oportunidades de cada persona. En C\u00e1ritas lo sabemos bien; por eso trabajamos para que todos <\/span><span class=\"NormalTextRun AdvancedProofingIssueV2Themed SCXW41648925 BCX8\">los ni\u00f1os y ni\u00f1as<\/span><span class=\"NormalTextRun SCXW41648925 BCX8\"> tengan las mismas oportunidades<\/span><\/span><\/p>\n<p><span class=\"TextRun SCXW41648925 BCX8\" lang=\"ES-ES\" xml:lang=\"ES-ES\" data-contrast=\"auto\"><span class=\"NormalTextRun SCXW41648925 BCX8\">Cada A\u00f1o Nuevo, cuando comemos los 12 granos de uva, pedimos suerte para lo que vendr\u00e1. Pero no todos los deseos son iguales. Para demasiados ni\u00f1os en nuestro pa\u00eds, la vida comienza con una desventaja injusta, y crecer en condiciones de exclusi\u00f3n social multiplica por dos la probabilidad de caer en la pobreza durante la etapa adulta. La pobreza se hereda, y por eso es necesario actuar para que cada ni\u00f1o pueda construir un futuro digno. Esta Navidad, con nuestra campa\u00f1a, te invitamos a sumarte y ayudarnos a hacer realidad esta esperanza.<\/span><\/span><span class=\"EOP SCXW41648925 BCX8\" data-ccp-props=\"{&quot;134233117&quot;:false,&quot;134233118&quot;:false,&quot;335559738&quot;:240,&quot;335559739&quot;:240}\">\u00a0<\/span><\/p>\n<p><iframe loading=\"lazy\" title=\"Hagamos que una vida digna no sea cuesti\u00f3n de suerte\" width=\"500\" height=\"281\" src=\"https:\/\/www.youtube.com\/embed\/OGvOTFeOHko?feature=oembed\" frameborder=\"0\" allow=\"accelerometer; autoplay; clipboard-write; encrypted-media; gyroscope; picture-in-picture; web-share\" referrerpolicy=\"strict-origin-when-cross-origin\" allowfullscreen><\/iframe><\/p>\n<p><span data-contrast=\"auto\">El Informe FOESSA sobre exclusi\u00f3n y desarrollo social en Catalunya denuncia que llevar una vida digna se ha convertido, para muchos hogares de nuestro pa\u00eds, en una cuesti\u00f3n de suerte. Tenemos una sociedad cada vez m\u00e1s fragmentada, donde la vivienda y la precariedad laboral se han convertido en los principales motores de la desigualdad. El retrato es contundente: <strong>1,35 millones de personas en Catalunya se encuentran en situaci\u00f3n de exclusi\u00f3n social<\/strong>, es decir, un 17% de la poblaci\u00f3n. A esto se suma que <strong>1 de cada 3 personas vive en integraci\u00f3n precaria<\/strong>, con un alt\u00edsimo riesgo de caer en exclusi\u00f3n ante cualquier cambio econ\u00f3mico.<\/span><span data-ccp-props=\"{&quot;134233117&quot;:false,&quot;134233118&quot;:false,&quot;335559738&quot;:240,&quot;335559739&quot;:240}\">\u00a0<\/span><\/p>\n<p><span data-contrast=\"auto\">Uno de los \u00e1mbitos que m\u00e1s condiciona la vida de las personas es la vivienda. En Catalunya, casi <strong>2 millones de personas sufren precariedad residencial<\/strong>, y<strong> 1 de cada 5<\/strong> se encuentra en exclusi\u00f3n en este \u00e1mbito. Muchas familias caen en pobreza severa despu\u00e9s de pagar la vivienda; otras viven hacinadas o en situaci\u00f3n de tenencia precaria, con el miedo constante de perder su hogar.<\/span><span data-ccp-props=\"{&quot;134233117&quot;:false,&quot;134233118&quot;:false,&quot;335559738&quot;:240,&quot;335559739&quot;:240}\">\u00a0<\/span><\/p>\n<p><span data-contrast=\"auto\">El trabajo, que deber\u00eda ser una garant\u00eda de protecci\u00f3n, ya no es suficiente. <strong>1,4 millones de personas ocupadas viven en precariedad laboral<\/strong>. La inestabilidad, los bajos salarios y el desempleo de larga duraci\u00f3n tienen un impacto directo en la salud f\u00edsica y mental de las personas, agravando a\u00fan m\u00e1s la fractura social.<\/span><span data-ccp-props=\"{&quot;134233117&quot;:false,&quot;134233118&quot;:false,&quot;335559738&quot;:240,&quot;335559739&quot;:240}\">\u00a0<\/span><\/p>\n<p><span data-contrast=\"auto\">Las fracturas, sin embargo, no afectan a todos por igual. Las <strong>mujeres<\/strong> contin\u00faan sufriendo m\u00e1s exclusi\u00f3n \u2014<strong>1 de cada 5 hogares encabezados por mujeres est\u00e1 en exclusi\u00f3n<\/strong>\u2014 y las <strong>personas migrantes<\/strong> son uno de los colectivos m\u00e1s castigados: un 43% vive en exclusi\u00f3n, cifra que aumenta hasta el 75% en caso de irregularidad administrativa. Los grandes perdedores siguen siendo los <strong>ni\u00f1os y adolescentes: 1 de cada 3 est\u00e1 en exclusi\u00f3n<\/strong>, un dato que ha ido creciendo y que nos alerta de que les estamos recortando futuro y oportunidades.<\/span><span data-ccp-props=\"{&quot;134233117&quot;:false,&quot;134233118&quot;:false,&quot;335559738&quot;:240,&quot;335559739&quot;:240}\">\u00a0<\/span><\/p>\n<p><img loading=\"lazy\" decoding=\"async\" class=\"aligncenter wp-image-15699 size-full\" src=\"https:\/\/blog.caritas.barcelona\/wp-content\/uploads\/sites\/2\/2025\/12\/DSC8593-e1764799152364.jpg\" alt=\"\" width=\"768\" height=\"512\" \/><\/p>\n<p><span data-contrast=\"auto\">Esta Navidad, C\u00e1ritas Catalunya invita a mirar la realidad con coraz\u00f3n abierto y compromiso. Bajo el lema <strong>\u201cHagamos que una vida digna no sea cuesti\u00f3n de suerte\u201d<\/strong>, recordamos que <strong>la dignidad humana nos hace iguales<\/strong>, y que acceder a los derechos b\u00e1sicos nunca deber\u00eda depender del azar.<\/span><span data-ccp-props=\"{&quot;134233117&quot;:false,&quot;134233118&quot;:false,&quot;335559738&quot;:240,&quot;335559739&quot;:240}\">\u00a0<\/span><\/p>\n<p><span data-contrast=\"auto\">Cada d\u00eda, desde las C\u00e1ritas parroquiales, los proyectos y los centros de toda Catalunya, acompa\u00f1amos a miles de personas para que puedan construir una vida m\u00e1s justa y digna. Y esto solo es posible gracias a la generosidad de tantas personas comprometidas.<\/span><span data-ccp-props=\"{&quot;134233117&quot;:false,&quot;134233118&quot;:false,&quot;335559738&quot;:240,&quot;335559739&quot;:240}\">\u00a0<\/span><\/p>\n<p><span data-contrast=\"auto\">El sufrimiento de los dem\u00e1s nos interpela y nos mueve a transformar la realidad. <strong>T\u00fa tienes mucho que ver en ello, y puedes ayudarnos a revertir esta situaci\u00f3n. \u00bfNos ayudas?<\/strong><\/span><strong>\u00a0<\/strong><\/p>\n<p><strong>\u00a1Felices fiestas!\u00a0<\/strong><\/p>\n","protected":false},"excerpt":{"rendered":"<p>Tener suerte, o no, marca la diferencia y condiciona profundamente las oportunidades de cada persona. En C\u00e1ritas lo sabemos bien; por eso trabajamos para que todos los ni\u00f1os y ni\u00f1as tengan las mismas oportunidades Cada A\u00f1o Nuevo, cuando comemos los 12 granos de uva, pedimos suerte para lo que vendr\u00e1. Pero no todos los deseos [&hellip;]<\/p>\n","protected":false},"author":4,"featured_media":15699,"comment_status":"closed","ping_status":"closed","sticky":false,"template":"","format":"standard","meta":{"footnotes":""},"categories":[20],"tags":[],"autor":[36],"class_list":["post-15701","post","type-post","status-publish","format-standard","has-post-thumbnail","hentry","category-somos-noticia","autor-caritas-diocesana-de-barcelona-es"],"aioseo_notices":[],"_links":{"self":[{"href":"https:\/\/blog.caritas.barcelona\/es\/wp-json\/wp\/v2\/posts\/15701","targetHints":{"allow":["GET"]}}],"collection":[{"href":"https:\/\/blog.caritas.barcelona\/es\/wp-json\/wp\/v2\/posts"}],"about":[{"href":"https:\/\/blog.caritas.barcelona\/es\/wp-json\/wp\/v2\/types\/post"}],"author":[{"embeddable":true,"href":"https:\/\/blog.caritas.barcelona\/es\/wp-json\/wp\/v2\/users\/4"}],"replies":[{"embeddable":true,"href":"https:\/\/blog.caritas.barcelona\/es\/wp-json\/wp\/v2\/comments?post=15701"}],"version-history":[{"count":3,"href":"https:\/\/blog.caritas.barcelona\/es\/wp-json\/wp\/v2\/posts\/15701\/revisions"}],"predecessor-version":[{"id":15725,"href":"https:\/\/blog.caritas.barcelona\/es\/wp-json\/wp\/v2\/posts\/15701\/revisions\/15725"}],"wp:featuredmedia":[{"embeddable":true,"href":"https:\/\/blog.caritas.barcelona\/es\/wp-json\/wp\/v2\/media\/15699"}],"wp:attachment":[{"href":"https:\/\/blog.caritas.barcelona\/es\/wp-json\/wp\/v2\/media?parent=15701"}],"wp:term":[{"taxonomy":"category","embeddable":true,"href":"https:\/\/blog.caritas.barcelona\/es\/wp-json\/wp\/v2\/categories?post=15701"},{"taxonomy":"post_tag","embeddable":true,"href":"https:\/\/blog.caritas.barcelona\/es\/wp-json\/wp\/v2\/tags?post=15701"},{"taxonomy":"autor","embeddable":true,"href":"https:\/\/blog.caritas.barcelona\/es\/wp-json\/wp\/v2\/autor?post=15701"}],"curies":[{"name":"wp","href":"https:\/\/api.w.org\/{rel}","templated":true}]}}