{"id":15695,"date":"2025-12-08T09:00:56","date_gmt":"2025-12-08T08:00:56","guid":{"rendered":"https:\/\/blog.caritas.barcelona\/?p=15695"},"modified":"2025-12-16T15:07:38","modified_gmt":"2025-12-16T14:07:38","slug":"voluntariado-corporativo-pequenos-gestos-grandes-cambios","status":"publish","type":"post","link":"https:\/\/blog.caritas.barcelona\/es\/voluntariado\/voluntariado-corporativo-pequenos-gestos-grandes-cambios\/","title":{"rendered":"Voluntariado Corporativo: Peque\u00f1os gestos, grandes cambios"},"content":{"rendered":"<p><span class=\"TextRun SCXW60162065 BCX4\" lang=\"CA-ES\" xml:lang=\"CA-ES\" data-contrast=\"none\"><span class=\"NormalTextRun SCXW60162065 BCX4\">Participar en un <\/span><span class=\"NormalTextRun SpellingErrorV2Themed SCXW60162065 BCX4\">voluntariado<\/span> <span class=\"NormalTextRun SpellingErrorV2Themed SCXW60162065 BCX4\">corporativo<\/span><span class=\"NormalTextRun SCXW60162065 BCX4\"> con una <\/span><span class=\"NormalTextRun SpellingErrorV2Themed SCXW60162065 BCX4\">entidad<\/span><span class=\"NormalTextRun SCXW60162065 BCX4\"> social es <\/span><span class=\"NormalTextRun SpellingErrorV2Themed SCXW60162065 BCX4\">mucho<\/span> <span class=\"NormalTextRun SpellingErrorV2Themed SCXW60162065 BCX4\">m\u00e1s<\/span><span class=\"NormalTextRun SCXW60162065 BCX4\"> que dar tu <\/span><span class=\"NormalTextRun SpellingErrorV2Themed SCXW60162065 BCX4\">tiempo<\/span><span class=\"NormalTextRun SCXW60162065 BCX4\">: es <\/span><span class=\"NormalTextRun SpellingErrorV2Themed SCXW60162065 BCX4\">acercarse<\/span><span class=\"NormalTextRun SCXW60162065 BCX4\"> a <\/span><span class=\"NormalTextRun SpellingErrorV2Themed SCXW60162065 BCX4\">realidades<\/span><span class=\"NormalTextRun SCXW60162065 BCX4\"> invisibles, compartir <\/span><span class=\"NormalTextRun SpellingErrorV2Themed SCXW60162065 BCX4\">humanidad<\/span><span class=\"NormalTextRun SCXW60162065 BCX4\"> y sembrar <\/span><span class=\"NormalTextRun SpellingErrorV2Themed SCXW60162065 BCX4\">esperanza<\/span><span class=\"NormalTextRun SCXW60162065 BCX4\">.<\/span><\/span><span class=\"EOP SCXW60162065 BCX4\" data-ccp-props=\"{&quot;134233117&quot;:false,&quot;134233118&quot;:false,&quot;335559738&quot;:0,&quot;335559739&quot;:0}\">\u00a0<\/span><\/p>\n<p><img loading=\"lazy\" decoding=\"async\" class=\"aligncenter wp-image-15731 size-full\" src=\"https:\/\/blog.caritas.barcelona\/wp-content\/uploads\/sites\/2\/2025\/12\/IMG_4350-scaled-e1765889366679.jpg\" alt=\"\" width=\"768\" height=\"512\" \/><\/p>\n<p data-start=\"286\" data-end=\"496\">En C\u00e1ritas sabemos que cuando unimos esfuerzos podemos ser el cambio que el mundo necesita. Que una acci\u00f3n, por peque\u00f1a que parezca, puede ser <strong>la semilla de cambio<\/strong> para una persona que espera una oportunidad.<\/p>\n<p data-start=\"498\" data-end=\"709\">Por eso, desde hace un tiempo hemos puesto en marcha los <strong>voluntariados corporativos<\/strong>, una propuesta dirigida a empresas comprometidas con la sociedad que, con su tiempo, quieren contribuir a mejorar su entorno.<\/p>\n<p data-start=\"711\" data-end=\"1248\">A trav\u00e9s de diferentes propuestas de actividades, las personas voluntarias pueden colaborar en algunos de los proyectos de C\u00e1ritas al mismo tiempo que conocen de primera mano c\u00f3mo funciona la entidad y, si procede, compartiendo tiempo con las personas acompa\u00f1adas por nuestra organizaci\u00f3n. Son experiencias pensadas para que los equipos de las empresas <strong>fortalezcan v\u00ednculos y mejoren la comunicaci\u00f3n<\/strong> entre ellos; espacios para motivar a los equipos mientras todo lo que hacen tiene un impacto directo en las personas y en ellos mismos.<\/p>\n<p data-start=\"711\" data-end=\"1248\"><img loading=\"lazy\" decoding=\"async\" class=\"aligncenter wp-image-15736 size-full\" src=\"https:\/\/blog.caritas.barcelona\/wp-content\/uploads\/sites\/2\/2025\/12\/20241211_BINGO_ALMEDA_@DANI_CODINA-5-scaled-e1765894019569.jpg\" alt=\"\" width=\"768\" height=\"576\" \/><\/p>\n<p data-start=\"1250\" data-end=\"1869\"><strong>Los voluntariados corporativos de C\u00e1ritas transforman vidas<\/strong>: cambian miradas, acercan realidades invisibles y hacen crecer la empat\u00eda y la esperanza. Son una oportunidad para crear espacios donde se relacionen trabajadores de diferentes \u00e1reas y para que lo hagan en un entorno distinto y, a menudo, alejado de su realidad. Tambi\u00e9n para que colaboren conjuntamente realizando una tarea nueva o diferente, <strong>potenciando su creatividad y la innovaci\u00f3n<\/strong>, aplicable despu\u00e9s en sus puestos habituales. Para que se impliquen y vivan las pol\u00edticas de RSC de primera mano y estas den respuesta a la <strong>vocaci\u00f3n social<\/strong> de la empresa.<\/p>\n<p data-start=\"1871\" data-end=\"2161\">Recogidas de regalos de Navidad, talleres de cocina de bienestar f\u00edsico y emocional, salidas culturales, organizaci\u00f3n de actividades de ocio, competiciones deportivas con j\u00f3venes o visitas a las sedes corporativas son algunas de las propuestas que ya hemos compartido con empresas amigas.<\/p>\n<p><iframe loading=\"lazy\" title=\"Voluntariat Corporatiu: petits gestos, grans canvis\" width=\"500\" height=\"281\" src=\"https:\/\/www.youtube.com\/embed\/NqFhw49r_nc?feature=oembed\" frameborder=\"0\" allow=\"accelerometer; autoplay; clipboard-write; encrypted-media; gyroscope; picture-in-picture; web-share\" referrerpolicy=\"strict-origin-when-cross-origin\" allowfullscreen><\/iframe><\/p>\n<p>Una propuesta de voluntariado diferente, una uni\u00f3n de esfuerzos y sensibilidades que nos permite seguir acompa\u00f1ando a personas en situaci\u00f3n de vulnerabilidad. Escr\u00edbenos a <a class=\"decorated-link cursor-pointer\" rel=\"noopener\" data-start=\"2356\" data-end=\"2382\">ablancoc@caritas.barcelona<\/a> si quieres saber m\u00e1s. Seguro que encontramos la experiencia que encaje con tu equipo y que pueda convertirse en una semilla de futuro.<\/p>\n","protected":false},"excerpt":{"rendered":"<p>Participar en un voluntariado corporativo con una entidad social es mucho m\u00e1s que dar tu tiempo: es acercarse a realidades invisibles, compartir humanidad y sembrar esperanza.\u00a0 En C\u00e1ritas sabemos que cuando unimos esfuerzos podemos ser el cambio que el mundo necesita. Que una acci\u00f3n, por peque\u00f1a que parezca, puede ser la semilla de cambio para [&hellip;]<\/p>\n","protected":false},"author":4,"featured_media":15731,"comment_status":"closed","ping_status":"closed","sticky":false,"template":"","format":"standard","meta":{"footnotes":""},"categories":[23],"tags":[],"autor":[36],"class_list":["post-15695","post","type-post","status-publish","format-standard","has-post-thumbnail","hentry","category-voluntariado","autor-caritas-diocesana-de-barcelona-es"],"aioseo_notices":[],"_links":{"self":[{"href":"https:\/\/blog.caritas.barcelona\/es\/wp-json\/wp\/v2\/posts\/15695","targetHints":{"allow":["GET"]}}],"collection":[{"href":"https:\/\/blog.caritas.barcelona\/es\/wp-json\/wp\/v2\/posts"}],"about":[{"href":"https:\/\/blog.caritas.barcelona\/es\/wp-json\/wp\/v2\/types\/post"}],"author":[{"embeddable":true,"href":"https:\/\/blog.caritas.barcelona\/es\/wp-json\/wp\/v2\/users\/4"}],"replies":[{"embeddable":true,"href":"https:\/\/blog.caritas.barcelona\/es\/wp-json\/wp\/v2\/comments?post=15695"}],"version-history":[{"count":5,"href":"https:\/\/blog.caritas.barcelona\/es\/wp-json\/wp\/v2\/posts\/15695\/revisions"}],"predecessor-version":[{"id":15738,"href":"https:\/\/blog.caritas.barcelona\/es\/wp-json\/wp\/v2\/posts\/15695\/revisions\/15738"}],"wp:featuredmedia":[{"embeddable":true,"href":"https:\/\/blog.caritas.barcelona\/es\/wp-json\/wp\/v2\/media\/15731"}],"wp:attachment":[{"href":"https:\/\/blog.caritas.barcelona\/es\/wp-json\/wp\/v2\/media?parent=15695"}],"wp:term":[{"taxonomy":"category","embeddable":true,"href":"https:\/\/blog.caritas.barcelona\/es\/wp-json\/wp\/v2\/categories?post=15695"},{"taxonomy":"post_tag","embeddable":true,"href":"https:\/\/blog.caritas.barcelona\/es\/wp-json\/wp\/v2\/tags?post=15695"},{"taxonomy":"autor","embeddable":true,"href":"https:\/\/blog.caritas.barcelona\/es\/wp-json\/wp\/v2\/autor?post=15695"}],"curies":[{"name":"wp","href":"https:\/\/api.w.org\/{rel}","templated":true}]}}