{"id":15685,"date":"2025-11-27T16:25:32","date_gmt":"2025-11-27T15:25:32","guid":{"rendered":"https:\/\/blog.caritas.barcelona\/?p=15685"},"modified":"2025-11-27T16:25:32","modified_gmt":"2025-11-27T15:25:32","slug":"sin-hogar-pero-con-suenos","status":"publish","type":"post","link":"https:\/\/blog.caritas.barcelona\/es\/opinion\/sin-hogar-pero-con-suenos\/","title":{"rendered":"Sin hogar, pero con sue\u00f1os"},"content":{"rendered":"<p>Cuando la calle se convierte en la \u00fanica posibilidad, so\u00f1ar se convierte en un acto de resistencia. Una forma de creer que, sin embargo, otro ma\u00f1ana es posible<\/p>\n<p><img loading=\"lazy\" decoding=\"async\" class=\"wp-image-15678 size-full aligncenter\" src=\"https:\/\/blog.caritas.barcelona\/wp-content\/uploads\/sites\/2\/2025\/11\/2025_03_10_CDTR_ARX_FT_Pis_compartit_008_M-e1764256709569.jpg\" alt=\"\" width=\"768\" height=\"512\" \/><\/p>\n<p><strong>So\u00f1ar mientras dormimos es dejar que el subconsciente hable.<\/strong> Es una escapada silenciosa que nos empuja hacia delante, dibujando realidades que a\u00fan no hemos vivido, o nos devuelve hacia atr\u00e1s, rememorando o incluso reescribiendo, lo que fuimos, donde fuimos felices, felices, donde el recuerdo todav\u00eda late con fuerza.<\/p>\n<p>Pero so\u00f1ar despiertas&#8230; Eso es otra cosa. Es cuando la mente se desprende del cuerpo, cuando el alma toma la palabra y nos gu\u00eda hacia sitios que solo ella conoce. So\u00f1ar despiertas es un peque\u00f1o acto de rebeld\u00eda, una fuga moment\u00e1nea del aqu\u00ed y del ahora, una manera de resistir las inercias caprichosas del presente.<\/p>\n<p>En este espacio de libertad, so\u00f1ar despiertas nos permite volar hacia realidades paralelas: sin maletas pesadas, sin fronteras impuestas, sin muros entre culturas, sin estructuras que opriman, sin prejuicios que excluyan, sin discursos que siembren odio, sin burocracias que deshumanicen&#8230; <strong>So\u00f1ar es, en definitiva, dar forma a nuestros anhelos m\u00e1s profundos, aquellos que todav\u00eda no han encontrado sitio en el mundo real, pero que desean con fuerza hacerse posibles.<\/strong><\/p>\n<p><img loading=\"lazy\" decoding=\"async\" class=\"wp-image-15680 size-full aligncenter\" src=\"https:\/\/blog.caritas.barcelona\/wp-content\/uploads\/sites\/2\/2025\/11\/20250506_RECOMPTE_SENSELLAR_BADALONA_@DANI_CODINA-30-scaled-e1764256792867.jpg\" alt=\"\" width=\"768\" height=\"576\" \/><\/p>\n<p>La raz\u00f3n es que los sue\u00f1os pueden ser tan singulares como conducir un Ferrari por las calles de Canad\u00e1 con el viento en la cara y Elvis sonando de fondo, una escena que evoca libertad y deseo de evasi\u00f3n; tan cotidianos como compartir una comida con la familia, reencontr\u00e1ndonos con aquellos y aquellas que tenemos a miles de kil\u00f3metros, y con aquellos que ya no est\u00e1n, pero que siguen vivos en nuestro recuerdo; o <strong>tan esenciales como tener un hogar propio, un peque\u00f1o rinc\u00f3n de mundo donde ver crecer a tu hija sin la inestabilidad ni el desarraigo constante que provocan las habitaciones de realquiler.<\/strong><\/p>\n<p>Sue\u00f1os que pueden ser compartidos, entre personas como t\u00fa y como yo, y tambi\u00e9n con las personas que acompa\u00f1amos, que han tenido que atravesar situaciones de sinhogarismo. <strong>Porque si algo tienen los sue\u00f1os, es que son universales<\/strong>. Nos pertenecen a todos y todas. Nos conectan con lo que somos, con lo que hemos sido y con lo que todav\u00eda podr\u00edamos llegar a ser. No entienden de estatus social ni de condiciones socioecon\u00f3micas. Son indomables, diversos, infinitos.<\/p>\n<p><img loading=\"lazy\" decoding=\"async\" class=\"wp-image-15682 size-full aligncenter\" src=\"https:\/\/blog.caritas.barcelona\/wp-content\/uploads\/sites\/2\/2025\/11\/20250604_TESTIMONI_LA_CASETA_@ERICK_NAZARIO008-scaled-e1764256864586.jpg\" alt=\"\" width=\"768\" height=\"512\" \/><\/p>\n<p>Y tienen un poder especial. Cuando te encuentras en una situaci\u00f3n de desesperaci\u00f3n, cuando no ves la salida, cuando sientes que lo has perdido todo, todav\u00eda queda algo que nadie puede arrebatarte: los sue\u00f1os. Tus sue\u00f1os.<\/p>\n<p>Por eso <strong><em>\u201cSin hogar, pero con sue\u00f1os\u201d<\/em><\/strong> es el lema de la campa\u00f1a de sensibilizaci\u00f3n que C\u00e1ritas hace este a\u00f1o. Porque <strong>cuando la calle se convierte en la \u00fanica posibilidad, so\u00f1ar se convierte en un acto de resistencia. Una forma de preservar la dignidad, de mantener viva la esperanza, de creer, a pesar de todo, que otro ma\u00f1ana es posible.<\/strong><\/p>\n","protected":false},"excerpt":{"rendered":"<p>Cuando la calle se convierte en la \u00fanica posibilidad, so\u00f1ar se convierte en un acto de resistencia. Una forma de creer que, sin embargo, otro ma\u00f1ana es posible So\u00f1ar mientras dormimos es dejar que el subconsciente hable. Es una escapada silenciosa que nos empuja hacia delante, dibujando realidades que a\u00fan no hemos vivido, o nos [&hellip;]<\/p>\n","protected":false},"author":4,"featured_media":15679,"comment_status":"closed","ping_status":"closed","sticky":false,"template":"","format":"standard","meta":{"footnotes":""},"categories":[24,19],"tags":[],"autor":[2335],"class_list":["post-15685","post","type-post","status-publish","format-standard","has-post-thumbnail","hentry","category-sin-hogar-y-vivienda","category-opinion","autor-laura-comaposada"],"aioseo_notices":[],"_links":{"self":[{"href":"https:\/\/blog.caritas.barcelona\/es\/wp-json\/wp\/v2\/posts\/15685","targetHints":{"allow":["GET"]}}],"collection":[{"href":"https:\/\/blog.caritas.barcelona\/es\/wp-json\/wp\/v2\/posts"}],"about":[{"href":"https:\/\/blog.caritas.barcelona\/es\/wp-json\/wp\/v2\/types\/post"}],"author":[{"embeddable":true,"href":"https:\/\/blog.caritas.barcelona\/es\/wp-json\/wp\/v2\/users\/4"}],"replies":[{"embeddable":true,"href":"https:\/\/blog.caritas.barcelona\/es\/wp-json\/wp\/v2\/comments?post=15685"}],"version-history":[{"count":1,"href":"https:\/\/blog.caritas.barcelona\/es\/wp-json\/wp\/v2\/posts\/15685\/revisions"}],"predecessor-version":[{"id":15686,"href":"https:\/\/blog.caritas.barcelona\/es\/wp-json\/wp\/v2\/posts\/15685\/revisions\/15686"}],"wp:featuredmedia":[{"embeddable":true,"href":"https:\/\/blog.caritas.barcelona\/es\/wp-json\/wp\/v2\/media\/15679"}],"wp:attachment":[{"href":"https:\/\/blog.caritas.barcelona\/es\/wp-json\/wp\/v2\/media?parent=15685"}],"wp:term":[{"taxonomy":"category","embeddable":true,"href":"https:\/\/blog.caritas.barcelona\/es\/wp-json\/wp\/v2\/categories?post=15685"},{"taxonomy":"post_tag","embeddable":true,"href":"https:\/\/blog.caritas.barcelona\/es\/wp-json\/wp\/v2\/tags?post=15685"},{"taxonomy":"autor","embeddable":true,"href":"https:\/\/blog.caritas.barcelona\/es\/wp-json\/wp\/v2\/autor?post=15685"}],"curies":[{"name":"wp","href":"https:\/\/api.w.org\/{rel}","templated":true}]}}