{"id":15641,"date":"2025-11-25T01:01:57","date_gmt":"2025-11-25T00:01:57","guid":{"rendered":"https:\/\/blog.caritas.barcelona\/?p=15641"},"modified":"2025-11-25T01:01:57","modified_gmt":"2025-11-25T00:01:57","slug":"la-regularizacion-de-personas-migrantes-el-primer-paso-para-una-vida-digna-2","status":"publish","type":"post","link":"https:\/\/blog.caritas.barcelona\/es\/opinion\/la-regularizacion-de-personas-migrantes-el-primer-paso-para-una-vida-digna-2\/","title":{"rendered":"La regularizaci\u00f3n de personas migrantes, el primer paso para una vida digna"},"content":{"rendered":"<p><b><span data-contrast=\"none\">Las\u00a0migraciones\u00a0son una\u00a0constante\u00a0de la historia de la\u00a0humanidad<\/span><\/b><span data-contrast=\"none\">. En un mundo global como el que vivimos, estos desplazamientos se han intensificado en las \u00faltimas d\u00e9cadas<\/span><\/p>\n<p><img loading=\"lazy\" decoding=\"async\" class=\"aligncenter wp-image-15476 size-full\" src=\"https:\/\/blog.caritas.barcelona\/wp-content\/uploads\/sites\/2\/2025\/11\/20200217_INFORME_MIGRACIO_@MINGO_VENERO-13-scaled-e1763464471431.jpg\" alt=\"\" width=\"768\" height=\"512\" \/><\/p>\n<p><span data-contrast=\"none\">Cada\u00a0d\u00eda,\u00a0desde\u00a0C\u00e1ritas,\u00a0<\/span><b><span data-contrast=\"none\">vemos c\u00f3mo muchas personas a pesar de vivir aqu\u00ed y querer ser parte de nuestra sociedad, se encuentra con un muro que les impide vivir una vida digna. <\/span><\/b><span data-contrast=\"none\">La normativa de extranjer\u00eda vigente provoca que miles de personas en el Estado espa\u00f1ol se encuentren en situaci\u00f3n administrativa irregular, una condici\u00f3n que les expulsa de gozar incluso de los derechos m\u00e1s b\u00e1sicos como la sanidad, la educaci\u00f3n o el trabajo. <\/span><b><span data-contrast=\"none\">La irregularidad administrativa triplica el riesgo de exclusi\u00f3n social, seg\u00fan el informe FOESSA 2023. En C\u00e1ritas Barcelona, el 56% de las personas que estuvieron acompa\u00f1adas en 2024 se encontraban en esta situaci\u00f3n.<\/span><\/b><span data-ccp-props=\"{&quot;134233117&quot;:false,&quot;134233118&quot;:false,&quot;335559738&quot;:0,&quot;335559739&quot;:0}\">\u00a0<\/span><\/p>\n<p><span data-contrast=\"none\">La Iglesia, a su vez, toma partido a favor del reconocimiento de la vida de todas las personas, vengan de donde vengan. Nos invita a vivir la hospitalidad, a abrirnos al encuentro y la acogida con lo diferente. <\/span><b><span data-contrast=\"none\">La defensa de la dignidad humana y la fraternidad entre hermanos debe ponernos en alerta contra la globalizaci\u00f3n de la indiferencia que nos deshumaniza.<\/span><\/b><span data-contrast=\"none\"> Debemos trabajar para que toda migraci\u00f3n pueda ser fruto de una decisi\u00f3n libre, construyendo puentes, tejiendo v\u00ednculos y ampliando las v\u00edas legales y seguras. Ante el aumento de discursos de odio contra las personas migrantes, es necesario reclamar la responsabilidad de los gobernantes y pol\u00edticas p\u00fablicas que trabajen y favorezcan la convivencia.<\/span><span data-ccp-props=\"{&quot;134233117&quot;:false,&quot;134233118&quot;:false,&quot;335559738&quot;:0,&quot;335559739&quot;:0}\">\u00a0<\/span><\/p>\n<p><img loading=\"lazy\" decoding=\"async\" class=\"aligncenter wp-image-15479 size-full\" src=\"https:\/\/blog.caritas.barcelona\/wp-content\/uploads\/sites\/2\/2025\/11\/20250630_assessoria_juridica_@jordi_julia-5-scaled-e1763464918852.jpg\" alt=\"\" width=\"768\" height=\"512\" \/><\/p>\n<p><span data-contrast=\"none\">En 2021, tras constatar la falta de protecci\u00f3n de este colectivo durante la pandemia, se cre\u00f3 una plataforma ciudadana para solicitar una regularizaci\u00f3n extraordinaria a trav\u00e9s de una Iniciativa Legislativa Popular (ILP). A lo largo de un a\u00f1o y gracias al compromiso de miles de personas y organizaciones, entre ellas C\u00e1ritas, se recogieron m\u00e1s de 700.000 firmas presentadas en el Congreso. Tras muchos obst\u00e1culos, los diputados aceptaron que se iniciara la tramitaci\u00f3n parlamentaria en abril de 2024. Hoy en d\u00eda, siguen las negociaciones entre los partidos pol\u00edticos, aunque la falta de acuerdo dificulta su posible aprobaci\u00f3n.<\/span><span data-ccp-props=\"{&quot;134233117&quot;:false,&quot;134233118&quot;:false,&quot;335559738&quot;:0,&quot;335559739&quot;:0}\">\u00a0<\/span><\/p>\n<p><span data-contrast=\"none\">La ILP parte de una premisa muy concreta: son vecinos y vecinas de nuestros barrios. La iniciativa se fundamenta en el reconocimiento a todas las personas de su dignidad humana y como sujetos de derechos independientemente de su estatus administrativo. <\/span><b><span data-contrast=\"none\">Querer acabar con la irregularidad administrativa es querer poner fin tambi\u00e9n a la precariedad laboral, la exclusi\u00f3n social y la vulnerabilidad que provoca.<\/span><\/b><span data-contrast=\"none\"> Adem\u00e1s, permite a la administraci\u00f3n conocer con exactitud a las personas que viven en su territorio para planificar los servicios p\u00fablicos, as\u00ed como combatir la econom\u00eda sumergida, con todas sus implicaciones en materia de derechos, ingresos tributarios y financiaci\u00f3n del sistema de pensiones.<\/span><span data-ccp-props=\"{&quot;134233117&quot;:false,&quot;134233118&quot;:false,&quot;335559738&quot;:0,&quot;335559739&quot;:0}\">\u00a0<\/span><\/p>\n<p><span data-contrast=\"none\">Paralelamente, el d\u00eda 20 de mayo de 2025, entr\u00f3 en vigor el nuevo reglamento de extranjer\u00eda. Pese a las esperanzas depositadas en este reglamento, las deficiencias t\u00e9cnicas del texto y el marco que sigue estableciendo la ley org\u00e1nica de extranjer\u00eda nos llevan a una norma continuista. Arrastra los mismos problemas del reglamento anterior: falta de v\u00edas legales y seguras (que provocan irregularidad) y unos mecanismos de regularizaci\u00f3n insuficientes (que cronifican la irregularidad). Haciendo m\u00e1s necesaria que nunca la aprobaci\u00f3n de la ILP.<\/span><span data-ccp-props=\"{&quot;134233117&quot;:false,&quot;134233118&quot;:false,&quot;335559738&quot;:0,&quot;335559739&quot;:0}\">\u00a0<\/span><\/p>\n<p><span data-contrast=\"none\">En definitiva, la\u00a0propuesta\u00a0es simple.\u00a0<\/span><b><span data-contrast=\"none\">Si queremos garantizar una vida digna a todas las personas es necesario facilitar el acceso a una autorizaci\u00f3n de residencia y trabajo a quien no la tiene.<\/span><\/b><span data-contrast=\"none\"> Esto\u00a0no es ninguna idea\u00a0estrafalaria,\u00a0ya\u00a0se ha\u00a0hecho\u00a0antes por\u00a0gobiernos\u00a0de\u00a0distintos\u00a0colores\u00a0pol\u00edticos.\u00a0Toda\u00a0sociedad\u00a0se\u00a0mide\u00a0por\u00a0c\u00f3mo\u00a0trata\u00a0a los\u00a0m\u00e1s\u00a0excluidos, es\u00a0nuestro\u00a0deber\u00a0cristiano velar por la\u00a0dignidad\u00a0de\u00a0todas\u00a0las\u00a0personas.<\/span><\/p>\n<p><img loading=\"lazy\" decoding=\"async\" class=\"aligncenter wp-image-15481 size-full\" src=\"https:\/\/blog.caritas.barcelona\/wp-content\/uploads\/sites\/2\/2025\/11\/20200217_INFORME_MIGRACIO_@MINGO_VENERO-7-scaled-e1763465021907.jpg\" alt=\"\" width=\"768\" height=\"512\" \/><\/p>\n","protected":false},"excerpt":{"rendered":"<p>Las\u00a0migraciones\u00a0son una\u00a0constante\u00a0de la historia de la\u00a0humanidad. En un mundo global como el que vivimos, estos desplazamientos se han intensificado en las \u00faltimas d\u00e9cadas Cada\u00a0d\u00eda,\u00a0desde\u00a0C\u00e1ritas,\u00a0vemos c\u00f3mo muchas personas a pesar de vivir aqu\u00ed y querer ser parte de nuestra sociedad, se encuentra con un muro que les impide vivir una vida digna. La normativa de extranjer\u00eda [&hellip;]<\/p>\n","protected":false},"author":4,"featured_media":15475,"comment_status":"closed","ping_status":"closed","sticky":false,"template":"","format":"standard","meta":{"footnotes":""},"categories":[25,19],"tags":[],"autor":[2332,2333],"class_list":["post-15641","post","type-post","status-publish","format-standard","has-post-thumbnail","hentry","category-mobilidad-humana","category-opinion","autor-maria-bramona","autor-oriol-nebot"],"aioseo_notices":[],"_links":{"self":[{"href":"https:\/\/blog.caritas.barcelona\/es\/wp-json\/wp\/v2\/posts\/15641","targetHints":{"allow":["GET"]}}],"collection":[{"href":"https:\/\/blog.caritas.barcelona\/es\/wp-json\/wp\/v2\/posts"}],"about":[{"href":"https:\/\/blog.caritas.barcelona\/es\/wp-json\/wp\/v2\/types\/post"}],"author":[{"embeddable":true,"href":"https:\/\/blog.caritas.barcelona\/es\/wp-json\/wp\/v2\/users\/4"}],"replies":[{"embeddable":true,"href":"https:\/\/blog.caritas.barcelona\/es\/wp-json\/wp\/v2\/comments?post=15641"}],"version-history":[{"count":1,"href":"https:\/\/blog.caritas.barcelona\/es\/wp-json\/wp\/v2\/posts\/15641\/revisions"}],"predecessor-version":[{"id":15642,"href":"https:\/\/blog.caritas.barcelona\/es\/wp-json\/wp\/v2\/posts\/15641\/revisions\/15642"}],"wp:featuredmedia":[{"embeddable":true,"href":"https:\/\/blog.caritas.barcelona\/es\/wp-json\/wp\/v2\/media\/15475"}],"wp:attachment":[{"href":"https:\/\/blog.caritas.barcelona\/es\/wp-json\/wp\/v2\/media?parent=15641"}],"wp:term":[{"taxonomy":"category","embeddable":true,"href":"https:\/\/blog.caritas.barcelona\/es\/wp-json\/wp\/v2\/categories?post=15641"},{"taxonomy":"post_tag","embeddable":true,"href":"https:\/\/blog.caritas.barcelona\/es\/wp-json\/wp\/v2\/tags?post=15641"},{"taxonomy":"autor","embeddable":true,"href":"https:\/\/blog.caritas.barcelona\/es\/wp-json\/wp\/v2\/autor?post=15641"}],"curies":[{"name":"wp","href":"https:\/\/api.w.org\/{rel}","templated":true}]}}