{"id":15638,"date":"2025-11-25T08:00:13","date_gmt":"2025-11-25T07:00:13","guid":{"rendered":"https:\/\/blog.caritas.barcelona\/?p=15638"},"modified":"2025-11-25T14:09:51","modified_gmt":"2025-11-25T13:09:51","slug":"este-25n-prevenimos-y-detenemos-la-violencia-contra-las-mujeres","status":"publish","type":"post","link":"https:\/\/blog.caritas.barcelona\/es\/familia-e-infancia\/este-25n-prevenimos-y-detenemos-la-violencia-contra-las-mujeres\/","title":{"rendered":"Este 25N, prevenimos y detenemos la violencia contra las mujeres"},"content":{"rendered":"<p>Desde la casa de acogida para mujeres v\u00edctimas de violencia machista, Marialar, han impulsado una acci\u00f3n comunitaria para informar y sensibilizar a la ciudadan\u00eda sobre c\u00f3mo crear entornos seguros y protectores ante las violencias machistas.<\/p>\n<p><img loading=\"lazy\" decoding=\"async\" class=\"aligncenter wp-image-15617 size-full\" src=\"https:\/\/blog.caritas.barcelona\/wp-content\/uploads\/sites\/2\/2025\/11\/IMG_9213-scaled-e1763992506662.jpeg\" alt=\"\" width=\"768\" height=\"576\" \/><\/p>\n<p>En el marco del <strong>25 de noviembre, D\u00eda Internacional para la Eliminaci\u00f3n de la Violencia contra las Mujeres<\/strong>, desde la casa de acogida Marialar, un proyecto de C\u00e1ritas Diocesana de Barcelona y Suara Cooperativa, han impulsado una <strong>acci\u00f3n comunitaria con un objetivo claro: empoderar a la ciudadan\u00eda con informaci\u00f3n y herramientas concretas para saber c\u00f3mo actuar ante una situaci\u00f3n de violencia machista<\/strong>, tanto si se es v\u00edctima como si se es testigo.<\/p>\n<p><img loading=\"lazy\" decoding=\"async\" class=\"aligncenter wp-image-15619 size-full\" src=\"https:\/\/blog.caritas.barcelona\/wp-content\/uploads\/sites\/2\/2025\/11\/WhatsApp-Image-2025-11-24-at-14.07.07-1-scaled-e1763992592516.jpeg\" alt=\"\" width=\"768\" height=\"576\" \/><\/p>\n<p data-start=\"42\" data-end=\"1327\">\u201cLa erradicaci\u00f3n de las violencias machistas es una responsabilidad compartida que exige la implicaci\u00f3n de toda la sociedad\u201d, defienden las responsables del proyecto, que a\u00f1aden que \u201csolo si sabemos c\u00f3mo actuar podemos contribuir a romper el c\u00edrculo de la violencia y generar espacios seguros para todas las mujeres\u201d. Por eso, este 25N han repartido <strong>carteles y tr\u00edpticos informativos en comercios, entidades y equipamientos p\u00fablicos<\/strong> de Barcelona con recursos para detectar, prevenir y actuar ante situaciones de violencia machista.<\/p>\n<p data-start=\"1329\" data-end=\"1535\">En total, <strong>una decena de mujeres del proyecto ha participado<\/strong> en esta acci\u00f3n, que se ha llevado a cabo en varios puntos de la ciudad, entre ellos los distritos de Gr\u00e0cia, Horta-Guinard\u00f3 y Sarri\u00e0-Sant Gervasi.<\/p>\n<p data-start=\"1329\" data-end=\"1535\"><img loading=\"lazy\" decoding=\"async\" class=\"aligncenter wp-image-15623 size-large\" src=\"https:\/\/blog.caritas.barcelona\/wp-content\/uploads\/sites\/2\/2025\/11\/IMG_9199-768x1024.jpeg\" alt=\"\" width=\"768\" height=\"1024\" \/><\/p>\n<h3 data-start=\"1537\" data-end=\"1859\"><strong data-start=\"1537\" data-end=\"1597\">Dec\u00e1logo \u201cEntornos seguros contra la violencia machista\u201d<\/strong><\/h3>\n<p data-start=\"1537\" data-end=\"1859\">El <strong>\u201c<a href=\"https:\/\/suara.coop\/sites\/default\/files\/2025-11\/DECALEG-25N-02CAST.pdf\">Dec\u00e1logo: entornos seguros contra la violencia machista<\/a>\u201d<\/strong> recoge indicaciones claras sobre <strong>c\u00f3mo identificar una situaci\u00f3n de violencia, c\u00f3mo acompa\u00f1ar a la v\u00edctima de manera respetuosa y efectiva, y qu\u00e9 pasos se pueden seguir m\u00e1s all\u00e1 del momento concreto<\/strong>.<\/p>\n<p data-start=\"1861\" data-end=\"2382\">\u201cEste dec\u00e1logo es, a la vez, un recurso pr\u00e1ctico y un s\u00edmbolo de compromiso colectivo: una invitaci\u00f3n a fomentar entornos protectores donde todas las mujeres puedan sentirse seguras\u201d, aseguran desde el proyecto. Como bien apuntan las mujeres que viven en la casa, <strong>\u201ctu compromiso es nuestro escudo\u201d<\/strong>. Por ello, este 25N desde C\u00e1ritas Diocesana de Barcelona animamos a toda la comunidad a consultarlo y compartirlo, porque <strong>la seguridad y la recuperaci\u00f3n de las mujeres dependen de la corresponsabilidad<\/strong> y la cohesi\u00f3n social.<\/p>\n<p data-start=\"1861\" data-end=\"2382\"><img loading=\"lazy\" decoding=\"async\" class=\"aligncenter wp-image-15621 size-large\" src=\"https:\/\/blog.caritas.barcelona\/wp-content\/uploads\/sites\/2\/2025\/11\/IMG_9166-768x1024.jpeg\" alt=\"\" width=\"768\" height=\"1024\" \/><\/p>\n<h3 data-start=\"2384\" data-end=\"2817\"><strong data-start=\"2384\" data-end=\"2430\">Marialar: un espacio para empezar de nuevo<\/strong><\/h3>\n<p data-start=\"2384\" data-end=\"2817\">La <strong>casa de acogida Marialar<\/strong> es un proyecto compartido entre C\u00e1ritas Barcelona y Suara Cooperativa. Se ofrece un espacio seguro y acogedor para mujeres solas o con hijos que han vivido situaciones de violencia machista o de exclusi\u00f3n social. El objetivo es proporcionar un hogar y acompa\u00f1amiento profesional para que puedan recuperarse y reconstruir sus vidas con autonom\u00eda y dignidad.<\/p>\n<p data-start=\"2819\" data-end=\"2880\">Actualmente, en La Bauma viven <strong>18 mujeres y 36 ni\u00f1os y ni\u00f1as<\/strong>.<\/p>\n","protected":false},"excerpt":{"rendered":"<p>Desde la casa de acogida para mujeres v\u00edctimas de violencia machista, Marialar, han impulsado una acci\u00f3n comunitaria para informar y sensibilizar a la ciudadan\u00eda sobre c\u00f3mo crear entornos seguros y protectores ante las violencias machistas. En el marco del 25 de noviembre, D\u00eda Internacional para la Eliminaci\u00f3n de la Violencia contra las Mujeres, desde la [&hellip;]<\/p>\n","protected":false},"author":4,"featured_media":15617,"comment_status":"closed","ping_status":"closed","sticky":false,"template":"","format":"standard","meta":{"footnotes":""},"categories":[28],"tags":[],"autor":[36],"class_list":["post-15638","post","type-post","status-publish","format-standard","has-post-thumbnail","hentry","category-familia-e-infancia","autor-caritas-diocesana-de-barcelona-es"],"aioseo_notices":[],"_links":{"self":[{"href":"https:\/\/blog.caritas.barcelona\/es\/wp-json\/wp\/v2\/posts\/15638","targetHints":{"allow":["GET"]}}],"collection":[{"href":"https:\/\/blog.caritas.barcelona\/es\/wp-json\/wp\/v2\/posts"}],"about":[{"href":"https:\/\/blog.caritas.barcelona\/es\/wp-json\/wp\/v2\/types\/post"}],"author":[{"embeddable":true,"href":"https:\/\/blog.caritas.barcelona\/es\/wp-json\/wp\/v2\/users\/4"}],"replies":[{"embeddable":true,"href":"https:\/\/blog.caritas.barcelona\/es\/wp-json\/wp\/v2\/comments?post=15638"}],"version-history":[{"count":4,"href":"https:\/\/blog.caritas.barcelona\/es\/wp-json\/wp\/v2\/posts\/15638\/revisions"}],"predecessor-version":[{"id":15652,"href":"https:\/\/blog.caritas.barcelona\/es\/wp-json\/wp\/v2\/posts\/15638\/revisions\/15652"}],"wp:featuredmedia":[{"embeddable":true,"href":"https:\/\/blog.caritas.barcelona\/es\/wp-json\/wp\/v2\/media\/15617"}],"wp:attachment":[{"href":"https:\/\/blog.caritas.barcelona\/es\/wp-json\/wp\/v2\/media?parent=15638"}],"wp:term":[{"taxonomy":"category","embeddable":true,"href":"https:\/\/blog.caritas.barcelona\/es\/wp-json\/wp\/v2\/categories?post=15638"},{"taxonomy":"post_tag","embeddable":true,"href":"https:\/\/blog.caritas.barcelona\/es\/wp-json\/wp\/v2\/tags?post=15638"},{"taxonomy":"autor","embeddable":true,"href":"https:\/\/blog.caritas.barcelona\/es\/wp-json\/wp\/v2\/autor?post=15638"}],"curies":[{"name":"wp","href":"https:\/\/api.w.org\/{rel}","templated":true}]}}