{"id":15401,"date":"2025-11-17T09:00:16","date_gmt":"2025-11-17T08:00:16","guid":{"rendered":"https:\/\/blog.caritas.barcelona\/?p=15401"},"modified":"2025-11-17T12:22:50","modified_gmt":"2025-11-17T11:22:50","slug":"mas-alla-de-los-topicos","status":"publish","type":"post","link":"https:\/\/blog.caritas.barcelona\/es\/somos-noticia\/mas-alla-de-los-topicos\/","title":{"rendered":"M\u00e1s all\u00e1 de los t\u00f3picos"},"content":{"rendered":"<p><span class=\"TextRun SCXW82999377 BCX8\" lang=\"CA-ES\" xml:lang=\"CA-ES\" data-contrast=\"none\"><span class=\"NormalTextRun SCXW82999377 BCX8\">Con la <\/span><span class=\"NormalTextRun SpellingErrorV2Themed SCXW82999377 BCX8\">campa\u00f1a<\/span><span class=\"NormalTextRun SCXW82999377 BCX8\"> \u201c<\/span><span class=\"NormalTextRun SpellingErrorV2Themed SCXW82999377 BCX8\">M\u00e1s<\/span><span class=\"NormalTextRun SCXW82999377 BCX8\"> de lo que crees\u201d, <\/span><span class=\"NormalTextRun SpellingErrorV2Themed SCXW82999377 BCX8\">C\u00e1ritas<\/span><span class=\"NormalTextRun SCXW82999377 BCX8\"> Diocesana de Barcelona <\/span><span class=\"NormalTextRun SpellingErrorV2Themed SCXW82999377 BCX8\">quiere<\/span><span class=\"NormalTextRun SCXW82999377 BCX8\"> mostrar la <\/span><span class=\"NormalTextRun SpellingErrorV2Themed SCXW82999377 BCX8\">aut\u00e9ntica<\/span> <span class=\"NormalTextRun SpellingErrorV2Themed SCXW82999377 BCX8\">dimensi\u00f3n<\/span><span class=\"NormalTextRun SCXW82999377 BCX8\"> de <\/span><span class=\"NormalTextRun SpellingErrorV2Themed SCXW82999377 BCX8\">su<\/span> <span class=\"NormalTextRun SpellingErrorV2Themed SCXW82999377 BCX8\">acci\u00f3n<\/span><span class=\"NormalTextRun SCXW82999377 BCX8\"> social e invitar a la <\/span><span class=\"NormalTextRun SpellingErrorV2Themed SCXW82999377 BCX8\">ciudadan\u00eda<\/span><span class=\"NormalTextRun SCXW82999377 BCX8\"> a <\/span><span class=\"NormalTextRun SpellingErrorV2Themed SCXW82999377 BCX8\">romper<\/span> <span class=\"NormalTextRun SpellingErrorV2Themed SCXW82999377 BCX8\">t\u00f3picos<\/span><\/span><\/p>\n<p><img loading=\"lazy\" decoding=\"async\" class=\"aligncenter wp-image-15438 size-full\" src=\"https:\/\/blog.caritas.barcelona\/wp-content\/uploads\/sites\/2\/2025\/11\/20251117_MES_DEL_QUE_CREUS-scaled-e1763378483838.jpg\" alt=\"\" width=\"768\" height=\"544\" \/><\/p>\n<p><span data-contrast=\"none\">Este a\u00f1o, C\u00e1ritas Diocesana de Barcelona ha puesto en marcha la campa\u00f1a \u201cM\u00e1s de lo que<\/span> <span data-contrast=\"none\">crees\u201d con un objetivo claro: <\/span><b><span data-contrast=\"none\">mostrar la diversidad de su acci\u00f3n social y romper t\u00f3picos<\/span><\/b><span data-contrast=\"none\">. Con este lema, la entidad invita a la sociedad a mirar m\u00e1s all\u00e1 de la imagen tradicional asociada al asistencialismo y descubrir una realidad mucho m\u00e1s compleja, transformadora y comprometida.<\/span><span data-ccp-props=\"{&quot;134233117&quot;:false,&quot;134233118&quot;:false,&quot;335559738&quot;:0,&quot;335559739&quot;:0}\">\u00a0<\/span><\/p>\n<p><span data-ccp-props=\"{}\">\u00a0<\/span><span data-contrast=\"none\">C\u00e1ritas cuenta con <\/span><b><span data-contrast=\"none\">534 proyectos en toda la di\u00f3cesis de Barcelona.<\/span><\/b><span data-contrast=\"none\"> Son proyectos muy variados, que van desde centros abiertos y espacios comunitarios hasta programas de formaci\u00f3n e inserci\u00f3n laboral, apoyo emocional o pisos para personas en reinserci\u00f3n penitenciaria. Proyectos que, con frecuencia, no se asocian a C\u00e1ritas, y que la entidad ha querido hacer visibles.<\/span><span data-ccp-props=\"{&quot;134233117&quot;:false,&quot;134233118&quot;:false,&quot;335559738&quot;:0,&quot;335559739&quot;:0}\">\u00a0<\/span><\/p>\n<p><span data-contrast=\"none\">Entre las acciones destacadas de la campa\u00f1a, C\u00e1ritas invit\u00f3 a <\/span><b><span data-contrast=\"none\">cuatro figuras reconocidas<\/span><\/b><span data-ccp-props=\"{&quot;134233117&quot;:false,&quot;134233118&quot;:false,&quot;335559738&quot;:0,&quot;335559739&quot;:0}\">\u00a0<\/span><b><span data-contrast=\"none\">del \u00e1mbito social y cultural catal\u00e1n a visitar algunos de sus recursos<\/span><\/b><span data-contrast=\"none\"> para que conocieran de primera mano el trabajo que se realiza y ayudar a difundirlo. La periodista y escritora <\/span><b><span data-contrast=\"none\">Pilar Eyre<\/span><\/b><span data-contrast=\"none\">; el periodista <\/span><b><span data-contrast=\"none\">Xavier Grasset<\/span><\/b><span data-contrast=\"none\">; la cocinera <\/span><b><span data-contrast=\"none\">Ada Parellada<\/span><\/b><span data-contrast=\"none\">, y el periodista y activista social <\/span><b><span data-contrast=\"none\">David Fern\u00e0ndez<\/span><\/b><span data-contrast=\"none\"> aceptaron la invitaci\u00f3n.<\/span><span data-ccp-props=\"{&quot;134233117&quot;:false,&quot;134233118&quot;:false,&quot;335559738&quot;:0,&quot;335559739&quot;:0}\">\u00a0<\/span><\/p>\n<p><span data-ccp-props=\"{}\">\u00a0<\/span><span data-contrast=\"none\">De la mano de personas voluntarias y contratadas, los invitados tuvieron la oportunidad de<\/span><span data-ccp-props=\"{&quot;134233117&quot;:false,&quot;134233118&quot;:false,&quot;335559738&quot;:0,&quot;335559739&quot;:0}\">\u00a0<\/span><span data-contrast=\"none\">conocer los espacios en los que C\u00e1ritas tiene situados algunos de sus proyectos, conocer<\/span><span data-ccp-props=\"{&quot;134233117&quot;:false,&quot;134233118&quot;:false,&quot;335559738&quot;:0,&quot;335559739&quot;:0}\">\u00a0<\/span><span data-contrast=\"none\">la metodolog\u00eda de trabajo y hablar con las personas que participan. \u00bfC\u00f3mo han vivido la<\/span><span data-ccp-props=\"{&quot;134233117&quot;:false,&quot;134233118&quot;:false,&quot;335559738&quot;:0,&quot;335559739&quot;:0}\">\u00a0<\/span><span data-contrast=\"none\">experiencia? \u00bfQu\u00e9 han descubierto que no sab\u00edan?<\/span><span data-ccp-props=\"{&quot;134233117&quot;:false,&quot;134233118&quot;:false,&quot;335559738&quot;:0,&quot;335559739&quot;:0}\">\u00a0<\/span><\/p>\n<p><b><span data-contrast=\"none\">Pilar Eyre conoce el proyecto Feina amb Cor: \u201cNadie quiere vivir de la caridad: todo el mundo quiere trabajar\u201d<\/span><\/b><span data-ccp-props=\"{&quot;134233117&quot;:false,&quot;134233118&quot;:false,&quot;335559738&quot;:0,&quot;335559739&quot;:0}\">\u00a0<\/span><\/p>\n<p><img loading=\"lazy\" decoding=\"async\" class=\"aligncenter wp-image-15381 size-full\" src=\"https:\/\/blog.caritas.barcelona\/wp-content\/uploads\/sites\/2\/2025\/11\/NAZA8202-scaled-e1762939534698.jpg\" alt=\"\" width=\"768\" height=\"512\" \/><\/p>\n<p><span data-contrast=\"none\">La periodista y escritora Pilar Eyre sali\u00f3 impresionada de la visita al proyecto <\/span><b><span data-contrast=\"none\">Feina amb Cor, el servicio de atenci\u00f3n a la ocupaci\u00f3n de C\u00e1ritas Diocesana de Barcelona<\/span><\/b><span data-contrast=\"none\"> dirigido a personas que se encuentran en b\u00fasqueda activa de trabajo.<\/span><span data-ccp-props=\"{&quot;134233117&quot;:false,&quot;134233118&quot;:false,&quot;335559738&quot;:0,&quot;335559739&quot;:0}\">\u00a0<\/span><\/p>\n<p><span data-contrast=\"none\">\u201cLa gente a menudo identifica a C\u00e1ritas con comida y ropa, pero es mucho m\u00e1s que eso. Aqu\u00ed hay seriedad, profesionalidad y una actitud profundamente generosa. Te hacen creer en el ser humano\u201d, dice.<\/span><span data-ccp-props=\"{&quot;134233117&quot;:false,&quot;134233118&quot;:false,&quot;335559738&quot;:0,&quot;335559739&quot;:0}\">\u00a0<\/span><\/p>\n<p><span data-contrast=\"none\">A trav\u00e9s de un itinerario intensivo y personalizado, que dura seis meses, las personas que participan en Feina amb Cor reciben apoyo para mejorar sus competencias laborales, refuerzan la autoestima y recuperan la confianza. Seg\u00fan Eyre, \u201cel trabajo que se hace aqu\u00ed no est\u00e1 suficientemente reconocido. <\/span><b><span data-contrast=\"none\">La forma con la que se acompa\u00f1a a estas personas para que encuentren su puesto en la sociedad es incre\u00edble<\/span><\/b><span data-contrast=\"none\">\u201d.<\/span><span data-ccp-props=\"{&quot;134233117&quot;:false,&quot;134233118&quot;:false,&quot;335559738&quot;:0,&quot;335559739&quot;:0}\">\u00a0<\/span><\/p>\n<p><span data-contrast=\"none\">El programa incluye talleres pr\u00e1cticos, como la redacci\u00f3n de curr\u00edculums, simulaciones de entrevistas y espacios de orientaci\u00f3n personal. <\/span><b><span data-contrast=\"none\">\u201cAqu\u00ed se les da la oportunidad y las herramientas para hacerlo.<\/span><\/b><span data-contrast=\"none\"> Nadie quiere vivir de la caridad: todo el mundo quiere trabajar\u201d, sentencia Eyre.<\/span><span data-ccp-props=\"{&quot;134233117&quot;:false,&quot;134233118&quot;:false,&quot;335559738&quot;:0,&quot;335559739&quot;:0}\">\u00a0<\/span><\/p>\n<p><img loading=\"lazy\" decoding=\"async\" class=\"aligncenter wp-image-15383 size-full\" src=\"https:\/\/blog.caritas.barcelona\/wp-content\/uploads\/sites\/2\/2025\/11\/naza8293-scaled-e1762939602627.jpg\" alt=\"\" width=\"768\" height=\"512\" \/><\/p>\n<p><strong><span class=\"TextRun SCXW203656698 BCX8\" lang=\"CA-ES\" xml:lang=\"CA-ES\" data-contrast=\"none\"><span class=\"NormalTextRun SCXW203656698 BCX8\">Xavier Grasset visita la Llar Pere Oliveras: \u201cEs el <\/span><span class=\"NormalTextRun SpellingErrorV2Themed SCXW203656698 BCX8\">volante<\/span><span class=\"NormalTextRun SCXW203656698 BCX8\"> que <\/span><span class=\"NormalTextRun SpellingErrorV2Themed SCXW203656698 BCX8\">permite<\/span><span class=\"NormalTextRun SCXW203656698 BCX8\"> recuperar la ruta\u201d<\/span><\/span><\/strong><span class=\"EOP SCXW203656698 BCX8\" data-ccp-props=\"{&quot;134233117&quot;:false,&quot;134233118&quot;:false,&quot;335559738&quot;:0,&quot;335559739&quot;:0}\">\u00a0<\/span><\/p>\n<p><img loading=\"lazy\" decoding=\"async\" class=\"aligncenter wp-image-15385 size-full\" src=\"https:\/\/blog.caritas.barcelona\/wp-content\/uploads\/sites\/2\/2025\/11\/GRASSET_PERE_OLIVERAS.fw_-e1762939663710.png\" alt=\"\" width=\"768\" height=\"394\" \/><\/p>\n<p><span data-contrast=\"none\">La <\/span><b><span data-contrast=\"none\">Llar Pere Oliveras<\/span><\/b><span data-contrast=\"none\">, situada en la parroquia de Santa Mar\u00eda de Sants, ofrece <\/span><b><span data-contrast=\"none\">acogida y apoyo socioeducativo a hombres en situaci\u00f3n penitenciaria de segundo y tercer grado o en libertad definitiva<\/span><\/b><span data-contrast=\"none\">. Con 16 plazas y un equipo profesional disponible las 24 horas, el hogar se convierte en un espacio donde iniciar un proceso de recuperaci\u00f3n personal, emocional y relacional, con seguimiento intensivo hasta el cumplimiento definitivo de la condena.<\/span><span data-ccp-props=\"{&quot;134233117&quot;:false,&quot;134233118&quot;:false,&quot;335559738&quot;:0,&quot;335559739&quot;:0}\">\u00a0<\/span><\/p>\n<p><b><span data-contrast=\"none\">\u201cCuando alguien sale de la c\u00e1rcel, necesita un centro de gravedad, un sitio al que volver\u201d<\/span><\/b><span data-contrast=\"none\">, explica Grasset. \u201cEsta casa ofrece protecci\u00f3n y dignidad. Es un volante que permite recuperar la ruta. El sue\u00f1o de la plena reinserci\u00f3n pasa por aqu\u00ed.\u201d<\/span><span data-ccp-props=\"{&quot;134233117&quot;:false,&quot;134233118&quot;:false,&quot;335559738&quot;:0,&quot;335559739&quot;:0}\">\u00a0<\/span><\/p>\n<p><span data-contrast=\"none\">Para Xavier Grasset, el proyecto representa la vocaci\u00f3n social de la Iglesia: \u201cC\u00e1ritas no solo da el pescado, tambi\u00e9n da la ca\u00f1a para pescar. Y eso es lo que realmente transforma vidas.\u201d<\/span><span data-ccp-props=\"{&quot;134233117&quot;:false,&quot;134233118&quot;:false,&quot;335559738&quot;:0,&quot;335559739&quot;:0}\">\u00a0<\/span><\/p>\n<p><span data-contrast=\"none\">La Llar Pere Oliveras responde a una necesidad urgente y lo hace desde un modelo de acompa\u00f1amiento, que reconoce el derecho a volver a empezar y reanudar tu participaci\u00f3n en la comunidad. \u201cDisponer de un espacio como este es el primer paso para recuperar la vida\u201d, dice Grasset.<\/span><span data-ccp-props=\"{&quot;134233117&quot;:false,&quot;134233118&quot;:false,&quot;335559738&quot;:0,&quot;335559739&quot;:0}\">\u00a0<\/span><\/p>\n<p><img loading=\"lazy\" decoding=\"async\" class=\"aligncenter wp-image-15387 size-full\" src=\"https:\/\/blog.caritas.barcelona\/wp-content\/uploads\/sites\/2\/2025\/11\/IMG_1523-min-scaled-e1762939727411.jpg\" alt=\"\" width=\"768\" height=\"575\" \/><\/p>\n<p><strong><span class=\"TextRun SCXW87578800 BCX8\" lang=\"CA-ES\" xml:lang=\"CA-ES\" data-contrast=\"none\"><span class=\"NormalTextRun SCXW87578800 BCX8\">Ada Parellada <\/span><span class=\"NormalTextRun SpellingErrorV2Themed SCXW87578800 BCX8\">pasa<\/span><span class=\"NormalTextRun SCXW87578800 BCX8\"> una <\/span><span class=\"NormalTextRun SpellingErrorV2Themed SCXW87578800 BCX8\">ma\u00f1ana<\/span><span class=\"NormalTextRun SCXW87578800 BCX8\"> en el taller \u2018A taula\u2019: \u201cLa <\/span><span class=\"NormalTextRun SpellingErrorV2Themed SCXW87578800 BCX8\">cocina<\/span><span class=\"NormalTextRun SCXW87578800 BCX8\"> es una <\/span><span class=\"NormalTextRun SpellingErrorV2Themed SCXW87578800 BCX8\">estrategia<\/span><span class=\"NormalTextRun SCXW87578800 BCX8\"> de <\/span><span class=\"NormalTextRun SpellingErrorV2Themed SpellingErrorHighlight SCXW87578800 BCX8\">acogida<\/span><span class=\"NormalTextRun SCXW87578800 BCX8\"> y <\/span><span class=\"NormalTextRun SpellingErrorV2Themed SCXW87578800 BCX8\">comunidad<\/span><span class=\"NormalTextRun SCXW87578800 BCX8\">\u201d<\/span><\/span><span class=\"EOP SCXW87578800 BCX8\" data-ccp-props=\"{&quot;134233117&quot;:false,&quot;134233118&quot;:false,&quot;335559738&quot;:0,&quot;335559739&quot;:0}\">\u00a0<\/span><\/strong><\/p>\n<p><img loading=\"lazy\" decoding=\"async\" class=\"aligncenter wp-image-15397 size-full\" src=\"https:\/\/blog.caritas.barcelona\/wp-content\/uploads\/sites\/2\/2025\/11\/1762938917754-cea45034-b01b-4017-b6af-5f91e91cac46_1-e1762939808466.jpg\" alt=\"\" width=\"768\" height=\"576\" \/><\/p>\n<p><span data-contrast=\"none\">La cocinera Ada Parellada comparte fogones y conversaciones con las personas participantes del taller<\/span><b><span data-contrast=\"none\"> \u2018A taula\u2019, un espacio de cocina comunitaria <\/span><\/b><span data-contrast=\"none\">impulsado por C\u00e1ritas en Badalona y dirigido principalmente a personas reci\u00e9n llegadas.<\/span><span data-ccp-props=\"{&quot;134233117&quot;:false,&quot;134233118&quot;:false,&quot;335559738&quot;:0,&quot;335559739&quot;:0}\">\u00a0<\/span><\/p>\n<p><b><span data-contrast=\"none\">El proyecto utiliza la cocina como lenguaje universal para crear v\u00ednculos, compartir sabores y romper prejuicios.<\/span><\/b><span data-contrast=\"none\"> \u201cTodos y todas tenemos el poso cultural de los sabores \u2014explica Parellada\u2014 que nos conectan con nuestro pa\u00eds de origen, pero que tambi\u00e9n nos ayudan a arraigarnos cuando los podemos compartir.\u201d<\/span><span data-ccp-props=\"{&quot;134233117&quot;:false,&quot;134233118&quot;:false,&quot;335559738&quot;:0,&quot;335559739&quot;:0}\">\u00a0<\/span><\/p>\n<p><span data-contrast=\"none\">Seg\u00fan la cocinera, talleres como estos son esenciales para construir comunidad. \u201cLa cocina no necesita palabras: conecta, acoge y hace sentir que formas parte de una red. Y sientes el calor, te hace sentir que perteneces.\u201d<\/span><span data-ccp-props=\"{&quot;134233117&quot;:false,&quot;134233118&quot;:false,&quot;335559738&quot;:0,&quot;335559739&quot;:0}\">\u00a0<\/span><\/p>\n<p><span data-contrast=\"none\">\u201cA taula\u201d no es solo un taller de cocina, sino un espacio de relaci\u00f3n y confianza donde las personas participantes comparten historias, vivencias y recetas. Es una puerta de entrada a la comunidad, un lugar en el que se construyen v\u00ednculos y se desmontan estereotipos. <\/span><b><span data-contrast=\"none\">\u201cC\u00e1ritas hace una tarea solidaria y social imprescindible, que llega donde no lo hacen las administraciones\u201d<\/span><\/b><span data-contrast=\"none\">, afirma Parellada. \u201cSu trabajo es de un agradecimiento infinito.\u201d<\/span><span data-ccp-props=\"{&quot;134233117&quot;:false,&quot;134233118&quot;:false,&quot;335559738&quot;:0,&quot;335559739&quot;:0}\">\u00a0<\/span><\/p>\n<p><span data-contrast=\"none\">Para ella, la cocina es mucho m\u00e1s que una actividad: es una estrategia para crear red, para generar confianza y para dignificar. <\/span><b><span data-contrast=\"none\">\u201cTodos necesitamos sentir que formamos parte de una comunidad. Y aqu\u00ed, en torno a una mesa, esto se hace realidad.\u201d<\/span><\/b><span data-ccp-props=\"{&quot;134233117&quot;:false,&quot;134233118&quot;:false,&quot;335559738&quot;:0,&quot;335559739&quot;:0}\">\u00a0<\/span><\/p>\n<p><img loading=\"lazy\" decoding=\"async\" class=\"aligncenter wp-image-15399 size-full\" src=\"https:\/\/blog.caritas.barcelona\/wp-content\/uploads\/sites\/2\/2025\/11\/1762938918000-718c3120-da24-434d-8ed1-0be49a02802b_1-e1762939874137.jpg\" alt=\"\" width=\"768\" height=\"576\" \/><\/p>\n<p><strong><span class=\"TextRun SCXW23111866 BCX8\" lang=\"CA-ES\" xml:lang=\"CA-ES\" data-contrast=\"none\"><span class=\"NormalTextRun SCXW23111866 BCX8\">David Fern\u00e0ndez se <\/span><span class=\"NormalTextRun SpellingErrorV2Themed SCXW23111866 BCX8\">adentra<\/span><span class=\"NormalTextRun SCXW23111866 BCX8\"> en el <\/span><span class=\"NormalTextRun SpellingErrorV2Themed SCXW23111866 BCX8\">d\u00eda<\/span><span class=\"NormalTextRun SCXW23111866 BCX8\"> a <\/span><span class=\"NormalTextRun SpellingErrorV2Themed SCXW23111866 BCX8\">d\u00eda<\/span><span class=\"NormalTextRun SCXW23111866 BCX8\"> del Centre Obert Torre Bar\u00f3: \u201cAqu\u00ed la vida es <\/span><span class=\"NormalTextRun SpellingErrorV2Themed SCXW23111866 BCX8\">comunidad<\/span><span class=\"NormalTextRun SCXW23111866 BCX8\">\u201d<\/span><\/span><span class=\"EOP SCXW23111866 BCX8\" data-ccp-props=\"{&quot;134233117&quot;:false,&quot;134233118&quot;:false,&quot;335559738&quot;:0,&quot;335559739&quot;:0}\">\u00a0<\/span><\/strong><\/p>\n<p><img loading=\"lazy\" decoding=\"async\" class=\"aligncenter wp-image-15389 size-full\" src=\"https:\/\/blog.caritas.barcelona\/wp-content\/uploads\/sites\/2\/2025\/11\/20250411_MONA_TORRE_BARO_@ERICK_NAZARIO_043-scaled-e1762940032962.jpg\" alt=\"\" width=\"768\" height=\"512\" \/><\/p>\n<p><span data-contrast=\"none\">\u201cSaber que este es el \u00fanico centro social, comunitario y vital del barrio es una maravilla\u201d, dice emocionado el periodista y activista social, David Fern\u00e0ndez. Habla del <\/span><b><span data-contrast=\"none\">Centre Obert Torre Bar\u00f3, un espacio comunitario impulsado por C\u00e1ritas Barcelona y Suara que da respuesta a ni\u00f1os y j\u00f3venes en situaci\u00f3n de exclusi\u00f3n social, as\u00ed como a sus familias y otros vecinos y vecinas de Torre Bar\u00f3<\/span><\/b><span data-contrast=\"none\">.<\/span><span data-ccp-props=\"{&quot;134233117&quot;:false,&quot;134233118&quot;:false,&quot;335559738&quot;:0,&quot;335559739&quot;:0}\">\u00a0<\/span><\/p>\n<p><span data-contrast=\"none\">Para Fern\u00e0ndez, este proyecto es un ejemplo de lo que\u00a0<\/span><span data-contrast=\"none\">\u00e9l llama <\/span><b><span data-contrast=\"none\">cristianismo de base, \u201ccomo lo que representa C\u00e1ritas, que se deja la piel en las periferias y abre caminos de vida compartida.\u201d<\/span><\/b><span data-contrast=\"none\"> \u201cEspacios como este dan libertad, acogida y dignidad a vidas sometidas a la exclusi\u00f3n\u201d, dice.<\/span><span data-ccp-props=\"{&quot;134233117&quot;:false,&quot;134233118&quot;:false,&quot;335559738&quot;:0,&quot;335559739&quot;:0}\">\u00a0<\/span><\/p>\n<p><span data-contrast=\"none\">El <\/span><b><span data-contrast=\"none\">Centre Obert Torre Bar\u00f3<\/span><\/b><span data-contrast=\"none\"> trabaja por el desarrollo educativo y emocional de los ni\u00f1os y ni\u00f1as, y promueve el v\u00ednculo, la igualdad de oportunidades y la cohesi\u00f3n social. Es el \u00fanico espacio de encuentro que queda en el barrio donde ni\u00f1os, ni\u00f1as, j\u00f3venes, familias y personas mayores conviven en un proyecto vivo y transformador que el vecindario ha hecho suyo.<\/span><span data-ccp-props=\"{&quot;134233117&quot;:false,&quot;134233118&quot;:false,&quot;335559738&quot;:0,&quot;335559739&quot;:0}\">\u00a0<\/span><\/p>\n<p><span data-contrast=\"none\">Durante la visita, destaca la <\/span><b><span data-contrast=\"none\">importancia de la acci\u00f3n comunitaria como herramienta de transformaci\u00f3n social<\/span><\/b><span data-contrast=\"none\">: \u201cEs fundamental que las entidades impulsen proyectos como este. Con redes, nadie cae. All\u00ed donde hay m\u00e1s v\u00ednculo comunitario, hay m\u00e1s posibilidades de que la vida sea habitable, sostenible y, sobre todo, vida.\u201d<\/span><span data-ccp-props=\"{&quot;134233117&quot;:false,&quot;134233118&quot;:false,&quot;335559738&quot;:0,&quot;335559739&quot;:0}\">\u00a0<\/span><\/p>\n<p><img loading=\"lazy\" decoding=\"async\" class=\"wp-image-15441 size-full aligncenter\" src=\"https:\/\/blog.caritas.barcelona\/wp-content\/uploads\/sites\/2\/2025\/11\/20250411_DAVID_FERNANDEZ-scaled-e1763378533735.jpg\" alt=\"\" width=\"768\" height=\"576\" \/><\/p>\n<p><span data-contrast=\"none\">Las experiencias de Pilar Eyre, Xavier Grasset, Ada Parellada y David Fern\u00e0ndez dan voz<\/span><span data-ccp-props=\"{&quot;134233117&quot;:false,&quot;134233118&quot;:false,&quot;335559738&quot;:0,&quot;335559739&quot;:0}\">\u00a0<\/span><span data-contrast=\"none\">a <\/span><b><span data-contrast=\"none\">una realidad que a menudo queda escondida y pone en valor la ingente labor que C\u00e1ritas teje cada d\u00eda<\/span><\/b><span data-contrast=\"none\"> en los barrios y ciudades de la di\u00f3cesis. Cada uno de ellos ha descubierto una C\u00e1ritas que va mucho m\u00e1s all\u00e1 de los t\u00f3picos, que acompa\u00f1a, transforma y construye comunidad desde la dignidad y el amor.<\/span><span data-ccp-props=\"{&quot;134233117&quot;:false,&quot;134233118&quot;:false,&quot;335559738&quot;:0,&quot;335559739&quot;:0}\">\u00a0<\/span><\/p>\n<p><span data-ccp-props=\"{}\">\u00a0<\/span><span data-contrast=\"none\">La campa\u00f1a \u201cM\u00e1s de lo que crees\u201d, que continuar\u00e1 activa en los pr\u00f3ximos meses con m\u00e1s<\/span><span data-ccp-props=\"{&quot;134233117&quot;:false,&quot;134233118&quot;:false,&quot;335559738&quot;:0,&quot;335559739&quot;:0}\">\u00a0<\/span><span data-contrast=\"none\">acciones, nos recuerda que <\/span><b><span data-contrast=\"none\">detr\u00e1s de cada proyecto hay personas con nombres y apellidos que luchan por salir adelante<\/span><\/b><span data-contrast=\"none\">.<\/span><span data-ccp-props=\"{&quot;134233117&quot;:false,&quot;134233118&quot;:false,&quot;335559738&quot;:0,&quot;335559739&quot;:0}\">\u00a0<\/span><\/p>\n<p><span data-ccp-props=\"{}\">\u00a0<\/span><span data-contrast=\"none\">La iniciativa apela a creer en el sentido m\u00e1s amplio: creer en la dignidad de cada persona y en la fuerza de la comunidad; y tambi\u00e9n en una fe que se concreta en acciones. Porque <\/span><b><span data-contrast=\"none\">cuando descubres todo lo que hace C\u00e1ritas, tambi\u00e9n descubres que es mucho m\u00e1s de lo que crees<\/span><\/b><span data-contrast=\"none\">.<\/span><span data-ccp-props=\"{&quot;134233117&quot;:false,&quot;134233118&quot;:false,&quot;335559738&quot;:0,&quot;335559739&quot;:0}\">\u00a0<\/span><\/p>\n","protected":false},"excerpt":{"rendered":"<p>Con la campa\u00f1a \u201cM\u00e1s de lo que crees\u201d, C\u00e1ritas Diocesana de Barcelona quiere mostrar la aut\u00e9ntica dimensi\u00f3n de su acci\u00f3n social e invitar a la ciudadan\u00eda a romper t\u00f3picos Este a\u00f1o, C\u00e1ritas Diocesana de Barcelona ha puesto en marcha la campa\u00f1a \u201cM\u00e1s de lo que crees\u201d con un objetivo claro: mostrar la diversidad de su [&hellip;]<\/p>\n","protected":false},"author":4,"featured_media":15438,"comment_status":"closed","ping_status":"closed","sticky":false,"template":"","format":"standard","meta":{"footnotes":""},"categories":[20],"tags":[],"autor":[2304],"class_list":["post-15401","post","type-post","status-publish","format-standard","has-post-thumbnail","hentry","category-somos-noticia","autor-alba-garcia-avila-es"],"aioseo_notices":[],"_links":{"self":[{"href":"https:\/\/blog.caritas.barcelona\/es\/wp-json\/wp\/v2\/posts\/15401","targetHints":{"allow":["GET"]}}],"collection":[{"href":"https:\/\/blog.caritas.barcelona\/es\/wp-json\/wp\/v2\/posts"}],"about":[{"href":"https:\/\/blog.caritas.barcelona\/es\/wp-json\/wp\/v2\/types\/post"}],"author":[{"embeddable":true,"href":"https:\/\/blog.caritas.barcelona\/es\/wp-json\/wp\/v2\/users\/4"}],"replies":[{"embeddable":true,"href":"https:\/\/blog.caritas.barcelona\/es\/wp-json\/wp\/v2\/comments?post=15401"}],"version-history":[{"count":4,"href":"https:\/\/blog.caritas.barcelona\/es\/wp-json\/wp\/v2\/posts\/15401\/revisions"}],"predecessor-version":[{"id":15443,"href":"https:\/\/blog.caritas.barcelona\/es\/wp-json\/wp\/v2\/posts\/15401\/revisions\/15443"}],"wp:featuredmedia":[{"embeddable":true,"href":"https:\/\/blog.caritas.barcelona\/es\/wp-json\/wp\/v2\/media\/15438"}],"wp:attachment":[{"href":"https:\/\/blog.caritas.barcelona\/es\/wp-json\/wp\/v2\/media?parent=15401"}],"wp:term":[{"taxonomy":"category","embeddable":true,"href":"https:\/\/blog.caritas.barcelona\/es\/wp-json\/wp\/v2\/categories?post=15401"},{"taxonomy":"post_tag","embeddable":true,"href":"https:\/\/blog.caritas.barcelona\/es\/wp-json\/wp\/v2\/tags?post=15401"},{"taxonomy":"autor","embeddable":true,"href":"https:\/\/blog.caritas.barcelona\/es\/wp-json\/wp\/v2\/autor?post=15401"}],"curies":[{"name":"wp","href":"https:\/\/api.w.org\/{rel}","templated":true}]}}