{"id":15311,"date":"2025-10-28T16:12:34","date_gmt":"2025-10-28T15:12:34","guid":{"rendered":"https:\/\/blog.caritas.barcelona\/?p=15311"},"modified":"2025-11-17T12:36:54","modified_gmt":"2025-11-17T11:36:54","slug":"caritas-ha-acompanado-a-21-888-personas-tras-el-primer-ano-de-la-dana","status":"publish","type":"post","link":"https:\/\/blog.caritas.barcelona\/es\/institucional-es\/caritas-ha-acompanado-a-21-888-personas-tras-el-primer-ano-de-la-dana\/","title":{"rendered":"C\u00e1ritas ha acompa\u00f1ado a 21.888 personas tras el primer a\u00f1o de la DANA"},"content":{"rendered":"<div class=\"lRu31\" dir=\"ltr\"><span class=\"HwtZe\" lang=\"es\"><span class=\"jCAhz ChMk0b\"><span class=\"ryNqvb\">Con una inversi\u00f3n total de 28,5 millones de euros, las ayudas se han centrado especialmente en la recuperaci\u00f3n de negocios y viviendas, atenci\u00f3n psicosocial y apoyo jur\u00eddico.<\/span><\/span><\/span><\/div>\n<p><img loading=\"lazy\" decoding=\"async\" class=\"size-large wp-image-15308 aligncenter\" src=\"https:\/\/blog.caritas.barcelona\/wp-content\/uploads\/sites\/2\/2025\/10\/WhatsApp-Image-2025-10-28-at-16.03.50-1024x831.jpeg\" alt=\"\" width=\"1024\" height=\"831\" srcset=\"https:\/\/blog.caritas.barcelona\/wp-content\/uploads\/sites\/2\/2025\/10\/WhatsApp-Image-2025-10-28-at-16.03.50-1024x831.jpeg 1024w, https:\/\/blog.caritas.barcelona\/wp-content\/uploads\/sites\/2\/2025\/10\/WhatsApp-Image-2025-10-28-at-16.03.50-300x243.jpeg 300w, https:\/\/blog.caritas.barcelona\/wp-content\/uploads\/sites\/2\/2025\/10\/WhatsApp-Image-2025-10-28-at-16.03.50-768x623.jpeg 768w, https:\/\/blog.caritas.barcelona\/wp-content\/uploads\/sites\/2\/2025\/10\/WhatsApp-Image-2025-10-28-at-16.03.50.jpeg 1356w\" sizes=\"auto, (max-width: 1024px) 100vw, 1024px\" \/><\/p>\n<p>Un a\u00f1o despu\u00e9s de las graves inundaciones que afectaron a Valencia, Letur (Albacete), Mira (Cuenca), M\u00e1laga y Jerez, C\u00e1ritas ha logrado acompa\u00f1ar a trav\u00e9s de sus centros, proyectos y parroquias a 21.888 personas con una inversi\u00f3n total de m\u00e1s de 28,5 millones de euros.<\/p>\n<p>En el marco del plan de repuesta a la emergencia, <strong>los esfuerzos de las C\u00e1ritas implicadas se han centrado en la restituci\u00f3n de los medios de vida de las personas afectadas a trav\u00e9s de la recuperaci\u00f3n de negocios y la rehabilitaci\u00f3n de locales y medios de trabajo<\/strong>. Tambi\u00e9n ha trabajado en el realojamiento de familias, reacondicionamiento y equipamiento de viviendas; atenci\u00f3n psicosocial, apoyo jur\u00eddico y reorganizaci\u00f3n de los propios centros y proyectos de C\u00e1ritas.<\/p>\n<p>Como en cada acci\u00f3n que lleva adelante C\u00e1ritas, <strong>el foco ha estado en los grupos que se encuentran en mayor situaci\u00f3n de vulnerabilidad<\/strong>: personas mayores, menores, j\u00f3venes, familias numerosas, personas migrantes, y quienes viven en soledad -sin redes de apoyo- o ya se encontraban en situaci\u00f3n de exclusi\u00f3n antes de la DANA.<\/p>\n<h3><strong>M\u00e1s de 20.000 personas acompa\u00f1adas en Valencia<\/strong><\/h3>\n<p>El mayor n\u00famero de personas acompa\u00f1adas se registr\u00f3 en Valencia. Un a\u00f1o despu\u00e9s de la riada, C\u00e1ritas Valencia ha logrado atender a <strong>20.700 personas a trav\u00e9s de las C\u00e1ritas parroquiales de los 84 municipios afectados en dicha provincia.<\/strong><\/p>\n<p>La inversi\u00f3n total de esta C\u00e1ritas diocesana asciende a los 27,7 millones de euros. Gran parte de estos fondos (9,3 millones) fueron destinados a <strong>ayudas para la restituci\u00f3n de viviendas<\/strong>; 3,7 millones se han transferido a las parroquias para que los distribuyan entre las personas afectas; 3 millones fueron destinados a <strong>cubrir necesidades b\u00e1sicas<\/strong>; otros 2,5 millones a la <strong>reconstrucci\u00f3n de peque\u00f1os negocios<\/strong>, y 2 millones a mejorar la movilidad. Tambi\u00e9n se han puesto en marcha cientos de<strong> iniciativas de ocio y tiempo libre para los menores afectados por esta cat\u00e1strofe y talleres de salud emocional.<\/strong><\/p>\n<h3><strong>Documental \u2018Despu\u00e9s del agua\u2019<\/strong><\/h3>\n<p>En el marco de los actos por el primer aniversario de la DANA, C\u00e1ritas Valencia ha presentado este lunes el documental\u00a0<a href=\"https:\/\/www.youtube.com\/watch?v=qm5-F1scnyQ\">\u201cDespu\u00e9s del agua\u201d<\/a>. Su objetivo es poder <strong>agradecer el apoyo y compromiso de miles de voluntarios y colaboradores a lo largo de este dif\u00edcil a\u00f1o<\/strong>. La pel\u00edcula hace un recorrido por historias de vida, resiliencia y comunidad que nacieron tras aquella emergencia.<\/p>\n<p><iframe loading=\"lazy\" title=\"DESPU\u00c9S DEL AGUA | TRAILER\" width=\"500\" height=\"281\" src=\"https:\/\/www.youtube.com\/embed\/qm5-F1scnyQ?feature=oembed\" frameborder=\"0\" allow=\"accelerometer; autoplay; clipboard-write; encrypted-media; gyroscope; picture-in-picture; web-share\" referrerpolicy=\"strict-origin-when-cross-origin\" allowfullscreen><\/iframe><\/p>\n<p>&#8220;Este aniversario no es solo una ocasi\u00f3n para recordar lo que hicimos. Es, sobre todo, una oportunidad para mirar hacia adelante. Porque la emergencia de las primeras semanas termin\u00f3, s\u00ed, pero la vulnerabilidad sigue. Hay muchas personas que siguen necesitando \u00e1nimo, compa\u00f1\u00eda, apoyo, escucha, oportunidades y esperanza. El compromiso que naci\u00f3 de la DANA debe continuar siendo semilla de transformaci\u00f3n&#8221;, ha apuntado la directora de C\u00e0ritas Val\u00e8ncia, Aurora Aranda.<\/p>\n<h3><strong>El trabajo de C\u00e0ritas en Letur, Mira, M\u00e1laga i Jerez<\/strong><\/h3>\n<p><span class=\"jCAhz ChMk0b\"><span class=\"ryNqvb\">En L<strong>etur<\/strong>, la labor de C\u00e1ritas ha beneficiado de forma indirecta a m\u00e1s de 900 personas, pr\u00e1cticamente la totalidad de la poblaci\u00f3n de esta peque\u00f1a localidad, con una inversi\u00f3n de 590.177 euros.<\/span><\/span> <span class=\"jCAhz ChMk0b\"><span class=\"ryNqvb\">La mayor\u00eda de estos fondos se han destinado a la cofinanciaci\u00f3n de la construcci\u00f3n de un centro para personas mayores.<\/span><\/span><\/p>\n<p><span class=\"jCAhz ChMk0b\"><span class=\"ryNqvb\">En el municipio de <strong>Mira<\/strong> (Cuenca), C\u00e1ritas y la parroquia de Mira atendieron a 182 familias en los primeros d\u00edas despu\u00e9s de las graves inundaciones registradas en octubre del a\u00f1o pasado en este municipio.<\/span><\/span> <span class=\"jCAhz ChMk0b\"><span class=\"ryNqvb\">La rehabilitaci\u00f3n de viviendas y peque\u00f1os negocios, apoyo psicol\u00f3gico y cobertura de necesidades b\u00e1sicas ha requerido hasta ahora una inversi\u00f3n de 127.000 euros.<\/span><\/span><\/p>\n<p><span class=\"jCAhz ChMk0b\"><span class=\"ryNqvb\">C\u00e1ritas <strong>M\u00e1laga<\/strong> ha acompa\u00f1ado a 55 personas con una inversi\u00f3n que asciende a los 17.493 euros.<\/span><\/span> <span class=\"jCAhz ChMk0b\"><span class=\"ryNqvb\">La mayor\u00eda de los fondos se han destinado a la compra de electrodom\u00e9sticos para viviendas particulares.<\/span><\/span><\/p>\n<p><span class=\"jCAhz ChMk0b\"><span class=\"ryNqvb\"> C\u00e1ritas Diocesana de Asidonia-<strong>Jerez<\/strong> ha puesto en marcha el programa de acompa\u00f1amiento integral Saliendo al Encuentro, que busca la reconstrucci\u00f3n digna, recuperaci\u00f3n emocional, fortalecimiento de los lazos comunitarios y prevenci\u00f3n ante incidentes meteorol\u00f3gicos futuros.<\/span><\/span> <span class=\"jCAhz ChMk0b\"><span class=\"ryNqvb\">Gracias a esta apuesta se han beneficiado un total de 22 familias, compuestas por 51 personas, con una inversi\u00f3n de 68.928 euros.<\/span><\/span><\/p>\n","protected":false},"excerpt":{"rendered":"<p>Con una inversi\u00f3n total de 28,5 millones de euros, las ayudas se han centrado especialmente en la recuperaci\u00f3n de negocios y viviendas, atenci\u00f3n psicosocial y apoyo jur\u00eddico. Un a\u00f1o despu\u00e9s de las graves inundaciones que afectaron a Valencia, Letur (Albacete), Mira (Cuenca), M\u00e1laga y Jerez, C\u00e1ritas ha logrado acompa\u00f1ar a trav\u00e9s de sus centros, proyectos [&hellip;]<\/p>\n","protected":false},"author":4,"featured_media":15309,"comment_status":"closed","ping_status":"closed","sticky":false,"template":"","format":"standard","meta":{"footnotes":""},"categories":[21],"tags":[],"autor":[36],"class_list":["post-15311","post","type-post","status-publish","format-standard","has-post-thumbnail","hentry","category-institucional-es","autor-caritas-diocesana-de-barcelona-es"],"aioseo_notices":[],"_links":{"self":[{"href":"https:\/\/blog.caritas.barcelona\/es\/wp-json\/wp\/v2\/posts\/15311","targetHints":{"allow":["GET"]}}],"collection":[{"href":"https:\/\/blog.caritas.barcelona\/es\/wp-json\/wp\/v2\/posts"}],"about":[{"href":"https:\/\/blog.caritas.barcelona\/es\/wp-json\/wp\/v2\/types\/post"}],"author":[{"embeddable":true,"href":"https:\/\/blog.caritas.barcelona\/es\/wp-json\/wp\/v2\/users\/4"}],"replies":[{"embeddable":true,"href":"https:\/\/blog.caritas.barcelona\/es\/wp-json\/wp\/v2\/comments?post=15311"}],"version-history":[{"count":2,"href":"https:\/\/blog.caritas.barcelona\/es\/wp-json\/wp\/v2\/posts\/15311\/revisions"}],"predecessor-version":[{"id":15316,"href":"https:\/\/blog.caritas.barcelona\/es\/wp-json\/wp\/v2\/posts\/15311\/revisions\/15316"}],"wp:featuredmedia":[{"embeddable":true,"href":"https:\/\/blog.caritas.barcelona\/es\/wp-json\/wp\/v2\/media\/15309"}],"wp:attachment":[{"href":"https:\/\/blog.caritas.barcelona\/es\/wp-json\/wp\/v2\/media?parent=15311"}],"wp:term":[{"taxonomy":"category","embeddable":true,"href":"https:\/\/blog.caritas.barcelona\/es\/wp-json\/wp\/v2\/categories?post=15311"},{"taxonomy":"post_tag","embeddable":true,"href":"https:\/\/blog.caritas.barcelona\/es\/wp-json\/wp\/v2\/tags?post=15311"},{"taxonomy":"autor","embeddable":true,"href":"https:\/\/blog.caritas.barcelona\/es\/wp-json\/wp\/v2\/autor?post=15311"}],"curies":[{"name":"wp","href":"https:\/\/api.w.org\/{rel}","templated":true}]}}