{"id":15263,"date":"2025-10-14T11:28:42","date_gmt":"2025-10-14T09:28:42","guid":{"rendered":"https:\/\/blog.caritas.barcelona\/?p=15263"},"modified":"2025-11-19T15:20:29","modified_gmt":"2025-11-19T14:20:29","slug":"un-amor-que-no-tiene-limites","status":"publish","type":"post","link":"https:\/\/blog.caritas.barcelona\/es\/opinion\/un-amor-que-no-tiene-limites\/","title":{"rendered":"Un amor que no tiene l\u00edmites"},"content":{"rendered":"<p>&#8220;No se puede amar a Dios sin amar a los pobres. El amor al pr\u00f3jimo es la prueba viva, palpable, del amor aut\u00e9ntico a Dios&#8221;<\/p>\n<p><img loading=\"lazy\" decoding=\"async\" class=\"wp-image-15571 size-full aligncenter\" src=\"https:\/\/blog.caritas.barcelona\/wp-content\/uploads\/sites\/2\/2025\/10\/20250411_MONA_TORRE_BARO_@ERICK_NAZARIO_067-scaled-e1763562007960.jpg\" alt=\"\" width=\"768\" height=\"512\" \/><\/p>\n<p>Desde <strong>C\u00e1ritas Diocesana de Barcelona<\/strong> recibimos con profunda alegr\u00eda y esperanza la exhortaci\u00f3n apost\u00f3lica <em>Dilexi te<\/em> (\u201cTe he amado\u201d) de <strong>Le\u00f3n XIV<\/strong>, un texto que nos habla, con una fuerza inmensa, sobre el <strong>amor a los pobres<\/strong>. Este documento es una llamada a vivir con el coraz\u00f3n abierto, a mirar al mundo con los ojos de Dios y a continuar el legado de amor del Papa Francisco.<\/p>\n<p>En su <strong>quinto cap\u00edtulo<\/strong>, <em>Dilexi t\u00e9<\/em>, el Papa nos recuerda que la atenci\u00f3n a los pobres no es solo un gesto de buena voluntad, sino <strong>una parte esencial del coraz\u00f3n mismo de la Iglesia<\/strong>. Desde siempre, este amor ha sido <strong>un faro que ha guiado los pasos de los cristianos a lo largo de los siglos<\/strong>. El Papa nos invita a <strong>sumergirnos en este r\u00edo de luz<\/strong>, a dejarnos llevar por la ternura de Dios que se manifiesta especialmente en el rostro de los m\u00e1s vulnerables.<\/p>\n<p><img loading=\"lazy\" decoding=\"async\" class=\"wp-image-15254 size-full aligncenter\" src=\"https:\/\/blog.caritas.barcelona\/wp-content\/uploads\/sites\/2\/2025\/10\/2025_03_10_CDTR_ARX_FT_Pis_compartit_021_M-e1760433316147.jpg\" alt=\"\" width=\"768\" height=\"512\" \/><\/p>\n<p>Le\u00f3n XIV remarca que <strong>no podemos mirar hacia otro lado<\/strong> frente a las injusticias que generan pobreza. No podemos ver a los pobres como un \u201cproblema social\u201d, sino como <strong>hermanos y hermanas<\/strong>, como parte de nuestra familia. Nos pide un amor cercano y sincero: <strong>dedicar tiempo, escuchar, acompa\u00f1ar y compartir la vida<\/strong>.<\/p>\n<p>Porque, como dice el Papa, <strong>no se puede amar a Dios sin amar a los pobres<\/strong>. El amor al pr\u00f3jimo es la prueba viva, palpable, del amor aut\u00e9ntico a Dios. Si cerramos el coraz\u00f3n a los m\u00e1s d\u00e9biles, nunca podremos abrirlo plenamente. Por eso, el Papa nos anima a ser <strong>samaritanos<\/strong> en un mundo herido. Un mundo donde la pobreza no es solo la falta de pan, sino tambi\u00e9n de palabra, cari\u00f1o, sentido. Nos recuerda que <strong>el amor se concreta<\/strong> en el esfuerzo para conseguir un trabajo digno, una educaci\u00f3n justa, una vida con igualdad y respeto. Pero, sobre todo, nos recuerda que el amor empieza por <strong>mirar, comprender y acoger<\/strong>.<\/p>\n<p><img loading=\"lazy\" decoding=\"async\" class=\"wp-image-15252 size-full aligncenter\" src=\"https:\/\/blog.caritas.barcelona\/wp-content\/uploads\/sites\/2\/2025\/10\/20250325_PLACA_NOVA_BAIXA_@PEPE_NAVARRO-24-e1760433279900.jpg\" alt=\"\" width=\"768\" height=\"509\" \/><\/p>\n<p>De entre todos los gritos del mundo, el Papa tambi\u00e9n nos pide <strong>especial atenci\u00f3n a los migrantes y refugiados<\/strong>, a aquellos que han tenido que dejarlo todo para buscar un futuro mejor. Nos dice que cada persona es <strong>hijo e hija de Dios<\/strong>, y que detr\u00e1s de cada rostro hay una historia que merece ser escuchada, una vida que merece ser amada.<\/p>\n<p>Por tanto, debemos seguir trabajando para construir <strong>una Iglesia sin l\u00edmites<\/strong>, una Iglesia que no conoce enemigos, sino solo <strong>personas a las que amar<\/strong>. Una Iglesia que, como Cristo, sale al encuentro de los dem\u00e1s, abraza sin preguntar, acompa\u00f1a sin juzgar y ama sin medida.<\/p>\n<p>Esta es la Iglesia que el mundo necesita hoy: una Iglesia <strong>con el coraz\u00f3n abierto, sin fronteras y llena de amor sin l\u00edmites<\/strong>.<\/p>\n","protected":false},"excerpt":{"rendered":"<p>&#8220;No se puede amar a Dios sin amar a los pobres. El amor al pr\u00f3jimo es la prueba viva, palpable, del amor aut\u00e9ntico a Dios&#8221; Desde C\u00e1ritas Diocesana de Barcelona recibimos con profunda alegr\u00eda y esperanza la exhortaci\u00f3n apost\u00f3lica Dilexi te (\u201cTe he amado\u201d) de Le\u00f3n XIV, un texto que nos habla, con una fuerza [&hellip;]<\/p>\n","protected":false},"author":4,"featured_media":15571,"comment_status":"closed","ping_status":"closed","sticky":false,"template":"","format":"standard","meta":{"footnotes":""},"categories":[19],"tags":[],"autor":[2326],"class_list":["post-15263","post","type-post","status-publish","format-standard","has-post-thumbnail","hentry","category-opinion","autor-eduard-sala"],"aioseo_notices":[],"_links":{"self":[{"href":"https:\/\/blog.caritas.barcelona\/es\/wp-json\/wp\/v2\/posts\/15263","targetHints":{"allow":["GET"]}}],"collection":[{"href":"https:\/\/blog.caritas.barcelona\/es\/wp-json\/wp\/v2\/posts"}],"about":[{"href":"https:\/\/blog.caritas.barcelona\/es\/wp-json\/wp\/v2\/types\/post"}],"author":[{"embeddable":true,"href":"https:\/\/blog.caritas.barcelona\/es\/wp-json\/wp\/v2\/users\/4"}],"replies":[{"embeddable":true,"href":"https:\/\/blog.caritas.barcelona\/es\/wp-json\/wp\/v2\/comments?post=15263"}],"version-history":[{"count":2,"href":"https:\/\/blog.caritas.barcelona\/es\/wp-json\/wp\/v2\/posts\/15263\/revisions"}],"predecessor-version":[{"id":15574,"href":"https:\/\/blog.caritas.barcelona\/es\/wp-json\/wp\/v2\/posts\/15263\/revisions\/15574"}],"wp:featuredmedia":[{"embeddable":true,"href":"https:\/\/blog.caritas.barcelona\/es\/wp-json\/wp\/v2\/media\/15571"}],"wp:attachment":[{"href":"https:\/\/blog.caritas.barcelona\/es\/wp-json\/wp\/v2\/media?parent=15263"}],"wp:term":[{"taxonomy":"category","embeddable":true,"href":"https:\/\/blog.caritas.barcelona\/es\/wp-json\/wp\/v2\/categories?post=15263"},{"taxonomy":"post_tag","embeddable":true,"href":"https:\/\/blog.caritas.barcelona\/es\/wp-json\/wp\/v2\/tags?post=15263"},{"taxonomy":"autor","embeddable":true,"href":"https:\/\/blog.caritas.barcelona\/es\/wp-json\/wp\/v2\/autor?post=15263"}],"curies":[{"name":"wp","href":"https:\/\/api.w.org\/{rel}","templated":true}]}}