{"id":15231,"date":"2025-10-17T08:51:42","date_gmt":"2025-10-17T06:51:42","guid":{"rendered":"https:\/\/blog.caritas.barcelona\/?p=15231"},"modified":"2025-11-17T12:37:58","modified_gmt":"2025-11-17T11:37:58","slug":"cristina-garcia-a-menudo-nos-identifican-por-la-ropa-o-los-alimentos-pero-no-conocen-el-resto-de-los-proyectos-queremos-cambiar-esta-percepcion","status":"publish","type":"post","link":"https:\/\/blog.caritas.barcelona\/es\/institucional-es\/cristina-garcia-a-menudo-nos-identifican-por-la-ropa-o-los-alimentos-pero-no-conocen-el-resto-de-los-proyectos-queremos-cambiar-esta-percepcion\/","title":{"rendered":"Cristina Garcia: \u201cA menudo nos identifican por la ropa o los alimentos, pero no conocen el resto de los proyectos. Queremos cambiar esta percepci\u00f3n\u201d"},"content":{"rendered":"<p>Entrevista a Cristina Garcia, secretaria general de C\u00e1ritas Diocesana de Barcelona<\/p>\n<p><img loading=\"lazy\" decoding=\"async\" class=\"aligncenter wp-image-15224\" src=\"https:\/\/blog.caritas.barcelona\/wp-content\/uploads\/sites\/2\/2025\/10\/20250619_cristina_garcia_@erick_nazario003-scaled-e1760521654551-1024x641.jpg\" alt=\"\" width=\"768\" height=\"481\" srcset=\"https:\/\/blog.caritas.barcelona\/wp-content\/uploads\/sites\/2\/2025\/10\/20250619_cristina_garcia_@erick_nazario003-scaled-e1760521654551-1024x641.jpg 1024w, https:\/\/blog.caritas.barcelona\/wp-content\/uploads\/sites\/2\/2025\/10\/20250619_cristina_garcia_@erick_nazario003-scaled-e1760521654551-300x188.jpg 300w, https:\/\/blog.caritas.barcelona\/wp-content\/uploads\/sites\/2\/2025\/10\/20250619_cristina_garcia_@erick_nazario003-scaled-e1760521654551-768x481.jpg 768w, https:\/\/blog.caritas.barcelona\/wp-content\/uploads\/sites\/2\/2025\/10\/20250619_cristina_garcia_@erick_nazario003-scaled-e1760521654551-1536x961.jpg 1536w, https:\/\/blog.caritas.barcelona\/wp-content\/uploads\/sites\/2\/2025\/10\/20250619_cristina_garcia_@erick_nazario003-scaled-e1760521654551.jpg 1702w\" sizes=\"auto, (max-width: 768px) 100vw, 768px\" \/><\/p>\n<p>Cristina Garcia Mars\u00e0 (Barcelona, 1975) es licenciada en Ingenier\u00eda Superior Industrial por la Universidad Polit\u00e9cnica de Catalunya (UPC). Ha complementado su formaci\u00f3n con un posgrado en Direcci\u00f3n General y una especializaci\u00f3n en Gesti\u00f3n de Entidades no Lucrativas, entre otros. Durante m\u00e1s de diez a\u00f1os ha trabajado en diferentes empresas del \u00e1mbito privado, combin\u00e1ndolo con labores de voluntariado en diferentes entidades. A finales de 2016 se incorpor\u00f3 a C\u00e1ritas como responsable del \u00c1rea de Servicios Corporativos de C\u00e1ritas Diocesana de Barcelona. Actualmente, es la secretaria general y forma parte del equipo directivo y el Consejo.<\/p>\n<p><strong>Este septiembre cumples dos a\u00f1os como secretaria general de C\u00e1ritas Diocesana de Barcelona. \u00bfC\u00f3mo los valoras?<\/strong><\/p>\n<p>Valoro muy positivamente estos dos primeros a\u00f1os de mandato. Hicimos un buen relevo con la direcci\u00f3n anterior. Aunque quisimos que fuera un relevo de continuidad, estamos en constante actualizaci\u00f3n para afrontar los retos a los que se enfrenta la sociedad. Por suerte, disponemos de un muy buen equipo de personas voluntarias y contratadas que nos permiten enfocar el futuro con seguridad.<\/p>\n<p><strong>\u00bfQu\u00e9 importancia tiene la comunicaci\u00f3n en C\u00e1ritas?<\/strong><\/p>\n<p>Uno de los pilares de la misi\u00f3n de C\u00e1ritas, m\u00e1s all\u00e1 de la vertiente social, es la de la sensibilizaci\u00f3n y la denuncia prof\u00e9tica de situaciones de injusticia. <strong>La comunicaci\u00f3n permite dar voz a situaciones de injusticia de personas que a menudo son invisibilizadas, y de esta forma ayudamos a sensibilizar a la ciudadan\u00eda sobre la pobreza y la exclusi\u00f3n social. Sin embargo, la comunicaci\u00f3n es tambi\u00e9n importante en el \u00e1mbito de la captaci\u00f3n<\/strong>, ya que el 80% de los ingresos de C\u00e1ritas Barcelona provienen de socios y donantes. Este alto volumen de financiaci\u00f3n privada nos permite mantener nuestra autonom\u00eda, por lo que es esencial estar en contacto permanente con aquellas personas que conf\u00edan en nosotros. Asimismo, tambi\u00e9n trabajamos para llegar a nuevos p\u00fablicos, que es uno de los objetivos del plan de comunicaci\u00f3n 2025-2028. Debo a\u00f1adir que nunca hab\u00eda estado tan directamente relacionada con el \u00e1mbito de la comunicaci\u00f3n, y que me ha sorprendido gratamente el trabajo y el dinamismo de esa \u00e1rea en el d\u00eda a d\u00eda. Es un equipo, formado por personas voluntarias y contratadas, con mucha iniciativa y creatividad, que constantemente est\u00e1 pensando en nuevas ideas para hacer llegar el mensaje de C\u00e1ritas a nuestra sociedad, como es el caso de la campa\u00f1a \u201cM\u00e1s de lo que crees\u201d.<\/p>\n<p><img loading=\"lazy\" decoding=\"async\" class=\"aligncenter wp-image-15225\" src=\"https:\/\/blog.caritas.barcelona\/wp-content\/uploads\/sites\/2\/2025\/10\/20250619_RODA_DE_PREMSA_CARITAS_BCN_MEMORIA_2024_@ERICK_NAZARIO018-1024x683.jpg\" alt=\"\" width=\"768\" height=\"310\" \/><\/p>\n<p><strong>La campa\u00f1a \u201cM\u00e1s de lo que crees\u201d va en la l\u00ednea de llegar a nuevos p\u00fablicos y cambiar la percepci\u00f3n que la ciudadan\u00eda tiene sobre C\u00e1ritas. \u00bfCrees que la acogida ha sido buena? \u00bfLas personalidades que han participado en la campa\u00f1a se han sorprendido con los proyectos que han visitado? <\/strong><\/p>\n<p>Es una campa\u00f1a muy potente. Desde C\u00e1ritas trabajamos para promover el desarrollo de las personas en situaci\u00f3n de vulnerabilidad para que puedan vivir con plena dignidad. La imagen del iceberg transmite muy fielmente lo que a menudo nos encontramos, y es que <strong>la ciudadan\u00eda nos identifica solo con la ropa, alimentos o atenci\u00f3n directa a los m\u00e1s vulnerables, y no conocen el resto de los proyectos y servicios que ofrecemos. Queremos cambiar esa percepci\u00f3n.<\/strong> Con relaci\u00f3n a las personalidades que hemos invitado a conocer nuestros proyectos, todas ellas se han sorprendido. Son perfiles muy distintos, que respetan la identidad de C\u00e1ritas y comparten nuestros valores desde \u00e1mbitos muy distintos de la sociedad.<\/p>\n<p><img loading=\"lazy\" decoding=\"async\" class=\"aligncenter wp-image-15268\" src=\"https:\/\/blog.caritas.barcelona\/wp-content\/uploads\/sites\/2\/2025\/10\/20250526_visita_eurodiputats_habitatge_@ERICK_NAZARIO006-1024x683.jpg\" alt=\"\" width=\"768\" height=\"512\" srcset=\"https:\/\/blog.caritas.barcelona\/wp-content\/uploads\/sites\/2\/2025\/10\/20250526_visita_eurodiputats_habitatge_@ERICK_NAZARIO006-1024x683.jpg 1024w, https:\/\/blog.caritas.barcelona\/wp-content\/uploads\/sites\/2\/2025\/10\/20250526_visita_eurodiputats_habitatge_@ERICK_NAZARIO006-300x200.jpg 300w, https:\/\/blog.caritas.barcelona\/wp-content\/uploads\/sites\/2\/2025\/10\/20250526_visita_eurodiputats_habitatge_@ERICK_NAZARIO006-768x512.jpg 768w, https:\/\/blog.caritas.barcelona\/wp-content\/uploads\/sites\/2\/2025\/10\/20250526_visita_eurodiputats_habitatge_@ERICK_NAZARIO006-1536x1025.jpg 1536w, https:\/\/blog.caritas.barcelona\/wp-content\/uploads\/sites\/2\/2025\/10\/20250526_visita_eurodiputats_habitatge_@ERICK_NAZARIO006-2048x1366.jpg 2048w\" sizes=\"auto, (max-width: 768px) 100vw, 768px\" \/><\/p>\n<p><strong>El 80% de los recursos de C\u00e1ritas proceden de fondos privados. \u00bfQu\u00e9 mensaje querr\u00edas hacer llegar al conjunto de personas que a diario colaboran con C\u00e1ritas? <\/strong><\/p>\n<p>Quiero agradecer el apoyo de todas y cada una de las personas que d\u00eda tras d\u00eda y a\u00f1o tras a\u00f1o conf\u00edan en nosotros. Sin todas ellas, lo que hacemos no ser\u00eda posible. <strong>El hecho de que 8 de cada 10 euros de nuestro presupuesto provenga de donativos privados implica que podamos mantener una autonom\u00eda respecto a las subvenciones p\u00fablicas. Esto nos permite impulsar y promover proyectos necesarios no cubiertos<\/strong>, y ser din\u00e1micos a la hora de redirigir nuestra acci\u00f3n social de acuerdo con las necesidades de cada momento y de cada territorio. Tambi\u00e9n quisiera hacer un llamamiento a las personas que, a pesar de valorar nuestra labor, todav\u00eda no colaboran con nosotros. Las animo a acercarse a C\u00e1ritas, a conocer mejor lo que hacemos y a formar parte de nuestra comunidad, ya sea a trav\u00e9s del voluntariado o haci\u00e9ndose socios o donantes.<\/p>\n<p><img loading=\"lazy\" decoding=\"async\" class=\"aligncenter wp-image-15227\" src=\"https:\/\/blog.caritas.barcelona\/wp-content\/uploads\/sites\/2\/2025\/10\/naza4605-1024x683.jpg\" alt=\"\" width=\"768\" height=\"512\" srcset=\"https:\/\/blog.caritas.barcelona\/wp-content\/uploads\/sites\/2\/2025\/10\/naza4605-1024x683.jpg 1024w, https:\/\/blog.caritas.barcelona\/wp-content\/uploads\/sites\/2\/2025\/10\/naza4605-300x200.jpg 300w, https:\/\/blog.caritas.barcelona\/wp-content\/uploads\/sites\/2\/2025\/10\/naza4605-768x512.jpg 768w, https:\/\/blog.caritas.barcelona\/wp-content\/uploads\/sites\/2\/2025\/10\/naza4605-1536x1025.jpg 1536w, https:\/\/blog.caritas.barcelona\/wp-content\/uploads\/sites\/2\/2025\/10\/naza4605-2048x1366.jpg 2048w\" sizes=\"auto, (max-width: 768px) 100vw, 768px\" \/><\/p>\n<p><strong>\u201cAcogemos, Defendemos, Amamos\u201d. \u00bfPodr\u00edas explicar brevemente este nuevo lema que se present\u00f3 en la \u00faltima rueda de prensa? \u00bfQu\u00e9 significa y qu\u00e9 valores transmite?<\/strong><\/p>\n<p>Este mensaje es tambi\u00e9n resultado del nuevo plan de comunicaci\u00f3n. Es un mensaje claro y potente que nos identifica y diferencia respecto a otras entidades sociales. Acogemos. <strong>La acogida es el rasgo distintivo de la entidad y el eje central de nuestra acci\u00f3n.<\/strong> Acogemos y acompa\u00f1amos a la persona con su sufrimiento, sus necesidades y su esperanza. <strong>Defendemos. Queremos que las personas puedan vivir con dignidad y autonom\u00eda<\/strong>, y por eso es muy importante que conozcan sus derechos, puedan defenderlos y ejercerlos. <strong>Amamos es lo que nos identifica a C\u00e1ritas como entidad de Iglesia. Representa el amor de Dios y de la comunidad cristiana<\/strong> hacia todas las personas, y especialmente con las que m\u00e1s sufren. Esta proximidad y aprecio est\u00e1 presente en cada uno de nuestros espacios de acogida y proyectos.<\/p>\n","protected":false},"excerpt":{"rendered":"<p>Entrevista a Cristina Garcia, secretaria general de C\u00e1ritas Diocesana de Barcelona Cristina Garcia Mars\u00e0 (Barcelona, 1975) es licenciada en Ingenier\u00eda Superior Industrial por la Universidad Polit\u00e9cnica de Catalunya (UPC). Ha complementado su formaci\u00f3n con un posgrado en Direcci\u00f3n General y una especializaci\u00f3n en Gesti\u00f3n de Entidades no Lucrativas, entre otros. Durante m\u00e1s de diez a\u00f1os [&hellip;]<\/p>\n","protected":false},"author":4,"featured_media":15226,"comment_status":"closed","ping_status":"closed","sticky":false,"template":"","format":"standard","meta":{"footnotes":""},"categories":[21],"tags":[],"autor":[36],"class_list":["post-15231","post","type-post","status-publish","format-standard","has-post-thumbnail","hentry","category-institucional-es","autor-caritas-diocesana-de-barcelona-es"],"aioseo_notices":[],"_links":{"self":[{"href":"https:\/\/blog.caritas.barcelona\/es\/wp-json\/wp\/v2\/posts\/15231","targetHints":{"allow":["GET"]}}],"collection":[{"href":"https:\/\/blog.caritas.barcelona\/es\/wp-json\/wp\/v2\/posts"}],"about":[{"href":"https:\/\/blog.caritas.barcelona\/es\/wp-json\/wp\/v2\/types\/post"}],"author":[{"embeddable":true,"href":"https:\/\/blog.caritas.barcelona\/es\/wp-json\/wp\/v2\/users\/4"}],"replies":[{"embeddable":true,"href":"https:\/\/blog.caritas.barcelona\/es\/wp-json\/wp\/v2\/comments?post=15231"}],"version-history":[{"count":5,"href":"https:\/\/blog.caritas.barcelona\/es\/wp-json\/wp\/v2\/posts\/15231\/revisions"}],"predecessor-version":[{"id":15450,"href":"https:\/\/blog.caritas.barcelona\/es\/wp-json\/wp\/v2\/posts\/15231\/revisions\/15450"}],"wp:featuredmedia":[{"embeddable":true,"href":"https:\/\/blog.caritas.barcelona\/es\/wp-json\/wp\/v2\/media\/15226"}],"wp:attachment":[{"href":"https:\/\/blog.caritas.barcelona\/es\/wp-json\/wp\/v2\/media?parent=15231"}],"wp:term":[{"taxonomy":"category","embeddable":true,"href":"https:\/\/blog.caritas.barcelona\/es\/wp-json\/wp\/v2\/categories?post=15231"},{"taxonomy":"post_tag","embeddable":true,"href":"https:\/\/blog.caritas.barcelona\/es\/wp-json\/wp\/v2\/tags?post=15231"},{"taxonomy":"autor","embeddable":true,"href":"https:\/\/blog.caritas.barcelona\/es\/wp-json\/wp\/v2\/autor?post=15231"}],"curies":[{"name":"wp","href":"https:\/\/api.w.org\/{rel}","templated":true}]}}