{"id":15206,"date":"2025-09-25T16:40:07","date_gmt":"2025-09-25T14:40:07","guid":{"rendered":"https:\/\/blog.caritas.barcelona\/?p=15206"},"modified":"2025-11-17T12:39:11","modified_gmt":"2025-11-17T11:39:11","slug":"familia-y-prision-acompanando-personas","status":"publish","type":"post","link":"https:\/\/blog.caritas.barcelona\/es\/sin-hogar-y-vivienda\/familia-y-prision-acompanando-personas\/","title":{"rendered":"Familia y prisi\u00f3n. Acompa\u00f1ando personas"},"content":{"rendered":"<p>Con motivo del d\u00eda de la Virgen de la Merced, os presentamos un material para acompa\u00f1ar a las personas que tienen familiares en prisi\u00f3n<\/p>\n<p><img loading=\"lazy\" decoding=\"async\" class=\"wp-image-15199 aligncenter\" src=\"https:\/\/blog.caritas.barcelona\/wp-content\/uploads\/sites\/2\/2025\/09\/FULLETO_PRESO_CARITAS-1024x712.jpg\" alt=\"\" width=\"768\" height=\"534\" \/><\/p>\n<p><strong>El 24 de septiembre, celebramos el d\u00eda de la Virgen de la Merced, que es la patrona de las personas privadas de libertad. Por eso queremos<\/strong>\u00a0<strong>visibilizar la realidad tan dura y, a veces, tan olvidada, que viven estas personas.<\/strong>\u00a0Lo m\u00e1s importante es ser conscientes de la ruptura de la l\u00f3gica de la vida que supone vivir encarcelado o encarcelada, porque los seres humanos estamos llamados a vivir en libertad.<\/p>\n<p>El papa Francisco nos dec\u00eda\u00a0<em>\u201cCada uno de nosotros podr\u00eda hacer lo mismo que llev\u00f3 a ese hombre o a esa mujer a la c\u00e1rcel. Todos podemos pecar y equivocarnos en la vida. No son peores que t\u00fa o que yo\u2026\u201d<\/em><\/p>\n<p>Por otro lado,\u00a0<strong>tambi\u00e9n hemos de ser conscientes de que todo lo que acontece a una persona privada libertad tambi\u00e9n repercute a su familia<\/strong>\u00a0(hijos, madres, padres, parejas) y que la mayor\u00eda de las veces se ven sobrepasadas y desbordadas ante esta situaci\u00f3n que surge y que les toca acompa\u00f1ar.<\/p>\n<p><img loading=\"lazy\" decoding=\"async\" class=\"wp-image-15201 size-full aligncenter\" src=\"https:\/\/blog.caritas.barcelona\/wp-content\/uploads\/sites\/2\/2025\/09\/20240406_5_aniversari_pere_oliveras-136-scaled-e1758810994612.jpg\" alt=\"\" width=\"768\" height=\"512\" \/><\/p>\n<p><strong>Conoce nuestro material<\/strong><\/p>\n<p><strong>Desde C\u00e1ritas, queremos aprovechar este d\u00eda para ofreceros el\u00a0<a href=\"https:\/\/www.caritas.es\/main-files\/uploads\/2025\/09\/VF-Folleto-familia-y-prision.pdf\" target=\"_blank\" rel=\"noopener\">material<\/a>\u00a0que hemos elaborado para\u00a0acompa\u00f1ar a estas familias.\u00a0Para ello partimos de las siguientes premisas:<\/strong><\/p>\n<ol>\n<li><strong>Comprender la realidad familiar\u00a0<\/strong>cuando hay un miembro en la c\u00e1rcel y as\u00ed acompa\u00f1ar y escuchar a una persona que viene a nuestras acogidas.<\/li>\n<li><strong>Comprender que es una realidad llena de estereotipos y prejuicios. <\/strong>Todas las personas podemos estar influenciadas por prejuicios y falsos mitos, lo cual dificulta ser receptivo para acoger y acompa\u00f1ar a la persona de forma integral.<\/li>\n<li><strong>Tener una informaci\u00f3n b\u00e1sica y completa sobre la vida en prisi\u00f3n\u00a0<\/strong>y as\u00ed ofrecer un asesoramiento b\u00e1sico en aspectos concretos y pr\u00e1cticos.<\/li>\n<\/ol>\n<p><img loading=\"lazy\" decoding=\"async\" class=\"wp-image-15203 size-full aligncenter\" src=\"https:\/\/blog.caritas.barcelona\/wp-content\/uploads\/sites\/2\/2025\/09\/20240220_llarbetania_pereoliveras-70-scaled-e1758811043316.jpg\" alt=\"\" width=\"768\" height=\"512\" \/><\/p>\n<p><strong>Adem\u00e1s, en este material pretendemos dar pistas para responder a los siguientes retos:<\/strong><\/p>\n<p>\u00bfC\u00f3mo acompa\u00f1ar a las personas privadas de libertad en la c\u00e1rcel?<\/p>\n<p>\u00bfC\u00f3mo ayudar a los hijos e hijas a vivir esta situaci\u00f3n y que tenga el menor impacto personal posible?<\/p>\n<p>\u00bfC\u00f3mo ayudar a los progenitores a mantener las relaciones familiares?<\/p>\n<p>\u00bfC\u00f3mo ayudar a los cuidadores para que sean un nexo y facilitar la relaci\u00f3n entre padres e hijos?<\/p>\n<p>\u00bfC\u00f3mo acompa\u00f1ar la vida de las personas privadas de libertad y de su familia?<\/p>\n<p><strong>Esperamos que este\u00a0<a href=\"https:\/\/www.caritas.es\/main-files\/uploads\/2025\/09\/VF-Diptico-familia-y-prision.pdf\">material<\/a>\u00a0os sirva para el acompa\u00f1amiento a las personas<\/strong>\u00a0que se nos acercan y que est\u00e1n viviendo esta situaci\u00f3n.<\/p>\n","protected":false},"excerpt":{"rendered":"<p>Con motivo del d\u00eda de la Virgen de la Merced, os presentamos un material para acompa\u00f1ar a las personas que tienen familiares en prisi\u00f3n El 24 de septiembre, celebramos el d\u00eda de la Virgen de la Merced, que es la patrona de las personas privadas de libertad. Por eso queremos\u00a0visibilizar la realidad tan dura y, [&hellip;]<\/p>\n","protected":false},"author":4,"featured_media":15200,"comment_status":"closed","ping_status":"closed","sticky":false,"template":"","format":"standard","meta":{"footnotes":""},"categories":[24],"tags":[],"autor":[36],"class_list":["post-15206","post","type-post","status-publish","format-standard","has-post-thumbnail","hentry","category-sin-hogar-y-vivienda","autor-caritas-diocesana-de-barcelona-es"],"aioseo_notices":[],"_links":{"self":[{"href":"https:\/\/blog.caritas.barcelona\/es\/wp-json\/wp\/v2\/posts\/15206","targetHints":{"allow":["GET"]}}],"collection":[{"href":"https:\/\/blog.caritas.barcelona\/es\/wp-json\/wp\/v2\/posts"}],"about":[{"href":"https:\/\/blog.caritas.barcelona\/es\/wp-json\/wp\/v2\/types\/post"}],"author":[{"embeddable":true,"href":"https:\/\/blog.caritas.barcelona\/es\/wp-json\/wp\/v2\/users\/4"}],"replies":[{"embeddable":true,"href":"https:\/\/blog.caritas.barcelona\/es\/wp-json\/wp\/v2\/comments?post=15206"}],"version-history":[{"count":2,"href":"https:\/\/blog.caritas.barcelona\/es\/wp-json\/wp\/v2\/posts\/15206\/revisions"}],"predecessor-version":[{"id":15208,"href":"https:\/\/blog.caritas.barcelona\/es\/wp-json\/wp\/v2\/posts\/15206\/revisions\/15208"}],"wp:featuredmedia":[{"embeddable":true,"href":"https:\/\/blog.caritas.barcelona\/es\/wp-json\/wp\/v2\/media\/15200"}],"wp:attachment":[{"href":"https:\/\/blog.caritas.barcelona\/es\/wp-json\/wp\/v2\/media?parent=15206"}],"wp:term":[{"taxonomy":"category","embeddable":true,"href":"https:\/\/blog.caritas.barcelona\/es\/wp-json\/wp\/v2\/categories?post=15206"},{"taxonomy":"post_tag","embeddable":true,"href":"https:\/\/blog.caritas.barcelona\/es\/wp-json\/wp\/v2\/tags?post=15206"},{"taxonomy":"autor","embeddable":true,"href":"https:\/\/blog.caritas.barcelona\/es\/wp-json\/wp\/v2\/autor?post=15206"}],"curies":[{"name":"wp","href":"https:\/\/api.w.org\/{rel}","templated":true}]}}