{"id":15192,"date":"2025-09-16T11:31:01","date_gmt":"2025-09-16T09:31:01","guid":{"rendered":"https:\/\/blog.caritas.barcelona\/?p=15192"},"modified":"2025-09-16T11:34:00","modified_gmt":"2025-09-16T09:34:00","slug":"caritas-barcelona-i-junior-report-lanzan-una-unidad-didactica-para-entender-la-exclusion-y-motivar-a-la-accion-por-el-cambio","status":"publish","type":"post","link":"https:\/\/blog.caritas.barcelona\/es\/entidades-con-corazon\/caritas-barcelona-i-junior-report-lanzan-una-unidad-didactica-para-entender-la-exclusion-y-motivar-a-la-accion-por-el-cambio\/","title":{"rendered":"C\u00e1ritas Barcelona i Junior Report lanzan una unidad did\u00e1ctica para entender la exclusi\u00f3n y motivar a la acci\u00f3n por el cambio"},"content":{"rendered":"<p>&#8216;Desigualdades que se hacen visibles&#8217; consta de cinco art\u00edculos que acercan al alumnado a una realidad que a menudo les queda escondida, pero que tienen muy cerca de sus barrios y pueblos.<\/p>\n<p><img loading=\"lazy\" decoding=\"async\" class=\"size-full wp-image-15189 aligncenter\" src=\"https:\/\/blog.caritas.barcelona\/wp-content\/uploads\/sites\/2\/2025\/09\/Captura-de-pantalla-2025-09-16-112127.png\" alt=\"\" width=\"615\" height=\"390\" srcset=\"https:\/\/blog.caritas.barcelona\/wp-content\/uploads\/sites\/2\/2025\/09\/Captura-de-pantalla-2025-09-16-112127.png 615w, https:\/\/blog.caritas.barcelona\/wp-content\/uploads\/sites\/2\/2025\/09\/Captura-de-pantalla-2025-09-16-112127-300x190.png 300w\" sizes=\"auto, (max-width: 615px) 100vw, 615px\" \/>Siguiendo la vocaci\u00f3n transformadora del programa de educaci\u00f3n en valores de C\u00e1ritas Diocesana de Barcelona, cada curso se exploran nuevas v\u00edas para <strong>dar a conocer la realidad de las personas que se acompa\u00f1an desde la instituci\u00f3n en la acci\u00f3n social y para crear sinergias que contribuyan a la transformaci\u00f3n de la sociedad<\/strong> en clave de justicia social.<\/p>\n<p>Fruto de la colaboraci\u00f3n con el diario digital dirigido a las comunidades escolares Junior Report, se ha creado la unidad did\u00e1ctica <strong>Desigualtats que es fan visibles<\/strong> (Desigualdades que se hacen visibles), con el objetivo de dar a conocer la complejidad de las situaciones de pobreza y exclusi\u00f3n y las estructuras que generan desigualdades. Pero tambi\u00e9n, que este conocimiento lleve al cuestionamiento y a la transformaci\u00f3n de la sociedad.<\/p>\n<p>La unidad did\u00e1ctica consta de cinco art\u00edculos que acercan el alumnado a una realidad que a menudo les queda oculta, pero que tienen muy pr\u00f3xima en sus barrios y pueblos:<\/p>\n<ul>\n<li><strong>Pobreza y exclusi\u00f3n social:<\/strong> una realidad que afecta muchas familias en Catalunya.<\/li>\n<li><strong>Desigualdad estructural:<\/strong> por qu\u00e9 no todo el mundo empieza con las mismas oportunidades y qu\u00e9 alternativas hay.<\/li>\n<li><strong>Derechos vulnerados:<\/strong> acceso a alimentaci\u00f3n, vivienda y educaci\u00f3n como condici\u00f3n para vivir con dignidad.<\/li>\n<li><strong>Derroche alimentario:<\/strong> causas, consecuencias y acciones para combatirlo.<\/li>\n<li><strong>Econom\u00eda circular:<\/strong> reparar, reutilizar y reciclar para generar nuevas oportunidades y cuidar el planeta.<\/li>\n<\/ul>\n<p>Cada art\u00edculo se aborda de forma clara y comprensible, despertando una mirada cr\u00edtica y desde la perspectiva de los derechos. Adem\u00e1s, en cada uno se proponen actividades que invitan a los y las j\u00f3venes a la acci\u00f3n por una sociedad mejor.<\/p>\n<p>Se puede <a href=\"https:\/\/junior-report.cat\/unitats-didactiques\/desigualtats-visibles\/\">disponer de este contenido gratuitamente en catal\u00e1n<\/a> para poder trabajar en el aula con un enfoque pedag\u00f3gico, comprensible y movilizador.<\/p>\n<p>Si quieres conocer todo lo que hacemos desde escuelas con coraz\u00f3n <a href=\"https:\/\/caritas.barcelona\/wp-content\/uploads\/2025\/09\/FULLETO_escoles2025_DEF.pdf\"><u>consulta nuestro cat\u00e1logo de actividades<\/u><\/a>.<strong> Educar es un acto de amor. Hacerlo en valores, de responsabilidad.<\/strong><\/p>\n","protected":false},"excerpt":{"rendered":"<p>&#8216;Desigualdades que se hacen visibles&#8217; consta de cinco art\u00edculos que acercan al alumnado a una realidad que a menudo les queda escondida, pero que tienen muy cerca de sus barrios y pueblos. Siguiendo la vocaci\u00f3n transformadora del programa de educaci\u00f3n en valores de C\u00e1ritas Diocesana de Barcelona, cada curso se exploran nuevas v\u00edas para dar [&hellip;]<\/p>\n","protected":false},"author":4,"featured_media":15189,"comment_status":"closed","ping_status":"closed","sticky":false,"template":"","format":"standard","meta":{"footnotes":""},"categories":[22],"tags":[],"autor":[1560],"class_list":["post-15192","post","type-post","status-publish","format-standard","has-post-thumbnail","hentry","category-entidades-con-corazon","autor-marta-pluja-es"],"aioseo_notices":[],"_links":{"self":[{"href":"https:\/\/blog.caritas.barcelona\/es\/wp-json\/wp\/v2\/posts\/15192","targetHints":{"allow":["GET"]}}],"collection":[{"href":"https:\/\/blog.caritas.barcelona\/es\/wp-json\/wp\/v2\/posts"}],"about":[{"href":"https:\/\/blog.caritas.barcelona\/es\/wp-json\/wp\/v2\/types\/post"}],"author":[{"embeddable":true,"href":"https:\/\/blog.caritas.barcelona\/es\/wp-json\/wp\/v2\/users\/4"}],"replies":[{"embeddable":true,"href":"https:\/\/blog.caritas.barcelona\/es\/wp-json\/wp\/v2\/comments?post=15192"}],"version-history":[{"count":3,"href":"https:\/\/blog.caritas.barcelona\/es\/wp-json\/wp\/v2\/posts\/15192\/revisions"}],"predecessor-version":[{"id":15195,"href":"https:\/\/blog.caritas.barcelona\/es\/wp-json\/wp\/v2\/posts\/15192\/revisions\/15195"}],"wp:featuredmedia":[{"embeddable":true,"href":"https:\/\/blog.caritas.barcelona\/es\/wp-json\/wp\/v2\/media\/15189"}],"wp:attachment":[{"href":"https:\/\/blog.caritas.barcelona\/es\/wp-json\/wp\/v2\/media?parent=15192"}],"wp:term":[{"taxonomy":"category","embeddable":true,"href":"https:\/\/blog.caritas.barcelona\/es\/wp-json\/wp\/v2\/categories?post=15192"},{"taxonomy":"post_tag","embeddable":true,"href":"https:\/\/blog.caritas.barcelona\/es\/wp-json\/wp\/v2\/tags?post=15192"},{"taxonomy":"autor","embeddable":true,"href":"https:\/\/blog.caritas.barcelona\/es\/wp-json\/wp\/v2\/autor?post=15192"}],"curies":[{"name":"wp","href":"https:\/\/api.w.org\/{rel}","templated":true}]}}