{"id":15118,"date":"2025-08-26T12:12:52","date_gmt":"2025-08-26T10:12:52","guid":{"rendered":"https:\/\/blog.caritas.barcelona\/?p=15118"},"modified":"2025-10-17T08:52:15","modified_gmt":"2025-10-17T06:52:15","slug":"eduard-sala-barcelona-es-una-ciutat-rica-i-diversa-pero-tambe-profundament-desigual","status":"publish","type":"post","link":"https:\/\/blog.caritas.barcelona\/es\/institucional-es\/eduard-sala-barcelona-es-una-ciutat-rica-i-diversa-pero-tambe-profundament-desigual\/","title":{"rendered":"Eduard Sala: &#8220;Barcelona es una ciudad rica y diversa, pero tambi\u00e9n profundamente desigual&#8221;"},"content":{"rendered":"<p>Con calidez y las puertas abiertas me recibe Eduard Sala, director de C\u00e1ritas Diocesana de Barcelona. Es una conversaci\u00f3n que me ha marcado, y conf\u00edo en que tambi\u00e9n lo haga en ustedes. Nos encontramos en las oficinas de C\u00e1ritas, en el coraz\u00f3n de Barcelona, un lugar que refleja bien la misi\u00f3n de la entidad: estar en el centro de la vida y cerca de la gente. Podeis leer la entrevista completa en <a href=\"https:\/\/www.linkedin.com\/pulse\/bienvenido-antonio-tomasio-vwjge\/?trackingId=%2BcSDdUL2qfJ2FXi7AU4A5g%3D%3D\" target=\"_blank\" rel=\"noopener\">este enlace<\/a><\/p>\n<p><img loading=\"lazy\" decoding=\"async\" class=\"wp-image-15105 size-full aligncenter\" src=\"https:\/\/blog.caritas.barcelona\/wp-content\/uploads\/sites\/2\/2025\/08\/20240806_eduard_sala-17-scaled-e1756201530531.jpg\" alt=\"\" width=\"768\" height=\"512\" \/><\/p>\n<p><strong>\u00bfC\u00f3mo lleg\u00f3 usted a C\u00e1ritas y qu\u00e9 lo motiv\u00f3 a involucrarse en esta misi\u00f3n social?<\/strong><\/p>\n<p>En un inicio, mi objetivo era trabajar en la empresa privada. Estudiaba econ\u00f3micas y obten\u00eda matr\u00edculas de honor. Pero todo cambi\u00f3 tras una crisis industrial: vi a mi padre perder su empleo y sufrir las consecuencias. Aquello me provoc\u00f3 una crisis de prop\u00f3sito vital y tambi\u00e9n de fe. Descubr\u00ed que el mundo empresarial era feroz. Dej\u00e9 los estudios para ponerme a trabajar y ayudar en casa. A los veinte a\u00f1os entr\u00e9 en C\u00e1ritas como voluntario y aquello me dio un sentido. El voluntariado me salv\u00f3. Comenc\u00e9 ayudando a ni\u00f1os, y ese compromiso en lo social \u2014acompa\u00f1ar vidas que nada ten\u00edan que ver con la m\u00eda\u2014 me transform\u00f3. Pilar Malla, directora en ese tiempo, me nombr\u00f3 responsable de un centro de C\u00e1ritas para atender a ni\u00f1os tutelados. Desde entonces sigo vinculado.<\/p>\n<p><strong>\u00bfC\u00f3mo ha cambiado el perfil de las personas que acuden a C\u00e1ritas?<\/strong><\/p>\n<p>Desde 1982 hasta hoy, Barcelona ha cambiado profundamente. Al inicio, quienes acud\u00edan eran familias que viv\u00edan en chabolas y proven\u00edan de distintas regiones de Espa\u00f1a. En las dos \u00faltimas d\u00e9cadas, la mayor\u00eda de quienes atendemos en C\u00e1ritas son latinoamericanos, aunque tambi\u00e9n llegan de \u00c1frica y Asia. Otro cambio importante es que antes migraba una persona sola. Ahora lo hacen familias enteras, lo que eleva todav\u00eda m\u00e1s su nivel de riesgo.<\/p>\n<p><strong>\u00bfCu\u00e1les son los desaf\u00edos sociales a los que se enfrenta Barcelona?<\/strong><\/p>\n<p>Barcelona es una ciudad rica y diversa, pero tambi\u00e9n profundamente desigual. Uno de los grandes desaf\u00edos es precisamente la desigualdad: hay barrios con mucho dinamismo y oportunidades, y otros donde la exclusi\u00f3n se transmite de generaci\u00f3n en generaci\u00f3n.<\/p>\n<p>Otro reto es la vivienda. <strong>El acceso a un hogar digno y asequible se ha convertido en un problema estructural que afecta especialmente a las familias j\u00f3venes y a los migrantes<\/strong>. A ello se suma la precariedad laboral: muchos tienen empleo, pero con condiciones tan inestables que no les permite salir adelante.<\/p>\n<p>Y, por \u00faltimo, destacar\u00eda la soledad. No solo la de las personas mayores, que es evidente, sino tambi\u00e9n la soledad de j\u00f3venes y familias que se sienten desconectadas, sin redes de apoyo.<\/p>\n<p><img loading=\"lazy\" decoding=\"async\" class=\"wp-image-15107 size-full aligncenter\" src=\"https:\/\/blog.caritas.barcelona\/wp-content\/uploads\/sites\/2\/2025\/08\/20240806_eduard_sala-37-scaled-e1756201626139.jpg\" alt=\"\" width=\"768\" height=\"512\" \/><\/p>\n<p><strong>\u00bfQu\u00e9 papel juegan los voluntarios en la labor diaria de C\u00e1ritas?<\/strong><\/p>\n<p>Los voluntarios son el coraz\u00f3n de C\u00e1ritas. <strong>Necesitamos que m\u00e1s j\u00f3venes se acerquen y descubran que el voluntariado no solo ayuda a los dem\u00e1s, sino que tambi\u00e9n transforma a quien lo vive<\/strong>. Faltan j\u00f3venes comprometidos que aseguren la continuidad de este esp\u00edritu y creen nuevas generaciones de voluntarios capaces de sostener el futuro de la solidaridad.<\/p>\n<p><strong>\u00bfCree que la sociedad actual es m\u00e1s o menos emp\u00e1tica con el sufrimiento ajeno que hace una d\u00e9cada?<\/strong><\/p>\n<p>Nos estamos insensibilizando, en gran parte, por la impotencia que produce un desgaste continuo. <strong>Las malas noticias nos invaden a diario y nos machacan con tanta frecuencia que generan un efecto de saturaci\u00f3n<\/strong>. Ante ese bombardeo constante, muchas personas tienden a blindarse: se protegen de tanto dolor, perme\u00e1ndose cada vez menos del sufrimiento ajeno.<\/p>\n<p>Sin embargo, cuando logramos acercar esas realidades a un rostro concreto, cuando el dolor deja de ser una estad\u00edstica y se convierte en una historia personal, la empat\u00eda reaparece. La sociedad no ha perdido su capacidad de compasi\u00f3n, pero necesita espacios y experiencias que le devuelvan esa cercan\u00eda humana para volver a movilizarse.<\/p>\n<p><strong>A veces se acusa a las instituciones de caridad de \u00abparchear\u00bb el sistema. \u00bfQu\u00e9 opina usted de esa cr\u00edtica?<\/strong><\/p>\n<p>Las entidades sociales han sostenido a la sociedad en momentos cr\u00edticos. Sin ellas, probablemente habr\u00edamos vivido una revoluci\u00f3n. Han evitado que muchas personas cayeran en la desesperaci\u00f3n, acompa\u00f1ando a familias y fortaleciendo el tejido asociativo. La entrega de alimentos, por ejemplo, a trav\u00e9s de los bancos de alimentos, permiti\u00f3 que miles de familias tuvieran lo m\u00ednimo para salir adelante. Esas acciones puntuales fueron, en realidad, el sost\u00e9n de muchas vidas. La burocracia suele tardar demasiado en resolver problemas esenciales, y mientras tanto son estas entidades las que ofrecen una respuesta inmediata.<\/p>\n<p><img loading=\"lazy\" decoding=\"async\" class=\"aligncenter wp-image-15109 size-full\" src=\"https:\/\/blog.caritas.barcelona\/wp-content\/uploads\/sites\/2\/2025\/08\/20250514_comparaixenca_parlament_relloguers_@ERICK_NAZARIO_052-scaled-e1756201683274.jpg\" alt=\"\" width=\"768\" height=\"512\" \/><\/p>\n<p><strong>C\u00e1ritas colabora con entidades p\u00fablicas y privadas. \u00bfQu\u00e9 condiciones hacen posible una cooperaci\u00f3n real y efectiva?<\/strong><\/p>\n<p>La colaboraci\u00f3n solo funciona cuando no hay protagonismos y todas las partes se sienten parte del mismo equipo. Hemos comprobado que, <strong>cuando las instituciones p\u00fablicas, las privadas y las entidades sociales trabajan de verdad juntas, las respuestas llegan m\u00e1s r\u00e1pido y son m\u00e1s eficaces para quienes m\u00e1s lo necesitan.<\/strong><\/p>\n<p><strong>\u00bfHay alguna historia que le haya marcado especialmente, y que le recuerde por qu\u00e9 sigue en este trabajo?<\/strong><\/p>\n<p>S\u00ed, recuerdo especialmente a una se\u00f1ora en los tiempos de las pesetas. En el despacho que tenemos en Pla\u00e7a Nova, los s\u00e1bados recib\u00edamos donaciones en persona. Ella ten\u00eda un ingreso muy peque\u00f1o y, de hecho, era una de las personas a las que ayud\u00e1bamos. Sin embargo, cada mes entregaba 500 pesetas. Cuando alguien del equipo le dijo: \u00abPero se\u00f1ora, usted lo necesita\u00bb, ella respondi\u00f3: \u00abSiempre hay alguien que est\u00e1 peor que yo\u00bb. Esa generosidad, viniendo de quien menos ten\u00eda, es una de las lecciones m\u00e1s grandes que he recibido en mi vida. Es lo que me recuerda cada d\u00eda a quienes nos debemos.<\/p>\n<p><strong>Si tuviera que transmitir un mensaje a las nuevas generaciones sobre el valor de comprometerse con los dem\u00e1s, \u00bfcu\u00e1l ser\u00eda?<\/strong><\/p>\n<p><strong>A veces basta con una sonrisa, un saludo o un gesto de cortes\u00eda para marcar la diferencia<\/strong>. Reconocer a las personas, no ignorarlas. Cuando uno da lo mejor de s\u00ed, aunque sea peque\u00f1o, est\u00e1 contribuyendo a que la vida de alguien tenga un poco m\u00e1s de dignidad y de esperanza.<\/p>\n<p><img loading=\"lazy\" decoding=\"async\" class=\"aligncenter wp-image-15113 size-full\" src=\"https:\/\/blog.caritas.barcelona\/wp-content\/uploads\/sites\/2\/2025\/08\/1755703172194-1-e1756201796845.jpg\" alt=\"\" width=\"768\" height=\"576\" \/><\/p>\n<p><strong>\u00bfQu\u00e9 le da esperanza hoy, en medio de tantas dificultades?<\/strong><\/p>\n<p>Lo que me da esperanza es el anhelo que tiene la mayor parte de la gente en el mundo: vivir en paz con quienes quiere, sin sentirse en peligro. La clave est\u00e1 en aliarnos con esa parte de luz que a veces permanece en la oscuridad. <strong>Ser luz en el mundo, sal en la tierra, levadura en el pan, como nos recuerda el Evangelio<\/strong>. Incluso una sola vela encendida es una gran esperanza all\u00ed donde solo hay oscuridad. Cuanta m\u00e1s luz sea capaz de dar, menos me marcar\u00e1n las circunstancias y menos condicionar\u00e1n mi vida. Y en ese gesto humilde est\u00e1 la ra\u00edz de la verdadera esperanza.<\/p>\n","protected":false},"excerpt":{"rendered":"<p>Con calidez y las puertas abiertas me recibe Eduard Sala, director de C\u00e1ritas Diocesana de Barcelona. Es una conversaci\u00f3n que me ha marcado, y conf\u00edo en que tambi\u00e9n lo haga en ustedes. Nos encontramos en las oficinas de C\u00e1ritas, en el coraz\u00f3n de Barcelona, un lugar que refleja bien la misi\u00f3n de la entidad: estar [&hellip;]<\/p>\n","protected":false},"author":4,"featured_media":15106,"comment_status":"closed","ping_status":"closed","sticky":false,"template":"","format":"standard","meta":{"footnotes":""},"categories":[21],"tags":[],"autor":[2323],"class_list":["post-15118","post","type-post","status-publish","format-standard","has-post-thumbnail","hentry","category-institucional-es","autor-antonio-tomasio-es"],"aioseo_notices":[],"_links":{"self":[{"href":"https:\/\/blog.caritas.barcelona\/es\/wp-json\/wp\/v2\/posts\/15118","targetHints":{"allow":["GET"]}}],"collection":[{"href":"https:\/\/blog.caritas.barcelona\/es\/wp-json\/wp\/v2\/posts"}],"about":[{"href":"https:\/\/blog.caritas.barcelona\/es\/wp-json\/wp\/v2\/types\/post"}],"author":[{"embeddable":true,"href":"https:\/\/blog.caritas.barcelona\/es\/wp-json\/wp\/v2\/users\/4"}],"replies":[{"embeddable":true,"href":"https:\/\/blog.caritas.barcelona\/es\/wp-json\/wp\/v2\/comments?post=15118"}],"version-history":[{"count":6,"href":"https:\/\/blog.caritas.barcelona\/es\/wp-json\/wp\/v2\/posts\/15118\/revisions"}],"predecessor-version":[{"id":15128,"href":"https:\/\/blog.caritas.barcelona\/es\/wp-json\/wp\/v2\/posts\/15118\/revisions\/15128"}],"wp:featuredmedia":[{"embeddable":true,"href":"https:\/\/blog.caritas.barcelona\/es\/wp-json\/wp\/v2\/media\/15106"}],"wp:attachment":[{"href":"https:\/\/blog.caritas.barcelona\/es\/wp-json\/wp\/v2\/media?parent=15118"}],"wp:term":[{"taxonomy":"category","embeddable":true,"href":"https:\/\/blog.caritas.barcelona\/es\/wp-json\/wp\/v2\/categories?post=15118"},{"taxonomy":"post_tag","embeddable":true,"href":"https:\/\/blog.caritas.barcelona\/es\/wp-json\/wp\/v2\/tags?post=15118"},{"taxonomy":"autor","embeddable":true,"href":"https:\/\/blog.caritas.barcelona\/es\/wp-json\/wp\/v2\/autor?post=15118"}],"curies":[{"name":"wp","href":"https:\/\/api.w.org\/{rel}","templated":true}]}}