{"id":15099,"date":"2025-08-20T11:25:54","date_gmt":"2025-08-20T09:25:54","guid":{"rendered":"https:\/\/blog.caritas.barcelona\/?p=15099"},"modified":"2025-11-17T13:11:59","modified_gmt":"2025-11-17T12:11:59","slug":"anna-selva-la-tasca-que-els-voluntaris-i-voluntaries-han-estat-duent-a-terme-a-mataro-durant-els-darrers-57-anys-es-un-tresor-que-cal-preservar","status":"publish","type":"post","link":"https:\/\/blog.caritas.barcelona\/es\/mataro-es\/anna-selva-la-tasca-que-els-voluntaris-i-voluntaries-han-estat-duent-a-terme-a-mataro-durant-els-darrers-57-anys-es-un-tresor-que-cal-preservar\/","title":{"rendered":"Anna Selva: &#8220;El trabajo que voluntarios y voluntarias han realizado en Matar\u00f3 durante los \u00faltimos 57 a\u00f1os es un tesoro que hay que preservar&#8221;"},"content":{"rendered":"<p>Anna Selva naci\u00f3 en Barcelona. Diplomada en trabajo social, se incorpor\u00f3 a C\u00e1ritas Diocesana de Barcelona en 1988 como trabajadora social en el programa de personas mayores. Desde entonces ha ido desarrollando diferentes encargos en la entidad. M\u00e1ster en Ecolog\u00eda Emocional, colabora con la Fundaci\u00f3 Ecologia Emocional, entre otros, como tutora del m\u00e1ster de crecimiento personal y formadora. Miembro del patronato de la Fundaci\u00f3n la Salut Alta en Badalona.<\/p>\n<p><img loading=\"lazy\" decoding=\"async\" class=\"aligncenter wp-image-15085 size-full\" src=\"https:\/\/blog.caritas.barcelona\/wp-content\/uploads\/sites\/2\/2025\/08\/20240601_MATARO_X_CARITAS-14-scaled-e1755680855385.jpg\" alt=\"\" width=\"768\" height=\"576\" \/><\/p>\n<p><strong>El 25 de junio de 2024 se firm\u00f3 la integraci\u00f3n definitiva de C\u00e1ritas Interparroquial de Matar\u00f3 y C\u00e1ritas Diocesana de Barcelona. \u00bfCu\u00e1l es tu responsabilidad respecto a la acci\u00f3n de C\u00e1ritas en Matar\u00f3? <\/strong><\/p>\n<p>Soy la responsable de C\u00e1ritas en la zona pastoral 5. Esto incluye aquellos municipios que forman parte del Barcelon\u00e8s Nord (Sant Adri\u00e0 del Bes\u00f2s, Santa Coloma de Gramenet y Badalona) y todos los del Maresme hasta Caldes d&#8217;Estrac. En el caso concreto de C\u00e1ritas en Matar\u00f3, mi trabajo es el de coordinar y apoyar a las personas voluntarias y contratadas que act\u00faan sobre el terreno. <strong>La ciudadan\u00eda percibe a C\u00e1ritas como una entidad cercana, que da respuesta a las necesidades m\u00e1s inmediatas. La acci\u00f3n de C\u00e1ritas en Matar\u00f3 tambi\u00e9n se fundamenta en estos principios, y nuestro objetivo es que esto siga como hasta ahora.<\/strong><\/p>\n<p><strong>\u00bfC\u00f3mo ves la acci\u00f3n de C\u00e1ritas en Matar\u00f3? \u00bfTe ha sorprendido algo, en positivo o en negativo? <\/strong><\/p>\n<p>Aunque ya ten\u00eda conocimiento de la implicaci\u00f3n del voluntariado en los distintos niveles de la acci\u00f3n, no deja de sorprender positivamente. <strong>Desde C\u00e1ritas afirmamos que somos una entidad DE personas voluntarias, y no CON personas voluntarias. En este sentido, el trabajo que voluntarios y voluntarias han realizado en Matar\u00f3 durante los \u00faltimos 57 a\u00f1os es un tesoro que hay que preservar.<\/strong><\/p>\n<p><img loading=\"lazy\" decoding=\"async\" class=\"wp-image-15091 size-full aligncenter\" src=\"https:\/\/blog.caritas.barcelona\/wp-content\/uploads\/sites\/2\/2025\/08\/20241202_REFORC_CASAL_SANT_PAU_@MARC_ASENSIO-27-scaled-e1755681317673.jpg\" alt=\"\" width=\"768\" height=\"512\" \/><\/p>\n<p><strong>\u00bfQu\u00e9 retos ten\u00e9is por delante? <\/strong><\/p>\n<p><strong>Uno de los retos que tenemos en Matar\u00f3, pero tambi\u00e9n en el conjunto de la di\u00f3cesis de Barcelona, es c\u00f3mo conseguir que nuevas personas se sumen al proyecto de C\u00e1ritas<\/strong>. En el caso de Matar\u00f3, casi el 60% de las personas voluntarias son mayores de 65 a\u00f1os. Son personas con experiencia, que conocen de primera mano c\u00f3mo acoger y acompa\u00f1ar a los m\u00e1s vulnerables de la ciudad. Sin embargo, es importante que podamos implicar a nuevas personas, sea como voluntarias o ensanchando la base de socios y donantes.<\/p>\n<p>Por otro lado, desde C\u00e1ritas Barcelona llevamos a\u00f1os haciendo un proceso de reflexi\u00f3n y conversi\u00f3n de todo aquello que tiene que ver con la cobertura de las necesidades m\u00e1s b\u00e1sicas, como es el caso de la alimentaci\u00f3n y la ropa.<\/p>\n<p>En este sentido, desde el a\u00f1o 2013 impulsamos la tarjeta solidaria de alimentos. El objetivo de la tarjeta solidaria es que las personas que acompa\u00f1amos desde C\u00e1ritas puedan comprar con autonom\u00eda en los establecimientos comerciales de alimentaci\u00f3n por medio de las ayudas econ\u00f3micas que reciben. La apuesta de C\u00e1ritas por las ayudas econ\u00f3micas v\u00eda tarjeta se orienta a que las personas puedan comprar lo que realmente necesitan, y que puedan hacerlo en aquellas tiendas m\u00e1s cercanas a su domicilio. <strong>Desde enero de este a\u00f1o, estamos distribuyendo estas tarjetas a las personas que acompa\u00f1amos a Matar\u00f3.<\/strong><\/p>\n<p>En cuanto a la ropa, el pasado mes de julio abrimos una tienda Moda-re en la calle Argentona. El establecimiento ofrece ropa de segunda mano o procedente de excedentes de empresas a un precio muy econ\u00f3mico, facilitando el empleo de personas en situaciones de vulnerabilidad. <strong>El objetivo no es solo cubrir una necesidad b\u00e1sica como la ropa, sino dar una segunda vida a las prendas en desuso.<\/strong><\/p>\n<p><img loading=\"lazy\" decoding=\"async\" class=\"wp-image-15089 size-full aligncenter\" src=\"https:\/\/blog.caritas.barcelona\/wp-content\/uploads\/sites\/2\/2025\/08\/20240601_MATARO_X_CARITAS-8-scaled-e1755680941722.jpg\" alt=\"\" width=\"768\" height=\"576\" \/><\/p>\n<p><strong>\u00bfC\u00f3mo ves el futuro de C\u00e1ritas Diocesana de Barcelona en Matar\u00f3? <\/strong><\/p>\n<p>Lo veo con optimismo. El Papa Francisco siempre nos recordaba que en la Iglesia cabemos todos, todos, todos. La Iglesia, C\u00e1ritas es un barco abierto a todos, sin filtros, con las puertas y rampas siempre abiertas. <strong>Esta suma de fuerzas con C\u00e1ritas Matar\u00f3 nos impulsa a construir una entidad que camina en consonancia con el mensaje del Papa, y que puede dar una mejor respuesta a todas y cada una de las personas que a diario nos piden ayuda.<\/strong><\/p>\n","protected":false},"excerpt":{"rendered":"<p>Anna Selva naci\u00f3 en Barcelona. Diplomada en trabajo social, se incorpor\u00f3 a C\u00e1ritas Diocesana de Barcelona en 1988 como trabajadora social en el programa de personas mayores. Desde entonces ha ido desarrollando diferentes encargos en la entidad. M\u00e1ster en Ecolog\u00eda Emocional, colabora con la Fundaci\u00f3 Ecologia Emocional, entre otros, como tutora del m\u00e1ster de crecimiento [&hellip;]<\/p>\n","protected":false},"author":4,"featured_media":15094,"comment_status":"closed","ping_status":"closed","sticky":false,"template":"","format":"standard","meta":{"footnotes":""},"categories":[2315],"tags":[],"autor":[2321],"class_list":["post-15099","post","type-post","status-publish","format-standard","has-post-thumbnail","hentry","category-mataro-es","autor-joan-comellas-es"],"aioseo_notices":[],"_links":{"self":[{"href":"https:\/\/blog.caritas.barcelona\/es\/wp-json\/wp\/v2\/posts\/15099","targetHints":{"allow":["GET"]}}],"collection":[{"href":"https:\/\/blog.caritas.barcelona\/es\/wp-json\/wp\/v2\/posts"}],"about":[{"href":"https:\/\/blog.caritas.barcelona\/es\/wp-json\/wp\/v2\/types\/post"}],"author":[{"embeddable":true,"href":"https:\/\/blog.caritas.barcelona\/es\/wp-json\/wp\/v2\/users\/4"}],"replies":[{"embeddable":true,"href":"https:\/\/blog.caritas.barcelona\/es\/wp-json\/wp\/v2\/comments?post=15099"}],"version-history":[{"count":6,"href":"https:\/\/blog.caritas.barcelona\/es\/wp-json\/wp\/v2\/posts\/15099\/revisions"}],"predecessor-version":[{"id":15455,"href":"https:\/\/blog.caritas.barcelona\/es\/wp-json\/wp\/v2\/posts\/15099\/revisions\/15455"}],"wp:featuredmedia":[{"embeddable":true,"href":"https:\/\/blog.caritas.barcelona\/es\/wp-json\/wp\/v2\/media\/15094"}],"wp:attachment":[{"href":"https:\/\/blog.caritas.barcelona\/es\/wp-json\/wp\/v2\/media?parent=15099"}],"wp:term":[{"taxonomy":"category","embeddable":true,"href":"https:\/\/blog.caritas.barcelona\/es\/wp-json\/wp\/v2\/categories?post=15099"},{"taxonomy":"post_tag","embeddable":true,"href":"https:\/\/blog.caritas.barcelona\/es\/wp-json\/wp\/v2\/tags?post=15099"},{"taxonomy":"autor","embeddable":true,"href":"https:\/\/blog.caritas.barcelona\/es\/wp-json\/wp\/v2\/autor?post=15099"}],"curies":[{"name":"wp","href":"https:\/\/api.w.org\/{rel}","templated":true}]}}