{"id":15065,"date":"2025-08-06T12:55:13","date_gmt":"2025-08-06T10:55:13","guid":{"rendered":"https:\/\/blog.caritas.barcelona\/?p=15065"},"modified":"2025-11-17T13:14:37","modified_gmt":"2025-11-17T12:14:37","slug":"caritas-busca-personas-voluntarias-para-impartir-clases-de-castellano-en-mataro","status":"publish","type":"post","link":"https:\/\/blog.caritas.barcelona\/es\/voluntariado\/caritas-busca-personas-voluntarias-para-impartir-clases-de-castellano-en-mataro\/","title":{"rendered":"C\u00e1ritas busca personas voluntarias para impartir clases de castellano en Matar\u00f3"},"content":{"rendered":"<p>La entidad cuenta con dos personas voluntarias en la ciudad, pero se necesitan entre cuatro y seis para atender adecuadamente a los m\u00e1s de 60 alumnos que participan en estos cursos<\/p>\n<p><img loading=\"lazy\" decoding=\"async\" class=\"aligncenter wp-image-15060\" src=\"https:\/\/blog.caritas.barcelona\/wp-content\/uploads\/sites\/2\/2025\/08\/20241202_CURSOS_LLENGUA_MATARO_@MARC_ASENSIO-33-1024x683.jpg\" alt=\"\" width=\"768\" height=\"512\" \/><\/p>\n<p>El aprendizaje de la lengua es uno de los primeros pasos en el itinerario de formaci\u00f3n e inserci\u00f3n laboral, y por este motivo C\u00e1ritas hace un llamamiento a la ciudadan\u00eda para <strong>impartir clases de castellano de forma voluntaria a personas reci\u00e9n llegadas<\/strong>. Las sesiones se realizar\u00e1n los <strong>martes y jueves por la ma\u00f1ana<\/strong>. Actualmente, la entidad cuenta con dos personas voluntarias, pero se necesitan <strong>entre cuatro y seis<\/strong> para atender adecuadamente <strong>a los m\u00e1s de 60 alumnos <\/strong>de Matar\u00f3 que participan en estos cursos.<\/p>\n<p><img loading=\"lazy\" decoding=\"async\" class=\"aligncenter wp-image-15062 size-full\" src=\"https:\/\/blog.caritas.barcelona\/wp-content\/uploads\/sites\/2\/2025\/08\/20241202_CURSOS_LLENGUA_MATARO_@MARC_ASENSIO-17-scaled-e1754477507243.jpg\" alt=\"\" width=\"768\" height=\"512\" \/><\/p>\n<p>\u201cBuscamos personas con <strong>motivaci\u00f3n y habilidades docentes<\/strong>. No hace falta experiencia previa, solo la ilusi\u00f3n de contribuir a la inclusi\u00f3n social a trav\u00e9s de la ense\u00f1anza de la lengua\u201d, afirma Mar Galceran, referente de voluntariado de C\u00e1ritas en el Maresme. Los contenidos que se impartir\u00e1n incluyen <strong>ortograf\u00eda, gram\u00e1tica y espacios de conversaci\u00f3n<\/strong>, adaptados a distintos niveles. Las personas participantes no solo aprenden gram\u00e1tica y vocabulario, sino que tambi\u00e9n participan en actividades grupales <strong>para conocer las pautas culturales de la sociedad de acogida y las espec\u00edficas de su territorio. El objetivo de estos cursos es facilitar la integraci\u00f3n ling\u00fc\u00edstica, social y laboral de las personas que participan.<\/strong><\/p>\n<p><strong>Si estais interesado\/as en formar parte de este proyecto, pod\u00e9is contactar con Mar Galceran (<\/strong><a href=\"mailto:mgalceran@caritas.barcelona\"><strong>mgalceran@caritas.barcelona<\/strong><\/a><strong>).<\/strong><\/p>\n","protected":false},"excerpt":{"rendered":"<p>La entidad cuenta con dos personas voluntarias en la ciudad, pero se necesitan entre cuatro y seis para atender adecuadamente a los m\u00e1s de 60 alumnos que participan en estos cursos El aprendizaje de la lengua es uno de los primeros pasos en el itinerario de formaci\u00f3n e inserci\u00f3n laboral, y por este motivo C\u00e1ritas [&hellip;]<\/p>\n","protected":false},"author":4,"featured_media":15061,"comment_status":"closed","ping_status":"closed","sticky":false,"template":"","format":"standard","meta":{"footnotes":""},"categories":[2315,27,23],"tags":[],"autor":[36],"class_list":["post-15065","post","type-post","status-publish","format-standard","has-post-thumbnail","hentry","category-mataro-es","category-formacion-e-insercion-laboral","category-voluntariado","autor-caritas-diocesana-de-barcelona-es"],"aioseo_notices":[],"_links":{"self":[{"href":"https:\/\/blog.caritas.barcelona\/es\/wp-json\/wp\/v2\/posts\/15065","targetHints":{"allow":["GET"]}}],"collection":[{"href":"https:\/\/blog.caritas.barcelona\/es\/wp-json\/wp\/v2\/posts"}],"about":[{"href":"https:\/\/blog.caritas.barcelona\/es\/wp-json\/wp\/v2\/types\/post"}],"author":[{"embeddable":true,"href":"https:\/\/blog.caritas.barcelona\/es\/wp-json\/wp\/v2\/users\/4"}],"replies":[{"embeddable":true,"href":"https:\/\/blog.caritas.barcelona\/es\/wp-json\/wp\/v2\/comments?post=15065"}],"version-history":[{"count":1,"href":"https:\/\/blog.caritas.barcelona\/es\/wp-json\/wp\/v2\/posts\/15065\/revisions"}],"predecessor-version":[{"id":15066,"href":"https:\/\/blog.caritas.barcelona\/es\/wp-json\/wp\/v2\/posts\/15065\/revisions\/15066"}],"wp:featuredmedia":[{"embeddable":true,"href":"https:\/\/blog.caritas.barcelona\/es\/wp-json\/wp\/v2\/media\/15061"}],"wp:attachment":[{"href":"https:\/\/blog.caritas.barcelona\/es\/wp-json\/wp\/v2\/media?parent=15065"}],"wp:term":[{"taxonomy":"category","embeddable":true,"href":"https:\/\/blog.caritas.barcelona\/es\/wp-json\/wp\/v2\/categories?post=15065"},{"taxonomy":"post_tag","embeddable":true,"href":"https:\/\/blog.caritas.barcelona\/es\/wp-json\/wp\/v2\/tags?post=15065"},{"taxonomy":"autor","embeddable":true,"href":"https:\/\/blog.caritas.barcelona\/es\/wp-json\/wp\/v2\/autor?post=15065"}],"curies":[{"name":"wp","href":"https:\/\/api.w.org\/{rel}","templated":true}]}}