{"id":15014,"date":"2025-07-10T13:50:39","date_gmt":"2025-07-10T11:50:39","guid":{"rendered":"https:\/\/blog.caritas.barcelona\/?p=15014"},"modified":"2025-07-10T13:50:39","modified_gmt":"2025-07-10T11:50:39","slug":"moda-re-llega-a-mataro-una-tienda-de-ropa-con-compromiso-social","status":"publish","type":"post","link":"https:\/\/blog.caritas.barcelona\/es\/formacion-e-insercion-laboral\/moda-re-llega-a-mataro-una-tienda-de-ropa-con-compromiso-social\/","title":{"rendered":"Moda re- llega a Matar\u00f3: una tienda de ropa con compromiso social"},"content":{"rendered":"<p>La Fundaci\u00f3 Formaci\u00f3 i Treball y C\u00e1ritas abren el primer establecimiento de moda circular en la ciudad, creando empleo y fomentando el consumo responsable<\/p>\n<p><img loading=\"lazy\" decoding=\"async\" class=\"size-full wp-image-15009 aligncenter\" src=\"https:\/\/blog.caritas.barcelona\/wp-content\/uploads\/sites\/2\/2025\/07\/20250709_INAUGURACIO_BOTIGA_MODA_RE_MATARO-4-scaled-e1752147921623.jpg\" alt=\"\" width=\"768\" height=\"512\" \/><\/p>\n<p>La ciudad de Matar\u00f3 estrena su primera tienda Moda re-, un proyecto de econom\u00eda social impulsado por la Fundaci\u00f3 Formaci\u00f3 i Treball, en colaboraci\u00f3n con C\u00e1ritas Diocesana de Barcelona. Ubicada en <a href=\"https:\/\/maps.app.goo.gl\/Uwxsy7SspmnZwfST6\" target=\"_blank\" rel=\"noopener\">carrer d\u2019Argentona, 16<\/a>, la tienda llega para <strong>dar una segunda vida a la ropa y una primera oportunidad laboral a personas en situaci\u00f3n de vulnerabilidad.<\/strong> Durante el acto de inauguraci\u00f3n, se ha contado con la asistencia del alcalde de Matar\u00f3, David Bote.<\/p>\n<p>Con una est\u00e9tica moderna y rompedora, el establecimiento quiere dejar atr\u00e1s los estereotipos asociados a las tiendas de segunda mano. <strong>Moda re- no solo ofrece piezas de calidad a precios asequibles, sino que tambi\u00e9n genera puestos de trabajo para colectivos con dificultades de acceso al mercado laboral.<\/strong><\/p>\n<p><img loading=\"lazy\" decoding=\"async\" class=\"size-full wp-image-15011 aligncenter\" src=\"https:\/\/blog.caritas.barcelona\/wp-content\/uploads\/sites\/2\/2025\/07\/20250709_INAUGURACIO_BOTIGA_MODA_RE_MATARO-7-scaled-e1752147951826.jpg\" alt=\"\" width=\"768\" height=\"576\" \/><\/p>\n<p><strong>\u201cTodos y todas podemos adquirir ropa de segunda mano, contribuyendo al cuidado del planeta y ofrecer oportunidades a personas que necesitan un trabajo\u201d<\/strong>, ha afirmado Eduard Sala, director de C\u00e1ritas Diocesana de Barcelona.<\/p>\n<p>En este aspecto Zoraida Simancas, trabajadora de la Fundaci\u00f3 Formaci\u00f3 i Treball, ha explicado que ella empez\u00f3 como dependienta de una tienda, llevando a cabo diferentes funciones en el establecimiento: desde poner bien la ropa hasta atender a los clientes. \u201c<strong>Estoy muy contenta con la labor social hacemos desde la tienda<\/strong>. En la Fundaci\u00f3 Formaci\u00f3 i Treball he podido progresar. Ahora soy segunda encargada, y formo a los nuevos compa\u00f1eros y compa\u00f1eras que se van incorporando en la empresa\u201d, explica Simancas.<\/p>\n<p><iframe loading=\"lazy\" title=\"Matar\u00f3 al dia 09\/07\/2025\" width=\"500\" height=\"281\" src=\"https:\/\/www.youtube.com\/embed\/qcnLuGEzhCE?start=1482&#038;feature=oembed\" frameborder=\"0\" allow=\"accelerometer; autoplay; clipboard-write; encrypted-media; gyroscope; picture-in-picture; web-share\" referrerpolicy=\"strict-origin-when-cross-origin\" allowfullscreen><\/iframe><\/p>\n<p>Actualmente, en la tienda de Matar\u00f3 trabajan personas contratadas a trav\u00e9s de programas de inserci\u00f3n sociolaboral. <strong>Los beneficios de la tienda se reinvierten \u00edntegramente en proyectos de formaci\u00f3n y empleo, consolidando un modelo que combina impacto social, ambiental, econ\u00f3mico y comunitario.<\/strong><\/p>\n<p>Moda re- Matar\u00f3 tambi\u00e9n ampl\u00eda la red de atenci\u00f3n a familias vulnerables del territorio, que <strong>reciben ropa y complementos con plena dignidad y confidencialidad, reforzando el papel de la tienda como punto de entrega social de proximidad.<\/strong><\/p>\n<p><strong>Con esta apertura, ya son 29 las tiendas Moda-Rea en Catalunya, gestionadas por<\/strong> <strong>Formaci\u00f3 i Treball<\/strong> y m\u00e1s de 180 en todo el Estado espa\u00f1ol, evidenciando el \u00e9xito de un proyecto que transforma residuos textiles en oportunidades laborales y sociales. Solo en 2024, la Fundaci\u00f3 gestion\u00f3 8.626.520 kilos de ropa, con un ahorro estimado de 215.650 toneladas de CO\u2082.<\/p>\n","protected":false},"excerpt":{"rendered":"<p>La Fundaci\u00f3 Formaci\u00f3 i Treball y C\u00e1ritas abren el primer establecimiento de moda circular en la ciudad, creando empleo y fomentando el consumo responsable La ciudad de Matar\u00f3 estrena su primera tienda Moda re-, un proyecto de econom\u00eda social impulsado por la Fundaci\u00f3 Formaci\u00f3 i Treball, en colaboraci\u00f3n con C\u00e1ritas Diocesana de Barcelona. Ubicada en [&hellip;]<\/p>\n","protected":false},"author":4,"featured_media":15010,"comment_status":"closed","ping_status":"closed","sticky":false,"template":"","format":"standard","meta":{"footnotes":""},"categories":[2315,27],"tags":[],"autor":[36],"class_list":["post-15014","post","type-post","status-publish","format-standard","has-post-thumbnail","hentry","category-mataro-es","category-formacion-e-insercion-laboral","autor-caritas-diocesana-de-barcelona-es"],"aioseo_notices":[],"_links":{"self":[{"href":"https:\/\/blog.caritas.barcelona\/es\/wp-json\/wp\/v2\/posts\/15014","targetHints":{"allow":["GET"]}}],"collection":[{"href":"https:\/\/blog.caritas.barcelona\/es\/wp-json\/wp\/v2\/posts"}],"about":[{"href":"https:\/\/blog.caritas.barcelona\/es\/wp-json\/wp\/v2\/types\/post"}],"author":[{"embeddable":true,"href":"https:\/\/blog.caritas.barcelona\/es\/wp-json\/wp\/v2\/users\/4"}],"replies":[{"embeddable":true,"href":"https:\/\/blog.caritas.barcelona\/es\/wp-json\/wp\/v2\/comments?post=15014"}],"version-history":[{"count":1,"href":"https:\/\/blog.caritas.barcelona\/es\/wp-json\/wp\/v2\/posts\/15014\/revisions"}],"predecessor-version":[{"id":15015,"href":"https:\/\/blog.caritas.barcelona\/es\/wp-json\/wp\/v2\/posts\/15014\/revisions\/15015"}],"wp:featuredmedia":[{"embeddable":true,"href":"https:\/\/blog.caritas.barcelona\/es\/wp-json\/wp\/v2\/media\/15010"}],"wp:attachment":[{"href":"https:\/\/blog.caritas.barcelona\/es\/wp-json\/wp\/v2\/media?parent=15014"}],"wp:term":[{"taxonomy":"category","embeddable":true,"href":"https:\/\/blog.caritas.barcelona\/es\/wp-json\/wp\/v2\/categories?post=15014"},{"taxonomy":"post_tag","embeddable":true,"href":"https:\/\/blog.caritas.barcelona\/es\/wp-json\/wp\/v2\/tags?post=15014"},{"taxonomy":"autor","embeddable":true,"href":"https:\/\/blog.caritas.barcelona\/es\/wp-json\/wp\/v2\/autor?post=15014"}],"curies":[{"name":"wp","href":"https:\/\/api.w.org\/{rel}","templated":true}]}}