{"id":15005,"date":"2025-07-07T13:45:18","date_gmt":"2025-07-07T11:45:18","guid":{"rendered":"https:\/\/blog.caritas.barcelona\/?p=15005"},"modified":"2025-07-07T13:45:18","modified_gmt":"2025-07-07T11:45:18","slug":"la-fundacio-habitatge-social-ofrece-refugio-confort-y-dignidad-a-1-730-personas-durante-2024","status":"publish","type":"post","link":"https:\/\/blog.caritas.barcelona\/es\/sin-hogar-y-vivienda\/la-fundacio-habitatge-social-ofrece-refugio-confort-y-dignidad-a-1-730-personas-durante-2024\/","title":{"rendered":"La Fundaci\u00f3 Habitatge Social ofrece refugio, confort y dignidad a 1.730 personas durante 2024"},"content":{"rendered":"<p>Ante un mercado libre que expulsa a miles de familias, la Fundaci\u00f3 ha facilitado un techo seguro y un acompa\u00f1amiento socioeducativo a 473 familias en riesgo de exclusi\u00f3n residencial<\/p>\n<p><img loading=\"lazy\" decoding=\"async\" class=\"size-full wp-image-14998 aligncenter\" src=\"https:\/\/blog.caritas.barcelona\/wp-content\/uploads\/sites\/2\/2025\/07\/20250415_PIS_FUNDACIO_HABITATGE_SOCIAL_BAIXA_CARRER_BOLIVIA_@PEPE_NAVARRO-8-e1751888324209.jpg\" alt=\"\" width=\"768\" height=\"512\" \/><\/p>\n<p>El Proyecto OIKOS, eje central de la intervenci\u00f3n social de la Fundaci\u00f3, asigna a cada familia un educador o educadora social que construye un plan de trabajo a medida. <strong>Este plan aborda aspectos como la mejora econ\u00f3mica, la estabilidad emocional, el acceso a derechos, la crianza o el empleo, y se da por finalizado cuando la familia puede sostener un proyecto de vida aut\u00f3nomo. En el caso de la di\u00f3cesis de Barcelona, <\/strong><strong>\u200b\u200b<\/strong><strong>se han dispuesto de 396 viviendas que han dado respuesta a 1.582 personas. <\/strong><\/p>\n<p><strong>Las familias monoparentales: un perfil en crecimiento y con mayor riesgo de exclusi<\/strong><strong>\u00f3<\/strong><strong>n<\/strong><\/p>\n<p><strong>Las familias monoparentales encabezadas por mujeres representan ya casi la mitad de las unidades familiares alojadas en las viviendas de la Fundaci<\/strong><strong>\u00f3<\/strong>, superando a las parejas con hijos, que hab\u00edan sido tradicionalmente mayoritarias. <strong>Las mujeres encabezan el 95% de estas familias y son las que sufren con mayor intensidad la precariedad residencial<\/strong>. La Fundaci\u00f3 denuncia que, a pesar del esfuerzo tit\u00e1nico de estas mujeres por salir adelante, se encuentran con barreras estructurales que cronifican la pobreza y limitan el futuro de sus hijos e hijas.<\/p>\n<p><img loading=\"lazy\" decoding=\"async\" class=\"size-full wp-image-15000 aligncenter\" src=\"https:\/\/blog.caritas.barcelona\/wp-content\/uploads\/sites\/2\/2025\/07\/20250328_PIS_DONES_MALLORCA_BAIXA_@PEPE_NAVARRO-11-e1751888378421.jpg\" alt=\"\" width=\"768\" height=\"512\" \/><\/p>\n<p>Los equipos socioeducativos que trabajan con estas familias alertan que <strong>la carencia de una vivienda estable y asequible comporta graves consecuencias sociales y emocionales<\/strong>: inseguridad residencial, empobrecimiento, impacto psicol\u00f3gico, desigualdad de g\u00e9nero y limitaciones en el desarrollo emocional, educativo y social de los ni\u00f1os y ni\u00f1as.<\/p>\n<p>\u201cLa combinaci\u00f3n de una vivienda digna con acompa\u00f1amiento socioeducativo es clave para transformar la vida de estas mujeres y sus hijos\u201d, explican Ariadna Mateos y Francesc Castellano, educadores sociales de la Fundaci\u00f3. <strong>Este apoyo integral tiene efectos directos en la estabilidad familiar, la mejora del bienestar emocional, el acceso a oportunidades educativas y laborales, y la prevenci\u00f3n de situaciones de aislamiento o de cronificaci\u00f3n de la pobreza.<\/strong><\/p>\n<p><img loading=\"lazy\" decoding=\"async\" class=\"size-full wp-image-15002 aligncenter\" src=\"https:\/\/blog.caritas.barcelona\/wp-content\/uploads\/sites\/2\/2025\/07\/2025_03_19_CDU_ARX_FT_Pis_compartit_001_M-e1751888445148.jpg\" alt=\"\" width=\"768\" height=\"512\" \/><\/p>\n<p>A pesar de los avances conseguidos, la Fundaci\u00f3 denuncia que estas familias se encuentran a menudo con un \u201ctecho de vidrio\u201d institucional que impide alcanzar una autonom\u00eda real. Las dificultades para acceder a una alternativa residencial estable se trasladan a sus hijos e hijas, perpetuando el c\u00edrculo de la exclusi\u00f3n. En este sentido, <strong>la Fundaci\u00f3 alerta de que muchas familias monoparentales quedan fuera del sistema de protecci\u00f3n oficial, a pesar de su elevada vulnerabilidad.<\/strong><\/p>\n<p>Por \u00faltimo, la Fundaci\u00f3 hace un llamamiento a las administraciones p\u00fablicas para sumar esfuerzos y garantizar que estas familias no solo tengan un lugar donde vivir, sino tambi\u00e9n un futuro con dignidad y oportunidades. <strong>Durante el a\u00f1o 2024, 28 familias han dejado la vivienda social gestionada por la Fundaci\u00f3 para iniciar una nueva etapa en vivienda p\u00fablica o de mercado<\/strong>. La estancia media de estas familias ha sido de cinco a\u00f1os y seis meses, dato que demuestra c\u00f3mo, con el acompa\u00f1amiento adecuado, las familias pueden salir adelante.<\/p>\n","protected":false},"excerpt":{"rendered":"<p>Ante un mercado libre que expulsa a miles de familias, la Fundaci\u00f3 ha facilitado un techo seguro y un acompa\u00f1amiento socioeducativo a 473 familias en riesgo de exclusi\u00f3n residencial El Proyecto OIKOS, eje central de la intervenci\u00f3n social de la Fundaci\u00f3, asigna a cada familia un educador o educadora social que construye un plan de [&hellip;]<\/p>\n","protected":false},"author":4,"featured_media":14999,"comment_status":"closed","ping_status":"closed","sticky":false,"template":"","format":"standard","meta":{"footnotes":""},"categories":[24],"tags":[],"autor":[36],"class_list":["post-15005","post","type-post","status-publish","format-standard","has-post-thumbnail","hentry","category-sin-hogar-y-vivienda","autor-caritas-diocesana-de-barcelona-es"],"aioseo_notices":[],"_links":{"self":[{"href":"https:\/\/blog.caritas.barcelona\/es\/wp-json\/wp\/v2\/posts\/15005","targetHints":{"allow":["GET"]}}],"collection":[{"href":"https:\/\/blog.caritas.barcelona\/es\/wp-json\/wp\/v2\/posts"}],"about":[{"href":"https:\/\/blog.caritas.barcelona\/es\/wp-json\/wp\/v2\/types\/post"}],"author":[{"embeddable":true,"href":"https:\/\/blog.caritas.barcelona\/es\/wp-json\/wp\/v2\/users\/4"}],"replies":[{"embeddable":true,"href":"https:\/\/blog.caritas.barcelona\/es\/wp-json\/wp\/v2\/comments?post=15005"}],"version-history":[{"count":1,"href":"https:\/\/blog.caritas.barcelona\/es\/wp-json\/wp\/v2\/posts\/15005\/revisions"}],"predecessor-version":[{"id":15006,"href":"https:\/\/blog.caritas.barcelona\/es\/wp-json\/wp\/v2\/posts\/15005\/revisions\/15006"}],"wp:featuredmedia":[{"embeddable":true,"href":"https:\/\/blog.caritas.barcelona\/es\/wp-json\/wp\/v2\/media\/14999"}],"wp:attachment":[{"href":"https:\/\/blog.caritas.barcelona\/es\/wp-json\/wp\/v2\/media?parent=15005"}],"wp:term":[{"taxonomy":"category","embeddable":true,"href":"https:\/\/blog.caritas.barcelona\/es\/wp-json\/wp\/v2\/categories?post=15005"},{"taxonomy":"post_tag","embeddable":true,"href":"https:\/\/blog.caritas.barcelona\/es\/wp-json\/wp\/v2\/tags?post=15005"},{"taxonomy":"autor","embeddable":true,"href":"https:\/\/blog.caritas.barcelona\/es\/wp-json\/wp\/v2\/autor?post=15005"}],"curies":[{"name":"wp","href":"https:\/\/api.w.org\/{rel}","templated":true}]}}