{"id":14973,"date":"2025-06-23T14:21:27","date_gmt":"2025-06-23T12:21:27","guid":{"rendered":"https:\/\/blog.caritas.barcelona\/?p=14973"},"modified":"2025-07-21T10:59:51","modified_gmt":"2025-07-21T08:59:51","slug":"pasos_que_unen_corazones_y_culturas","status":"publish","type":"post","link":"https:\/\/blog.caritas.barcelona\/es\/voluntariado\/pasos_que_unen_corazones_y_culturas\/","title":{"rendered":"Pasos que unen corazones y culturas"},"content":{"rendered":"<p>Desde hace tres a\u00f1os, Juana Santos es voluntaria de C\u00e1ritas Diocesana de Barcelona. Su compromiso, energ\u00eda y calidez ha dejado huella en muchos proyectos, y este a\u00f1o es una de las caras visibles de la campa\u00f1a de C\u00e1ritas <em>Mientras haya personas, hay esperanza<\/em><\/p>\n<p><img loading=\"lazy\" decoding=\"async\" class=\"size-full wp-image-14970 aligncenter\" src=\"https:\/\/blog.caritas.barcelona\/wp-content\/uploads\/sites\/2\/2025\/06\/JUANA_CARRER-e1750681093609.png\" alt=\"\" width=\"768\" height=\"534\" \/><\/p>\n<p>Cada mi\u00e9rcoles, de 10 de la ma\u00f1ana a 12 del mediod\u00eda, Juana lidera un grupo excursionista de C\u00e1ritas formado por diez mujeres de distintas nacionalidades y edades. Juntas caminan y recorren la ciudad de Santa Coloma: visitan museos, suben monta\u00f1as, pasean por las colinas de Sant Jeroni y comparten la vida.<\/p>\n<p>Esta actividad ha sido un punto de encuentro, una puerta abierta a la ciudad y otras culturas. <strong>\u201cLo que m\u00e1s me gusta es que todas estamos muy unidas, somos un grupo precioso. Todas nos ayudamos\u201d<\/strong>, explica Juana.<\/p>\n<p><strong>\u201cMe siento muy feliz viendo a las participantes tan contentas. Me gusta ense\u00f1arles la ciudad, las costumbres y aprender de ellas\u201d<\/strong>, dice Juana, que afirma sentirse profundamente agradecida por participar en el espacio polivalente de C\u00e1ritas del barrio de Singuerl\u00edn de Santa Coloma. \u201cDesde el primer d\u00eda me sent\u00ed acogida como voluntaria. C\u00e1ritas ha hecho mucho bien en el barrio. El vecindario lo reconoce, y est\u00e1n muy felices con el centro. No solo ofrecemos actividades gratuitas y abiertas a todo el mundo, sino que tambi\u00e9n acogemos a personas que recientemente est\u00e1n en el barrio, sin distinci\u00f3n\u201d.<\/p>\n<p><img loading=\"lazy\" decoding=\"async\" class=\"size-full wp-image-14968 aligncenter\" src=\"https:\/\/blog.caritas.barcelona\/wp-content\/uploads\/sites\/2\/2025\/06\/20250603_JUANA_SANTOS-3-scaled-e1750681026976.jpeg\" alt=\"\" width=\"768\" height=\"576\" \/><\/p>\n<p>Uno de los momentos m\u00e1s especiales que ha vivido Juana ha sido participar en la campa\u00f1a de C\u00e1ritas de este a\u00f1o, que va presidida por el lema <a href=\"https:\/\/campanyes.caritas.barcelona\/es\/hay-esperanza\/\" target=\"_blank\" rel=\"noopener\"><em>Mientras haya personas, hay esperanza<\/em><\/a>. \u201cMe hizo much\u00edsima ilusi\u00f3n. Llam\u00e9 corriendo a mi madre. <strong>Sent\u00ed que mi esfuerzo como voluntaria hab\u00eda sido valorado, y que puedo representar a otras personas que tambi\u00e9n lo dan todo desde cada uno de los proyectos de C\u00e1ritas. Es un gran honor\u201d.<\/strong><\/p>\n<p>Juana anima a las personas que desean unirse como voluntarias de C\u00e1ritas a dar el paso: <strong>\u201cNo hay nada como ayudar y ver c\u00f3mo esto tambi\u00e9n te transforma. Volver a casa llena de amor despu\u00e9s de una jornada de voluntariado no tiene precio\u201d.<\/strong><\/p>\n<p>&nbsp;<\/p>\n<h3 style=\"text-align: center\"><a href=\"https:\/\/caritas.barcelona\/es\/haz-voluntariado\/\">HAZ VOLUNTARIADO<\/a><\/h3>\n","protected":false},"excerpt":{"rendered":"<p>Desde hace tres a\u00f1os, Juana Santos es voluntaria de C\u00e1ritas Diocesana de Barcelona. Su compromiso, energ\u00eda y calidez ha dejado huella en muchos proyectos, y este a\u00f1o es una de las caras visibles de la campa\u00f1a de C\u00e1ritas Mientras haya personas, hay esperanza Cada mi\u00e9rcoles, de 10 de la ma\u00f1ana a 12 del mediod\u00eda, Juana [&hellip;]<\/p>\n","protected":false},"author":4,"featured_media":14971,"comment_status":"closed","ping_status":"closed","sticky":false,"template":"","format":"standard","meta":{"footnotes":""},"categories":[23],"tags":[],"autor":[2313],"class_list":["post-14973","post","type-post","status-publish","format-standard","has-post-thumbnail","hentry","category-voluntariado","autor-argelis-torrealba-es"],"aioseo_notices":[],"_links":{"self":[{"href":"https:\/\/blog.caritas.barcelona\/es\/wp-json\/wp\/v2\/posts\/14973","targetHints":{"allow":["GET"]}}],"collection":[{"href":"https:\/\/blog.caritas.barcelona\/es\/wp-json\/wp\/v2\/posts"}],"about":[{"href":"https:\/\/blog.caritas.barcelona\/es\/wp-json\/wp\/v2\/types\/post"}],"author":[{"embeddable":true,"href":"https:\/\/blog.caritas.barcelona\/es\/wp-json\/wp\/v2\/users\/4"}],"replies":[{"embeddable":true,"href":"https:\/\/blog.caritas.barcelona\/es\/wp-json\/wp\/v2\/comments?post=14973"}],"version-history":[{"count":4,"href":"https:\/\/blog.caritas.barcelona\/es\/wp-json\/wp\/v2\/posts\/14973\/revisions"}],"predecessor-version":[{"id":15038,"href":"https:\/\/blog.caritas.barcelona\/es\/wp-json\/wp\/v2\/posts\/14973\/revisions\/15038"}],"wp:featuredmedia":[{"embeddable":true,"href":"https:\/\/blog.caritas.barcelona\/es\/wp-json\/wp\/v2\/media\/14971"}],"wp:attachment":[{"href":"https:\/\/blog.caritas.barcelona\/es\/wp-json\/wp\/v2\/media?parent=14973"}],"wp:term":[{"taxonomy":"category","embeddable":true,"href":"https:\/\/blog.caritas.barcelona\/es\/wp-json\/wp\/v2\/categories?post=14973"},{"taxonomy":"post_tag","embeddable":true,"href":"https:\/\/blog.caritas.barcelona\/es\/wp-json\/wp\/v2\/tags?post=14973"},{"taxonomy":"autor","embeddable":true,"href":"https:\/\/blog.caritas.barcelona\/es\/wp-json\/wp\/v2\/autor?post=14973"}],"curies":[{"name":"wp","href":"https:\/\/api.w.org\/{rel}","templated":true}]}}