{"id":14962,"date":"2025-06-19T13:50:26","date_gmt":"2025-06-19T11:50:26","guid":{"rendered":"https:\/\/blog.caritas.barcelona\/?p=14962"},"modified":"2025-06-19T13:54:57","modified_gmt":"2025-06-19T11:54:57","slug":"memoria2024","status":"publish","type":"post","link":"https:\/\/blog.caritas.barcelona\/es\/institucional-es\/memoria2024\/","title":{"rendered":"La irregularidad administrativa agrava la exclusi\u00f3n social de las personas atendidas por C\u00e1ritas Barcelona"},"content":{"rendered":"<p>Durante el 2024, C\u00e1ritas Diocesana de Barcelona ha acompa\u00f1ado a 33.829 hogares, donde viven 79.083 personas<\/p>\n<p><img loading=\"lazy\" decoding=\"async\" class=\"size-full wp-image-14955 aligncenter\" src=\"https:\/\/blog.caritas.barcelona\/wp-content\/uploads\/sites\/2\/2025\/06\/20250619_RODA_DE_PREMSA_CARITAS_BCN_MEMORIA_2024_@ERICK_NAZARIO-11-scaled-e1750333456591.jpg\" alt=\"\" width=\"768\" height=\"512\" \/><\/p>\n<p>C\u00e1ritas Diocesana de Barcelona ha ofrecido la Rueda de Prensa de presentaci\u00f3n de la memoria 2024. Miriam Feu, responsable de An\u00e1lisis social y del Observatorio de la realidad social de C\u00e1ritas Diocesana de Barcelona, \u200b\u200bha desgranado los datos m\u00e1s relevantes de la acci\u00f3n de C\u00e1ritas en la di\u00f3cesis de Barcelona durante 2024. <strong>C\u00e1ritas ha acompa\u00f1ado a 33.829 hogares, donde viven 79.083 personas. \u201cLas cifras de personas acompa\u00f1adas son similares al a\u00f1o pasado, pero las necesidades se intensifican, ya que en la mayor\u00eda de los casos las familias necesitan m\u00e1s apoyo para cubrir gastos como la vivienda\u201d<\/strong>, ha indicado. En este sentido, Feu ha apuntado que el <strong>74% de los hogares no disponen de una vivienda digna, situ\u00e1ndose 2 puntos porcentuales por encima de la cifra del a\u00f1o anterior<\/strong> (incluye los hogares que viven en habitaciones, en la calle, en recursos residenciales de alguna entidad social, con un alquiler sin contrato u ocupando). <strong>\u201cLa vivienda sigue siendo uno de los principales factores que llevan a las personas a la exclusi\u00f3n. El acceso a la vivienda es tan restrictivo que m\u00e1s de la mitad de los hogares que atendemos deben conformarse con subsistir en una habitaci\u00f3n de realquiler\u201d<\/strong>, ha advertido la responsable de an\u00e1lisis social.<\/p>\n<p>En relaci\u00f3n con las dificultades para acceder a una vivienda, <strong>las personas en situaci\u00f3n administrativa irregular lo tienen m\u00e1s dif\u00edcil, provocando que casi 9 de cada 10 no dispongan de un espacio adecuado donde vivir<\/strong>. \u201cLa irregularidad impacta en todos los \u00e1mbitos de la vida. La imposibilidad de trabajar con un contrato obliga a estas personas a sobrevivir con trabajos dentro del mercado informal, sin estabilidad y con unas condiciones muy duras. Adem\u00e1s, impide que puedan acceder a un piso con contrato de alquiler, las lleva a vivir en habitaciones, sufrir todo tipo de abusos de poder y no tener m\u00e1s alternativa que acabar viviendo en la calle\u201d, ha denunciado Feu. En este sentido, <strong>C\u00e1ritas ha apuntado que el 56% de las personas atendidas durante 2024 se encontraban en situaci\u00f3n administrativa irregular, y que 1 de cada 4 de estas personas eran ni\u00f1os y adolescentes.<\/strong> \u201cLos ni\u00f1os son los m\u00e1s invisibilizados, pero tambi\u00e9n los que m\u00e1s sufren las consecuencias de esta exclusi\u00f3n social. Por eso es imprescindible reforzar las pol\u00edticas p\u00fablicas de protecci\u00f3n hacia este colectivo\u201d.<\/p>\n<p><img loading=\"lazy\" decoding=\"async\" class=\"size-full wp-image-14957 aligncenter\" src=\"https:\/\/blog.caritas.barcelona\/wp-content\/uploads\/sites\/2\/2025\/06\/20250619_RODA_DE_PREMSA_CARITAS_BCN_MEMORIA_2024_@ERICK_NAZARIO-16-scaled-e1750333499988.jpg\" alt=\"\" width=\"768\" height=\"512\" \/><\/p>\n<p>El director de C\u00e1ritas Diocesana de Barcelona, \u200b\u200bEduard Sala, ha apuntado que <strong>las personas en situaci\u00f3n administrativa irregular reciben un doble castigo, puesto que no solo sufren una situaci\u00f3n de exclusi\u00f3n social m\u00e1s intensa, sino que son la principal diana de los discursos de odio.<\/strong><strong>&#8220;Esto no va de unos contra otros, sino de un estado del bienestar que hace aguas y que en lugar de garantizar derechos a los que m\u00e1s lo necesitan, los enfrenta&#8221;.<\/strong><\/p>\n<p>Pese al dif\u00edcil contexto, el director de la entidad ha puesto en valor la labor de C\u00e1ritas, destacando que, <strong>durante el 2024, la entidad destin\u00f3 1,1 millones de euros en ayudas a la vivienda (737.437 \u20ac en ayudas al realquiler), y que 1.918 personas residieron en pisos unifamiliares de la Fundaci\u00f3 Habitatge Social, pisos compartidos y centros residenciales. Asimismo, C\u00e1ritas contribuy\u00f3 a la tramitaci\u00f3n de 916 procesos de regularizaci\u00f3n, un 11,4% m\u00e1s que en el a\u00f1o anterior<\/strong>. Sala tambi\u00e9n ha destacado que C\u00e1ritas sigue impulsando el trabajo comunitario como herramienta de integraci\u00f3n, y que <strong>durante 2024 m\u00e1s de 15.000 personas han participado en espacios relacionales y comunitarios de la entidad.<\/strong><\/p>\n<p><img loading=\"lazy\" decoding=\"async\" class=\"size-full wp-image-14959 aligncenter\" src=\"https:\/\/blog.caritas.barcelona\/wp-content\/uploads\/sites\/2\/2025\/06\/20250619_RODA_DE_PREMSA_CARITAS_BCN_MEMORIA_2024_@ERICK_NAZARIO-12-scaled-e1750333539182.jpg\" alt=\"\" width=\"768\" height=\"512\" \/><\/p>\n<p>En cuanto a las posibles soluciones, C\u00e1ritas ha pedido que se garantice el derecho a la protecci\u00f3n social mediante el empadronamiento de todas las personas que viven en un municipio. <strong>&#8220;El padr\u00f3n es conocimiento y obligaci\u00f3n. No solo es sin\u00f3nimo de residir en un municipio, sino que garantiza que las personas puedan ser atendidas por los servicios sociales, independientemente de su situaci\u00f3n administrativa&#8221;<\/strong>, ha dicho Sala. Asimismo, tambi\u00e9n ha pedido <strong>acabar con el sinhogarismo y la exclusi\u00f3n residencial, disponiendo de viviendas sociales de emergencia que den una respuesta residencial temporal de car\u00e1cter universal<\/strong>. Por \u00faltimo, ha pedido que se promuevan v\u00edas legales y seguras para aquellas personas que deciden migrar. En este sentido, C\u00e1ritas considera que <strong>la reforma del Reglamento de Extranjer\u00eda es insuficiente para dar respuesta a las necesidades actuales, al tiempo que apela a la responsabilidad de todos los partidos para la aprobaci\u00f3n de la ILP para la regularizaci\u00f3n extraordinaria de personas extranjeras.<\/strong><\/p>\n<p>Finalmente, el cardenal Juan Jos\u00e9 Omella, arzobispo de Barcelona y presidente de C\u00e1ritas Diocesana de Barcelona, \u200b\u200bha hecho referencia a la campa\u00f1a de C\u00e1ritas <a href=\"https:\/\/campanyes.caritas.barcelona\/es\/hay-esperanza\/\" target=\"_blank\" rel=\"noopener\">\u201cMientras haya personas, hay esperanza\u201d<\/a>, recordando que este domingo se realizar\u00e1 la colecta extraordinaria en las parroquias en favor de C\u00e1ritas, e indicando que aunque los datos que la entidad podr\u00edan llevarnos a la desesperanza y al pesimismo, <strong>es necesario que las personas que conforman la Iglesia de Barcelona sean faros de esperanza ante un mundo que sufre tanto dolor<\/strong>.<\/p>\n","protected":false},"excerpt":{"rendered":"<p>Durante el 2024, C\u00e1ritas Diocesana de Barcelona ha acompa\u00f1ado a 33.829 hogares, donde viven 79.083 personas C\u00e1ritas Diocesana de Barcelona ha ofrecido la Rueda de Prensa de presentaci\u00f3n de la memoria 2024. Miriam Feu, responsable de An\u00e1lisis social y del Observatorio de la realidad social de C\u00e1ritas Diocesana de Barcelona, \u200b\u200bha desgranado los datos m\u00e1s [&hellip;]<\/p>\n","protected":false},"author":4,"featured_media":14956,"comment_status":"closed","ping_status":"closed","sticky":false,"template":"","format":"standard","meta":{"footnotes":""},"categories":[21],"tags":[],"autor":[36],"class_list":["post-14962","post","type-post","status-publish","format-standard","has-post-thumbnail","hentry","category-institucional-es","autor-caritas-diocesana-de-barcelona-es"],"aioseo_notices":[],"_links":{"self":[{"href":"https:\/\/blog.caritas.barcelona\/es\/wp-json\/wp\/v2\/posts\/14962","targetHints":{"allow":["GET"]}}],"collection":[{"href":"https:\/\/blog.caritas.barcelona\/es\/wp-json\/wp\/v2\/posts"}],"about":[{"href":"https:\/\/blog.caritas.barcelona\/es\/wp-json\/wp\/v2\/types\/post"}],"author":[{"embeddable":true,"href":"https:\/\/blog.caritas.barcelona\/es\/wp-json\/wp\/v2\/users\/4"}],"replies":[{"embeddable":true,"href":"https:\/\/blog.caritas.barcelona\/es\/wp-json\/wp\/v2\/comments?post=14962"}],"version-history":[{"count":1,"href":"https:\/\/blog.caritas.barcelona\/es\/wp-json\/wp\/v2\/posts\/14962\/revisions"}],"predecessor-version":[{"id":14963,"href":"https:\/\/blog.caritas.barcelona\/es\/wp-json\/wp\/v2\/posts\/14962\/revisions\/14963"}],"wp:featuredmedia":[{"embeddable":true,"href":"https:\/\/blog.caritas.barcelona\/es\/wp-json\/wp\/v2\/media\/14956"}],"wp:attachment":[{"href":"https:\/\/blog.caritas.barcelona\/es\/wp-json\/wp\/v2\/media?parent=14962"}],"wp:term":[{"taxonomy":"category","embeddable":true,"href":"https:\/\/blog.caritas.barcelona\/es\/wp-json\/wp\/v2\/categories?post=14962"},{"taxonomy":"post_tag","embeddable":true,"href":"https:\/\/blog.caritas.barcelona\/es\/wp-json\/wp\/v2\/tags?post=14962"},{"taxonomy":"autor","embeddable":true,"href":"https:\/\/blog.caritas.barcelona\/es\/wp-json\/wp\/v2\/autor?post=14962"}],"curies":[{"name":"wp","href":"https:\/\/api.w.org\/{rel}","templated":true}]}}