{"id":14882,"date":"2025-05-29T13:38:51","date_gmt":"2025-05-29T11:38:51","guid":{"rendered":"https:\/\/blog.caritas.barcelona\/?p=14882"},"modified":"2025-05-29T13:41:39","modified_gmt":"2025-05-29T11:41:39","slug":"el-parlamento-europeo-se-acerca-a-la-realidad-de-caritas-barcelona","status":"publish","type":"post","link":"https:\/\/blog.caritas.barcelona\/es\/institucional-es\/el-parlamento-europeo-se-acerca-a-la-realidad-de-caritas-barcelona\/","title":{"rendered":"El Parlamento Europeo se acerca a la realidad de C\u00e1ritas Barcelona"},"content":{"rendered":"<p>Diez eurodiputados visitan Barcelona para conocer la emergencia habitacional en la ciudad y su \u00e1rea metropolitana<\/p>\n<p><img loading=\"lazy\" decoding=\"async\" class=\"size-full wp-image-14873 aligncenter\" src=\"https:\/\/blog.caritas.barcelona\/wp-content\/uploads\/sites\/2\/2025\/05\/20250526_visita_eurodiputats_habitatge_@ERICK_NAZARIO030-scaled-e1748518102375.jpg\" alt=\"\" width=\"768\" height=\"512\" \/><\/p>\n<p>Entre el 26 y 28 de mayo, una delegaci\u00f3n de diez diputados del Parlamento Europeo visit\u00f3 las ciudades de Barcelona y Badalona para conocer la realidad que se sufre en materia de vivienda. Durante estos tres d\u00edas, los europarlamentarios mantuvieron reuniones con instituciones, organizaciones sociales, actores econ\u00f3micos, expertos e investigadores. Entre las entidades visitadas, <strong>tuvieron la oportunidad de conocer la acci\u00f3n que C\u00e1ritas Diocesana de Barcelona realiza en la di\u00f3cesis<\/strong>.<\/p>\n<p>Durante la visita, <strong>C\u00e1ritas expuso que la exclusi\u00f3n residencial afecta a un 26% de la poblaci\u00f3n de la di\u00f3cesis de Barcelona<\/strong>. En este sentido, C\u00e1ritas advirti\u00f3 de que casi la mitad de las personas en situaci\u00f3n de pobreza severa en Catalu\u00f1a viven de alquiler. Fina Contreras, responsable del programa de sinhogar y vivienda de C\u00e1ritas Barcelona, \u200b\u200bindic\u00f3 que <strong>el perfil de hogares m<\/strong><strong>\u00e1<\/strong><strong>s afectados por esta exclusi<\/strong><strong>\u00f3<\/strong><strong>n son los formados por parejas j<\/strong><strong>\u00f3<\/strong><strong>venes con hijos\/as y los encabezados por personas extranjeras<\/strong>.<\/p>\n<p><img loading=\"lazy\" decoding=\"async\" class=\"size-full wp-image-14875 aligncenter\" src=\"https:\/\/blog.caritas.barcelona\/wp-content\/uploads\/sites\/2\/2025\/05\/20250526_visita_eurodiputats_habitatge_@ERICK_NAZARIO033-scaled-e1748518139404.jpg\" alt=\"\" width=\"768\" height=\"512\" \/><\/p>\n<p>En cuanto a la situaci\u00f3n de las personas que C\u00e1ritas acoge y acompa\u00f1a, la entidad denunci\u00f3 que <strong>m<\/strong><strong>\u00e1<\/strong><strong>s del 70% de las personas no disponen de una vivienda digna, y que m<\/strong><strong>\u00e1<\/strong><strong>s del 40% deben sobrevivir en habitaciones de realquiler<\/strong>.<\/p>\n<p>Al finalizar la reuni\u00f3n, los eurodiputados visitaron Llar Betania, un proyecto que <strong>da respuesta a mujeres que se encuentran en proceso de reinserci\u00f3n penitenciaria<\/strong>. &#8220;Las mujeres que pueden disfrutar de permisos necesitan un domicilio al que ir. En muchas ocasiones, no disponen de una red familiar que pueda acogerlas, y tampoco con un hogar o ingresos para disponer de una vivienda. En estas situaciones, las mujeres que lo quieran pueden decidir, voluntariamente, venir a Llar Betania&#8221;, explic\u00f3 Lourdes Ginest\u00e0, responsable de los servicios de Barcelona. <strong>Proyectos como Llar Betania son \u00fanicos en el conjunto de Catalunya, y demuestran que un modelo de ejecuci\u00f3n penal centrado en la reinserci\u00f3n social y laboral es posible<\/strong><\/p>\n<p><img loading=\"lazy\" decoding=\"async\" class=\"size-full wp-image-14877 aligncenter\" src=\"https:\/\/blog.caritas.barcelona\/wp-content\/uploads\/sites\/2\/2025\/05\/20250526_visita_eurodiputats_habitatge_@ERICK_NAZARIO090-scaled-e1748518172389.jpg\" alt=\"\" width=\"768\" height=\"512\" \/><\/p>\n<p>C\u00e1ritas aprovech\u00f3 el encuentro con los distintos eurodiputados para <strong>pedirles una apuesta decidida por una pol\u00edtica estructural de vivienda, trasladar la necesidad de implementar la vivienda social de emergencia o reforzar las iniciativas para aumentar los alquileres asequibles, entre otros. <\/strong><\/p>\n<p>Al finalizar la misi\u00f3n del Parlamento Europeo, la diputada y presidenta de la delegaci\u00f3n de la Euroc\u00e1mara sobre vivienda, Irene Tinagli, <strong>constat\u00f3 que urge aumentar el parque de pisos asequibles, afirmando que intentar\u00e1n movilizar fondos europeos para promover &#8220;vivienda asequible&#8221;.<\/strong><\/p>\n<p><img loading=\"lazy\" decoding=\"async\" class=\"size-full wp-image-14879 aligncenter\" src=\"https:\/\/blog.caritas.barcelona\/wp-content\/uploads\/sites\/2\/2025\/05\/20250526_visita_eurodiputats_habitatge_@ERICK_NAZARIO113-1-scaled-e1748518210242.jpg\" alt=\"\" width=\"768\" height=\"512\" \/><\/p>\n<p>Otros diputados como Diana Riba, de Esquerra Republicana de Catalunya, han destacado <strong>&#8220;el trabajo realizado durante estos d\u00edas por haber conseguido poner la crisis de la vivienda de Catalunya en el centro de la agenda europea&#8221; y que aunque han tenido encuentros institucionales, ha sido enriquecedor reunirse con organizaciones como C\u00e1ritas o la Fundaci\u00f3n H\u00e1bitat3, entre otros. <\/strong>Por su parte, Borja Gim\u00e9nez, eurodiputado del Partido Popular Europeo ha agradecido la labor de C\u00e1ritas en Barcelona, \u200b\u200bafirmando que <strong>representa un ejemplo de compromiso con la dignidad de las personas.<\/strong><\/p>\n","protected":false},"excerpt":{"rendered":"<p>Diez eurodiputados visitan Barcelona para conocer la emergencia habitacional en la ciudad y su \u00e1rea metropolitana Entre el 26 y 28 de mayo, una delegaci\u00f3n de diez diputados del Parlamento Europeo visit\u00f3 las ciudades de Barcelona y Badalona para conocer la realidad que se sufre en materia de vivienda. Durante estos tres d\u00edas, los europarlamentarios [&hellip;]<\/p>\n","protected":false},"author":4,"featured_media":14874,"comment_status":"closed","ping_status":"closed","sticky":false,"template":"","format":"standard","meta":{"footnotes":""},"categories":[24,21],"tags":[],"autor":[1212],"class_list":["post-14882","post","type-post","status-publish","format-standard","has-post-thumbnail","hentry","category-sin-hogar-y-vivienda","category-institucional-es","autor-jordi-julia-es"],"aioseo_notices":[],"_links":{"self":[{"href":"https:\/\/blog.caritas.barcelona\/es\/wp-json\/wp\/v2\/posts\/14882","targetHints":{"allow":["GET"]}}],"collection":[{"href":"https:\/\/blog.caritas.barcelona\/es\/wp-json\/wp\/v2\/posts"}],"about":[{"href":"https:\/\/blog.caritas.barcelona\/es\/wp-json\/wp\/v2\/types\/post"}],"author":[{"embeddable":true,"href":"https:\/\/blog.caritas.barcelona\/es\/wp-json\/wp\/v2\/users\/4"}],"replies":[{"embeddable":true,"href":"https:\/\/blog.caritas.barcelona\/es\/wp-json\/wp\/v2\/comments?post=14882"}],"version-history":[{"count":3,"href":"https:\/\/blog.caritas.barcelona\/es\/wp-json\/wp\/v2\/posts\/14882\/revisions"}],"predecessor-version":[{"id":14886,"href":"https:\/\/blog.caritas.barcelona\/es\/wp-json\/wp\/v2\/posts\/14882\/revisions\/14886"}],"wp:featuredmedia":[{"embeddable":true,"href":"https:\/\/blog.caritas.barcelona\/es\/wp-json\/wp\/v2\/media\/14874"}],"wp:attachment":[{"href":"https:\/\/blog.caritas.barcelona\/es\/wp-json\/wp\/v2\/media?parent=14882"}],"wp:term":[{"taxonomy":"category","embeddable":true,"href":"https:\/\/blog.caritas.barcelona\/es\/wp-json\/wp\/v2\/categories?post=14882"},{"taxonomy":"post_tag","embeddable":true,"href":"https:\/\/blog.caritas.barcelona\/es\/wp-json\/wp\/v2\/tags?post=14882"},{"taxonomy":"autor","embeddable":true,"href":"https:\/\/blog.caritas.barcelona\/es\/wp-json\/wp\/v2\/autor?post=14882"}],"curies":[{"name":"wp","href":"https:\/\/api.w.org\/{rel}","templated":true}]}}