{"id":14768,"date":"2025-04-29T11:50:34","date_gmt":"2025-04-29T09:50:34","guid":{"rendered":"https:\/\/blog.caritas.barcelona\/?p=14768"},"modified":"2025-04-29T19:02:51","modified_gmt":"2025-04-29T17:02:51","slug":"caritas_dana","status":"publish","type":"post","link":"https:\/\/blog.caritas.barcelona\/es\/institucional-es\/caritas_dana\/","title":{"rendered":"C\u00e1ritas ha atendido 16.387 personas afectadas por la DANA"},"content":{"rendered":"<p>Ha invertido m\u00e1s de 9,9 millones de euros en el reacondicionamiento y equipamiento de viviendas y negocios, atenci\u00f3n psicosocial y ayudas de emergencia<\/p>\n<p><img loading=\"lazy\" decoding=\"async\" class=\"size-full wp-image-14816 aligncenter\" src=\"https:\/\/blog.caritas.barcelona\/wp-content\/uploads\/sites\/2\/2025\/04\/1500x500-e1745946149857.jpg\" alt=\"\" width=\"768\" height=\"486\" \/><\/p>\n<p>Seis meses despu\u00e9s de las graves inundaciones que afectaron a Valencia, Letur (Albacete), Mira (Cuenca), M\u00e1laga y Jerez, C\u00e1ritas <strong>ha acompa\u00f1ado 16.387 personas, con una inversi\u00f3n total de m\u00e1s de 9,9 millones de euros. De estos, casi 500.000 \u20ac provienen de donativos recibidos en C\u00e1ritas Diocesana de Barcelona.<\/strong><\/p>\n<p>En el marco del\u00a0<a href=\"https:\/\/www.caritas.es\/noticias\/caritas-lanza-su-plan-de-respuesta-a-la-emergencia-ante-las-consecuencias-de-la-dana\/\">plan de repuesta a la emergencia<\/a>, los esfuerzos de las C\u00e1ritas implicadas se han centrado en la recuperaci\u00f3n de negocios, la rehabilitaci\u00f3n de locales y medios de trabajo, como equipamientos y herramientas. Tambi\u00e9n se est\u00e1 trabajando en el realojamiento de familias, en el reacondicionamiento y equipamiento de viviendas, en la atenci\u00f3n psicosocial, en apoyo jur\u00eddico y en la reorganizaci\u00f3n de los centros y proyectos de C\u00e1ritas.<\/p>\n<p>Como en cada acci\u00f3n que realiza C\u00e1ritas, e<strong>l foco sigue estando en los grupos que se encuentran en mayor situaci\u00f3n de vulnerabilidad<\/strong>: personas mayores, menores y j\u00f3venes, familias numerosas, personas migrantes, y quienes viven solas, sin redes de apoyo o que ya se encontraban en situaci\u00f3n de exclusi\u00f3n antes de la DANA.<\/p>\n<p>El perfil de las personas atendidas var\u00eda seg\u00fan la zona afectada por las graves inundaciones de octubre del a\u00f1o pasado. Destacan tres grupos: familias con menores a cargo que se encuentran realojadas o viviendo en espacios en condiciones de habitabilidad muy precarias; personas mayores pensionistas, muchas veces en situaci\u00f3n de dependencia, que viven solas, y personas migrantes en situaci\u00f3n administrativa irregular que, en su mayor\u00eda, trabajan en el \u00e1mbito de los cuidados y no tienen acceso a ayudas p\u00fablicas por su situaci\u00f3n legal.<\/p>\n<p><strong>M\u00e1s de 15.000 personas atendidas en Valencia<\/strong><\/p>\n<p><iframe loading=\"lazy\" title=\"No somos H\u00e9roes\" width=\"500\" height=\"281\" src=\"https:\/\/www.youtube.com\/embed\/T5JiBhE-Mfc?feature=oembed\" frameborder=\"0\" allow=\"accelerometer; autoplay; clipboard-write; encrypted-media; gyroscope; picture-in-picture; web-share\" referrerpolicy=\"strict-origin-when-cross-origin\" allowfullscreen><\/iframe><\/p>\n<p>El mayor n\u00famero de personas acompa\u00f1adas se registr\u00f3 en Valencia. Medio a\u00f1o despu\u00e9s de la riada, C\u00e1ritas Valencia ha logrado atender a m\u00e1s de 15.000 personas a trav\u00e9s de las C\u00e1ritas parroquiales de los 84 municipios afectados. \u201cEn estos meses se han ido incrementando la entrega de ayudas econ\u00f3micas, reduciendo paulatinamente aquellas en especie que se implementaron en las primeras semanas. Los recursos han podido ser gestionados gracias a la cooperaci\u00f3n de m\u00e1s de 550 empresas y entidades, canalizando los diferentes tipos de colaboraci\u00f3n para sostener cada respuesta\u201d, explica la directora de C\u00e1ritas Valencia, <strong>Aurora Aranda<\/strong>.<\/p>\n<p>La inversi\u00f3n total de esta C\u00e1ritas diocesana asciende a los 9 millones de euros. Gran parte de estos fondos se han utilizado para hacer llegar ayudas directas a familias y personas afectadas, mientras que alrededor de 100.000 euros se han destinado a ayudas para centros educativos y el tejido asociativo.<\/p>\n<p>Rafael Masi\u00e0, vecino de Algemes\u00ed (Valencia), ha sido una de las muchas personas que han recibido una ayuda para la rehabilitaci\u00f3n de su vivienda. \u201cNos quedamos sin un duro tras la riada. Pedimos un dinero a C\u00e1ritas y gracias a ello hemos podido contratar gente para que viniera a limpiar y empezar la rehabilitaci\u00f3n de la cocina\u201d, asegura.<\/p>\n<p><img loading=\"lazy\" decoding=\"async\" class=\"size-full wp-image-14764 aligncenter\" src=\"https:\/\/blog.caritas.barcelona\/wp-content\/uploads\/sites\/2\/2025\/04\/WhatsApp-Image-2025-04-29-at-11.36.28-e1745920126452.jpeg\" alt=\"\" width=\"756\" height=\"567\" \/><\/p>\n<p><strong>Un nuevo centro para personas mayores en Letur<\/strong><\/p>\n<p>En Letur, la labor de C\u00e1ritas ha beneficiado a 911 personas. La inversi\u00f3n en ayudas econ\u00f3micas y apoyo a la reconstrucci\u00f3n es de 372.383 \u20ac. La mayor parte de estos fondos est\u00e1n destinados a la cofinanciaci\u00f3n de la construcci\u00f3n de un centro para personas mayores (200.000 \u20ac); a la recuperaci\u00f3n de negocios (66.250 \u20ac); ayudas a personas que han perdido su vivienda (40.000 \u20ac); a la recuperaci\u00f3n de la iniciativa social &#8220;Restaurante El Mussol&#8221; (35.000 \u20ac), a la atenci\u00f3n psicol\u00f3gica individual y grupal, al acompa\u00f1amiento y ayudas a las familias para cubrir necesidades espec\u00edficas (31.084 \u20ac). Todo este trabajo se ha llevado a cabo en coordinaci\u00f3n con los servicios sociales y a trav\u00e9s de la participaci\u00f3n de C\u00e1ritas en la Mesa Social de Letur, junto con el Ayuntamiento de la localidad, la delegaci\u00f3n de Bienestar Social y las entidades sociales que trabajan en la zona.<\/p>\n<p><strong>Rehabilitaci\u00f3n de viviendas en Mira (Cuenca)<\/strong><\/p>\n<p>En el municipio de Mira (Cuenca), C\u00e1ritas Diocesana de Cuenca y la parroquia de Mira atendieron a 182 familias durante los primeros d\u00edas de las graves inundaciones registradas el mes de octubre.<\/p>\n<p>En esta segunda fase est\u00e1n ayudando de forma directa a 59 familias en situaci\u00f3n de vulnerabilidad, cuyas viviendas han sido gravemente afectadas por la DANA (47,6% del total de viviendas afectadas). La labor de C\u00e1ritas se centra en la rehabilitaci\u00f3n, la instalaci\u00f3n de calefacci\u00f3n y el pago de los suministros, entre otros. C\u00e1ritas tambi\u00e9n est\u00e1 apoyando la reconstrucci\u00f3n y rehabilitaci\u00f3n de cinco empresas del municipio. La rehabilitaci\u00f3n de viviendas y cobertura de necesidades b\u00e1sicas han requerido una inversi\u00f3n de m\u00e1s de 500.000 \u20ac.<\/p>\n<p><strong>Compra de electrodom\u00e9sticos y rehabilitaci\u00f3n de negocios en M\u00e1laga<\/strong><\/p>\n<p>C\u00e1ritas M\u00e1laga ha acompa\u00f1ado a 55 personas con una inversi\u00f3n que asciende a los 17.493 euros. La mayor\u00eda de los fondos han sido destinados a la compra de electrodom\u00e9sticos para viviendas y el equipamiento de peque\u00f1os negocios familiares.<\/p>\n<p>\u201cEstas ayudas han permitido a las familias retomar sus vidas y la actividad de sus comercios y peque\u00f1os negocios\u201d, explica Ernesto Ju\u00e1rez, secretario general de C\u00e1ritas M\u00e1laga.<\/p>\n<p><strong>Respuesta integral en Jerez<\/strong><\/p>\n<p>C\u00e1ritas Asidonia-Jerez ha dado una respuesta integral a las familias afectadas por los temporales, proporcionando a lo largo de estos seis meses ayuda material inmediata y acompa\u00f1amiento emocional. En total, ha acompa\u00f1ado a 49 personas con una inversi\u00f3n de 11.700 \u20ac.<\/p>\n<p>La intervenci\u00f3n se ha centrado especialmente en la zona rural. Asimismo, ha activado un dispositivo especial de emergencia en El Portal durante octubre 2024 y marzo 2025 ante las crecidas del r\u00edo Guadalete. La Casa Encuentro del Santo \u00c1ngel se ha transformado en un refugio temporal para las personas evacuadas, ofreciendo un lugar seguro y una atenci\u00f3n integral. Se han ocupado el total de plazas disponibles, ya que esta Casa cuenta con 28 camas, cocina industrial, duchas y aseos para garantizar la dignidad de las personas acogidas. Esta intervenci\u00f3n fue resultado de un trabajo conjunto con el Ayuntamiento de Jerez, Polic\u00eda Local y Cruz Roja.<\/p>\n<p>Las personas afectadas por los temporales presentaban situaciones de vulnerabilidad previas que se vieron agravadas por la emergencia clim\u00e1tica. Sus condiciones socioecon\u00f3micas, estructura familiar y situaci\u00f3n residencial las hac\u00edan especialmente susceptibles a los efectos de los fen\u00f3menos meteorol\u00f3gicos extremos. Las principales problem\u00e1ticas en las viviendas afectadas son filtraciones en los techos, puertas sin aislamiento, estructuras en riesgo y viviendas en zonas inundables.<\/p>\n<p><strong>Reto para el futuro<\/strong><\/p>\n<p>Las consecuencias econ\u00f3micas de las graves inundaciones registrada en el este de Espa\u00f1a a finales de octubre del a\u00f1o pasado van a dejarse notar durante mucho tiempo, especialmente entre las personas m\u00e1s vulnerables y en situaci\u00f3n m\u00e1s precaria. Por ello, el <a href=\"https:\/\/www.caritas.es\/noticias\/caritas-lanza-su-plan-de-respuesta-a-la-emergencia-ante-las-consecuencias-de-la-dana\/\">plan de respuesta a la emergencia<\/a>, puesto en marcha por C\u00e1ritas el pasado mes de noviembre tiene un plazo de ejecuci\u00f3n de tres a\u00f1os y un presupuesto inicial de 33 millones de euros.<\/p>\n<p><strong>&#8220;El reto es adaptar el plan de respuesta a las necesidades que vayan surgiendo. La reconstrucci\u00f3n de estas zonas requerir\u00e1 mucho tiempo y esfuerzo&#8221;<\/strong>, asegura la secretaria general de C\u00e1ritas Espa\u00f1ola, Natalia Peiro.<\/p>\n","protected":false},"excerpt":{"rendered":"<p>Ha invertido m\u00e1s de 9,9 millones de euros en el reacondicionamiento y equipamiento de viviendas y negocios, atenci\u00f3n psicosocial y ayudas de emergencia Seis meses despu\u00e9s de las graves inundaciones que afectaron a Valencia, Letur (Albacete), Mira (Cuenca), M\u00e1laga y Jerez, C\u00e1ritas ha acompa\u00f1ado 16.387 personas, con una inversi\u00f3n total de m\u00e1s de 9,9 millones [&hellip;]<\/p>\n","protected":false},"author":4,"featured_media":14816,"comment_status":"closed","ping_status":"closed","sticky":false,"template":"","format":"standard","meta":{"footnotes":""},"categories":[21],"tags":[],"autor":[36],"class_list":["post-14768","post","type-post","status-publish","format-standard","has-post-thumbnail","hentry","category-institucional-es","autor-caritas-diocesana-de-barcelona-es"],"aioseo_notices":[],"_links":{"self":[{"href":"https:\/\/blog.caritas.barcelona\/es\/wp-json\/wp\/v2\/posts\/14768","targetHints":{"allow":["GET"]}}],"collection":[{"href":"https:\/\/blog.caritas.barcelona\/es\/wp-json\/wp\/v2\/posts"}],"about":[{"href":"https:\/\/blog.caritas.barcelona\/es\/wp-json\/wp\/v2\/types\/post"}],"author":[{"embeddable":true,"href":"https:\/\/blog.caritas.barcelona\/es\/wp-json\/wp\/v2\/users\/4"}],"replies":[{"embeddable":true,"href":"https:\/\/blog.caritas.barcelona\/es\/wp-json\/wp\/v2\/comments?post=14768"}],"version-history":[{"count":22,"href":"https:\/\/blog.caritas.barcelona\/es\/wp-json\/wp\/v2\/posts\/14768\/revisions"}],"predecessor-version":[{"id":14818,"href":"https:\/\/blog.caritas.barcelona\/es\/wp-json\/wp\/v2\/posts\/14768\/revisions\/14818"}],"wp:featuredmedia":[{"embeddable":true,"href":"https:\/\/blog.caritas.barcelona\/es\/wp-json\/wp\/v2\/media\/14816"}],"wp:attachment":[{"href":"https:\/\/blog.caritas.barcelona\/es\/wp-json\/wp\/v2\/media?parent=14768"}],"wp:term":[{"taxonomy":"category","embeddable":true,"href":"https:\/\/blog.caritas.barcelona\/es\/wp-json\/wp\/v2\/categories?post=14768"},{"taxonomy":"post_tag","embeddable":true,"href":"https:\/\/blog.caritas.barcelona\/es\/wp-json\/wp\/v2\/tags?post=14768"},{"taxonomy":"autor","embeddable":true,"href":"https:\/\/blog.caritas.barcelona\/es\/wp-json\/wp\/v2\/autor?post=14768"}],"curies":[{"name":"wp","href":"https:\/\/api.w.org\/{rel}","templated":true}]}}