{"id":14599,"date":"2025-02-12T17:25:15","date_gmt":"2025-02-12T16:25:15","guid":{"rendered":"https:\/\/blog.caritas.barcelona\/?p=14599"},"modified":"2025-02-12T17:25:15","modified_gmt":"2025-02-12T16:25:15","slug":"el-poder-de-la-comunidad","status":"publish","type":"post","link":"https:\/\/blog.caritas.barcelona\/es\/opinion\/el-poder-de-la-comunidad\/","title":{"rendered":"El poder de la comunidad"},"content":{"rendered":"<p>Organizarse es sin\u00f3nimo de encontrar la motivaci\u00f3n de las personas para cambiar la realidad. Para conseguirlo, necesitamos compartir con los dem\u00e1s aquello que nos afecta y pasar a la acci\u00f3n. Este es el objetivo de generar comunidades con poder<\/p>\n<figure id=\"attachment_14591\" aria-describedby=\"caption-attachment-14591\" style=\"width: 768px\" class=\"wp-caption aligncenter\"><img loading=\"lazy\" decoding=\"async\" class=\"wp-image-14591 size-full\" src=\"https:\/\/blog.caritas.barcelona\/wp-content\/uploads\/sites\/2\/2025\/02\/20190711_FESTA_SANTA_COLOMA_@Brahim_Ezzayer-31-scaled-e1739362830417.jpg\" alt=\"\" width=\"768\" height=\"512\" \/><figcaption id=\"caption-attachment-14591\" class=\"wp-caption-text\">Fiesta de C\u00e1ritas en Santa Coloma de Gramenet<\/figcaption><\/figure>\n<p>Desde C\u00e1ritas siempre hemos acompa\u00f1ado y acompa\u00f1amos a las personas en el ejercicio de sus derechos. Explicamos c\u00f3mo sufren, denunciamos las situaciones de injusticia que viven y les explicamos los derechos que tienen como ciudadanos y ciudadanas. <strong>Ahora trabajamos para dar un paso m\u00e1s, para que puedan organizarse, ser capaces de conseguir la mejora en sus condiciones y hacerlo de forma aut\u00f3noma. <\/strong><\/p>\n<p>A partir de estas ganas de dar un paso adelante hemos tenido la oportunidad de conocer al cura Leo Penta (Nueva York,1952). Mn. Leo tiene una larga experiencia acompa\u00f1ando a personas, siempre con el objetivo de mejorar sus condiciones de vida. Ha trabajado en pa\u00edses como Estados Unidos, Pa\u00edses Bajos o Alemania, y en cuestiones tan variadas como el acceso a la vivienda, los derechos laborales o extranjer\u00eda. A partir de distintas conversaciones con Mn. Leo, surgi\u00f3 la oportunidad de formar a varias personas de C\u00e1ritas en la organizaci\u00f3n comunitaria.<\/p>\n<figure id=\"attachment_14594\" aria-describedby=\"caption-attachment-14594\" style=\"width: 768px\" class=\"wp-caption aligncenter\"><img loading=\"lazy\" decoding=\"async\" class=\"wp-image-14594 size-full\" src=\"https:\/\/blog.caritas.barcelona\/wp-content\/uploads\/sites\/2\/2025\/02\/20240718_5e_ANIVERSARI_COMUNITAT_@COLORADANS_FOR_THE_COMMON_GOOD-e1739362944397.jpg\" alt=\"\" width=\"768\" height=\"512\" \/><figcaption id=\"caption-attachment-14594\" class=\"wp-caption-text\">Encuentro de l\u00edderes celebrado durante el 5\u00ba aniversario de Coloradans for the Common Good (CCG), entidad que forma parte de la Industrial Areas Foundation<\/figcaption><\/figure>\n<p><strong>As\u00ed, un cura, un voluntario y dos personas contratadas de C\u00e1ritas asistimos a la ciudad de Denver para formarnos en aspectos de la acci\u00f3n comunitaria.<\/strong> Esta formaci\u00f3n, impartida por la Industrial Areas Foundation, invita a m\u00e1s de 100 l\u00edderes de barrios y ciudades del sur de Estados Unidos, o Canad\u00e1, entre otros pa\u00edses. El objetivo del encuentro fue fortalecer las capacidades de estos l\u00edderes, descubrir sus potenciales y compartir experiencias. Lo primero que nos sorprendi\u00f3 es la diversidad de estos l\u00edderes: curas, rabinos, imanes, campesinos, mujeres afrolatinas con hijos en prisi\u00f3n, personas jubiladas, j\u00f3venes, voluntariado de parroquias o ministros de iglesias protestantes. <strong>Son personas que nos costar\u00eda identificar como l\u00edderes, pero que han sido capaces, por ejemplo, de negociar con pol\u00edticos o personas de poder para cambiar la realidad de sus comunidades.<\/strong><\/p>\n<p>Conocimos el caso de Ren\u00e9, un campesino migrante que ha luchado para la mejora de las condiciones de los temporeros en California, Marta que ha conseguido una biblioteca para su escuela, o Mario un cura de El Salvador que ha luchado para la mejora de los espacios p\u00fablicos de un distrito degradado.<\/p>\n<p>\u00bfPero qu\u00e9 hace que personas tan diversas en origen, cultura, clase social, ideolog\u00eda o religi\u00f3n se junten? La respuesta es muy sencilla. En alg\u00fan momento de la vida, todos y cada uno de nosotros hemos sufrido alguna injusticia, y esta injusticia nos ha enfadado. <strong>La pregunta que debemos hacernos es si ante este enfado estamos dispuestos a hacer algo. Organizarse es sin\u00f3nimo de encontrar la motivaci\u00f3n de las personas para cambiar la realidad, pero siempre desde elementos concretos y que nos afecten de forma directa.<\/strong> Para lograrlo necesitamos compartir con los dem\u00e1s lo que nos afecta y pasar a la acci\u00f3n. Este es el objetivo de generar comunidades con poder.<\/p>\n<figure id=\"attachment_14596\" aria-describedby=\"caption-attachment-14596\" style=\"width: 768px\" class=\"wp-caption aligncenter\"><img loading=\"lazy\" decoding=\"async\" class=\"wp-image-14596 size-full\" src=\"https:\/\/blog.caritas.barcelona\/wp-content\/uploads\/sites\/2\/2025\/02\/20230331_CO_TORRE_BARO_EN_OBERT_@CARITAS_BCN-66-scaled-e1739363295167.jpg\" alt=\"\" width=\"768\" height=\"512\" \/><figcaption id=\"caption-attachment-14596\" class=\"wp-caption-text\">Vecinos y vecinas de Torre Bar\u00f3 escogiendo el nombre de la plaza donde se ubica el centro abierto de C\u00e1ritas<\/figcaption><\/figure>\n<p>Poder es la palabra que m\u00e1s o\u00edmos en ese encuentro. Es una palabra que a veces da miedo, y que normalmente tiene connotaciones negativas. <strong>Pero desde la organizaci\u00f3n comunitaria debemos leerla de forma positiva, ya que el poder es la capacidad de cambiar las cosas.<\/strong> Hay que trabajar para que las personas reconozcan su poder y liderazgo, aprendan a negociar, a hablar en p\u00fablico en situaciones en las que se sienten presionadas, aprendan a utilizar el humor, a sentir curiosidad y saber reconocer los intereses de los dem\u00e1s, a reconocer que nos enfadamos, y tambi\u00e9n trabajar con los dem\u00e1s para construir organizaciones transversales y acogedoras.<\/p>\n<p>Las experiencias vitales que captamos durante el encuentro han sido nuestro principal aprendizaje. Hemos aprendido a ver poder y liderazgo en personas que seguramente, antes de la formaci\u00f3n, nunca hubi\u00e9ramos visto. Hemos conocido parroquias que se organizan ante la injusticia, curas que quieren compartir su liderazgo y, sobre todo, <strong>personas que se organizan para mejorar sus condiciones de vida y las de su comunidad.<\/strong><\/p>\n","protected":false},"excerpt":{"rendered":"<p>Organizarse es sin\u00f3nimo de encontrar la motivaci\u00f3n de las personas para cambiar la realidad. Para conseguirlo, necesitamos compartir con los dem\u00e1s aquello que nos afecta y pasar a la acci\u00f3n. Este es el objetivo de generar comunidades con poder Desde C\u00e1ritas siempre hemos acompa\u00f1ado y acompa\u00f1amos a las personas en el ejercicio de sus derechos. [&hellip;]<\/p>\n","protected":false},"author":4,"featured_media":14592,"comment_status":"closed","ping_status":"closed","sticky":false,"template":"","format":"standard","meta":{"footnotes":""},"categories":[19],"tags":[],"autor":[2310],"class_list":["post-14599","post","type-post","status-publish","format-standard","has-post-thumbnail","hentry","category-opinion","autor-felipe-g-herrera-dominguez-es"],"aioseo_notices":[],"_links":{"self":[{"href":"https:\/\/blog.caritas.barcelona\/es\/wp-json\/wp\/v2\/posts\/14599","targetHints":{"allow":["GET"]}}],"collection":[{"href":"https:\/\/blog.caritas.barcelona\/es\/wp-json\/wp\/v2\/posts"}],"about":[{"href":"https:\/\/blog.caritas.barcelona\/es\/wp-json\/wp\/v2\/types\/post"}],"author":[{"embeddable":true,"href":"https:\/\/blog.caritas.barcelona\/es\/wp-json\/wp\/v2\/users\/4"}],"replies":[{"embeddable":true,"href":"https:\/\/blog.caritas.barcelona\/es\/wp-json\/wp\/v2\/comments?post=14599"}],"version-history":[{"count":1,"href":"https:\/\/blog.caritas.barcelona\/es\/wp-json\/wp\/v2\/posts\/14599\/revisions"}],"predecessor-version":[{"id":14600,"href":"https:\/\/blog.caritas.barcelona\/es\/wp-json\/wp\/v2\/posts\/14599\/revisions\/14600"}],"wp:featuredmedia":[{"embeddable":true,"href":"https:\/\/blog.caritas.barcelona\/es\/wp-json\/wp\/v2\/media\/14592"}],"wp:attachment":[{"href":"https:\/\/blog.caritas.barcelona\/es\/wp-json\/wp\/v2\/media?parent=14599"}],"wp:term":[{"taxonomy":"category","embeddable":true,"href":"https:\/\/blog.caritas.barcelona\/es\/wp-json\/wp\/v2\/categories?post=14599"},{"taxonomy":"post_tag","embeddable":true,"href":"https:\/\/blog.caritas.barcelona\/es\/wp-json\/wp\/v2\/tags?post=14599"},{"taxonomy":"autor","embeddable":true,"href":"https:\/\/blog.caritas.barcelona\/es\/wp-json\/wp\/v2\/autor?post=14599"}],"curies":[{"name":"wp","href":"https:\/\/api.w.org\/{rel}","templated":true}]}}