{"id":14500,"date":"2025-01-10T14:22:46","date_gmt":"2025-01-10T13:22:46","guid":{"rendered":"https:\/\/blog.caritas.barcelona\/?p=14500"},"modified":"2025-07-21T11:00:58","modified_gmt":"2025-07-21T09:00:58","slug":"facturas-en-orden","status":"publish","type":"post","link":"https:\/\/blog.caritas.barcelona\/es\/voluntariado\/facturas-en-orden\/","title":{"rendered":"Facturas en orden"},"content":{"rendered":"<p>Cada mi\u00e9rcoles, Cristina y otras dos voluntarias asesoran a personas vulnerables para que se ahorren dinero en los recibos del agua, la luz y el gas<\/p>\n<p style=\"text-align: center\"><img loading=\"lazy\" decoding=\"async\" class=\"size-full wp-image-14495 aligncenter\" src=\"https:\/\/blog.caritas.barcelona\/wp-content\/uploads\/sites\/2\/2025\/01\/20241127_factures_en_ordre_zona_5-11-scaled-e1736515195751.jpg\" alt=\"\" width=\"768\" height=\"512\" \/><\/p>\n<p>Cristina Forcada es voluntaria de C\u00e1ritas desde que se jubil\u00f3. Junto con otras dos voluntarias, llevan el proyecto \u201cFacturas en orden\u201d, donde asesoran a personas que C\u00e1ritas acompa\u00f1a desde el despacho de Badalona. <strong>El objetivo es que las personas conozcan qu\u00e9 gastos de suministros tienen y qu\u00e9 gestiones pueden realizar para reducir los costes y ahorrar.<\/strong> \u201cTodo el mundo vive una gran indefensi\u00f3n ante las empresas suministradoras, y por eso es importante conocer si lo que tenemos contratado es lo que realmente necesitamos. <strong>Recuerdo un caso en el que eran siete personas en casa, y cada trimestre pagaban 200 \u20ac en agua. Gracias a nuestro apoyo, ahora est\u00e1n pagando 1,95 \u20ac\u201d<\/strong>, explica Cristina.<\/p>\n<p>Para ella, <strong>en un contexto en el que los alquileres est\u00e1n por las nubes y el coste de la vida ha subido, es importante reducir cualquier gasto innecesario<\/strong>. Recuerda otro caso que acompa\u00f1\u00e9, donde la persona no ten\u00eda dinero suficiente para pagar el psic\u00f3logo de su hija. &#8220;Le dije convencida de que despu\u00e9s del asesoramiento y las gestiones que har\u00edamos podr\u00eda pagar el psic\u00f3logo, y as\u00ed fue&#8221;.<\/p>\n<p><img loading=\"lazy\" decoding=\"async\" class=\"size-full wp-image-14497 aligncenter\" src=\"https:\/\/blog.caritas.barcelona\/wp-content\/uploads\/sites\/2\/2025\/01\/20241127_factures_en_ordre_zona_5-6-scaled-e1736515226559.jpg\" alt=\"\" width=\"768\" height=\"512\" \/><\/p>\n<p>Sobre los motivos que la llevan a realizar un voluntariado, expone que <strong>tiene tendencia a intentar resolver la vida de todos, y que es una forma de devolver las cosas positivas que le ha aportado la vida<\/strong>. \u201cAcompa\u00f1ar a personas en situaci\u00f3n de vulnerabilidad te permite tener otra perspectiva, valorar m\u00e1s lo que has tenido\u201d. En relaci\u00f3n con la labor de C\u00e1ritas, comparte los valores de la entidad y destaca por encima de todo la calidad humana de las personas que la conforman. <strong>\u201cHabr\u00eda que replicar este proyecto a otros puntos de la di\u00f3cesis. Es importante que las personas que nos leen sepan que existe este voluntariado y que, si se animan, se apunten\u201d<\/strong>, concluye.<\/p>\n<h3 style=\"text-align: center\"><a href=\"https:\/\/caritas.barcelona\/es\/haz-voluntariado\/\">HAZ VOLUNTARIADO<\/a><\/h3>\n","protected":false},"excerpt":{"rendered":"<p>Cada mi\u00e9rcoles, Cristina y otras dos voluntarias asesoran a personas vulnerables para que se ahorren dinero en los recibos del agua, la luz y el gas Cristina Forcada es voluntaria de C\u00e1ritas desde que se jubil\u00f3. Junto con otras dos voluntarias, llevan el proyecto \u201cFacturas en orden\u201d, donde asesoran a personas que C\u00e1ritas acompa\u00f1a desde [&hellip;]<\/p>\n","protected":false},"author":4,"featured_media":14496,"comment_status":"closed","ping_status":"closed","sticky":false,"template":"","format":"standard","meta":{"footnotes":""},"categories":[24,23],"tags":[],"autor":[1212],"class_list":["post-14500","post","type-post","status-publish","format-standard","has-post-thumbnail","hentry","category-sin-hogar-y-vivienda","category-voluntariado","autor-jordi-julia-es"],"aioseo_notices":[],"_links":{"self":[{"href":"https:\/\/blog.caritas.barcelona\/es\/wp-json\/wp\/v2\/posts\/14500","targetHints":{"allow":["GET"]}}],"collection":[{"href":"https:\/\/blog.caritas.barcelona\/es\/wp-json\/wp\/v2\/posts"}],"about":[{"href":"https:\/\/blog.caritas.barcelona\/es\/wp-json\/wp\/v2\/types\/post"}],"author":[{"embeddable":true,"href":"https:\/\/blog.caritas.barcelona\/es\/wp-json\/wp\/v2\/users\/4"}],"replies":[{"embeddable":true,"href":"https:\/\/blog.caritas.barcelona\/es\/wp-json\/wp\/v2\/comments?post=14500"}],"version-history":[{"count":2,"href":"https:\/\/blog.caritas.barcelona\/es\/wp-json\/wp\/v2\/posts\/14500\/revisions"}],"predecessor-version":[{"id":15041,"href":"https:\/\/blog.caritas.barcelona\/es\/wp-json\/wp\/v2\/posts\/14500\/revisions\/15041"}],"wp:featuredmedia":[{"embeddable":true,"href":"https:\/\/blog.caritas.barcelona\/es\/wp-json\/wp\/v2\/media\/14496"}],"wp:attachment":[{"href":"https:\/\/blog.caritas.barcelona\/es\/wp-json\/wp\/v2\/media?parent=14500"}],"wp:term":[{"taxonomy":"category","embeddable":true,"href":"https:\/\/blog.caritas.barcelona\/es\/wp-json\/wp\/v2\/categories?post=14500"},{"taxonomy":"post_tag","embeddable":true,"href":"https:\/\/blog.caritas.barcelona\/es\/wp-json\/wp\/v2\/tags?post=14500"},{"taxonomy":"autor","embeddable":true,"href":"https:\/\/blog.caritas.barcelona\/es\/wp-json\/wp\/v2\/autor?post=14500"}],"curies":[{"name":"wp","href":"https:\/\/api.w.org\/{rel}","templated":true}]}}