{"id":14462,"date":"2024-12-18T14:32:32","date_gmt":"2024-12-18T13:32:32","guid":{"rendered":"https:\/\/blog.caritas.barcelona\/?p=14462"},"modified":"2024-12-18T14:35:04","modified_gmt":"2024-12-18T13:35:04","slug":"1-de-cada-4-personas-de-la-diocesis-de-barcelona-viven-en-exclusion-residencial","status":"publish","type":"post","link":"https:\/\/blog.caritas.barcelona\/es\/institucional-es\/1-de-cada-4-personas-de-la-diocesis-de-barcelona-viven-en-exclusion-residencial\/","title":{"rendered":"1 de cada 4 personas de la di\u00f3cesis de Barcelona viven en exclusi\u00f3n residencial"},"content":{"rendered":"<p>Representa al 26,6% de la poblaci\u00f3n (726.000 personas) de Barcelona y los municipios de su alrededor<\/p>\n<p><img loading=\"lazy\" decoding=\"async\" class=\"size-full wp-image-14455 aligncenter\" src=\"https:\/\/blog.caritas.barcelona\/wp-content\/uploads\/sites\/2\/2024\/12\/20241218_RDP_NADAL_LLARDIGNA-62-e1734528423597.jpg\" alt=\"\" width=\"768\" height=\"512\" \/><\/p>\n<p><strong>1 de cada 4 personas de la di\u00f3cesis de Barcelona viven en exclusi\u00f3n residencial.<\/strong> As\u00ed lo indican los datos que C\u00e1ritas Diocesana de Barcelona ha presentado en la Rueda de Prensa de Navidad, que se ha celebrado esta ma\u00f1ana en la sede de la entidad. En presencia del obispo auxiliar de Barcelona, \u200b\u200bMons. Javier Vilanova, <strong>C\u00e1ritas ha realizado un anticipo de los principales datos de vivienda del informe FOESSA de la di\u00f3cesis de Barcelona<\/strong>, \u200b\u200bque se presentar\u00e1 de forma completa durante el a\u00f1o 2025.<\/p>\n<p>Miriam Feu, responsable de an\u00e1lisis social e incidencia de C\u00e1ritas Diocesana de Barcelona, \u200b\u200bha explicado que <strong>el 26,6% de la poblaci\u00f3n (726.000 personas) de la di\u00f3cesis de Barcelona (que comprende la ciudad de Barcelona, <\/strong><strong>\u200b\u200b<\/strong><strong>los municipios de su alrededor y parte del Maresme), sufre exclusi\u00f3n residencial, y que la situaci\u00f3n de la vivienda se agrava en las familias con ni\u00f1os y adolescentes, afectando a 4 de cada 10<\/strong>. \u201cSon muchos los menores que viven en primera persona las consecuencias de no tener una vivienda digna. No tener habitaci\u00f3n propia, o no saber hasta cu\u00e1ndo podr\u00e1 estar en el piso donde vives tiene un fuerte impacto en el presente y el futuro m\u00e1s inmediato de estos menores\u201d, ha explicado Feu. Por otra parte, la responsable de C\u00e1ritas ha detallado que <strong>un 15% de la poblaci\u00f3n (415.000 personas) se quedan en situaci\u00f3n de pobreza severa una vez pagados los gastos relacionados con la vivienda, y que en el caso de las familias con hijos esta cifra vuelve a ser mayor, afectando al 25%<\/strong>.<\/p>\n<p>En cuanto a la situaci\u00f3n de estas familias, <strong>un 25% (120.000 familias) se ven obligadas a vivir en una vivienda inadecuada<\/strong>, donde se dan situaciones de insalubridad, hacinamiento o viven en entornos degradados. Son familias que hacen vida en locales, s\u00f3tanos, inmuebles sin acceso a suministros o espacios sin luz natural, entre otros. Asimismo, <strong>casi un 10% (47.000 familias) viven en una vivienda insegura<\/strong>. \u201cSon familias que se ven obligadas a vivir en habitaciones o acogidas en casa de un familiar o amigo, sin un t\u00edtulo acreditante. <strong>Viven con la incertidumbre de no saber si las echar\u00e1n de un d\u00eda para otro, sufren dificultades a la hora de empadronarse o se ven obligadas a cambiar de habitaci\u00f3n varias veces en un mismo a\u00f1o<\/strong>. La angustia que esto les provoca incide directamente en su bienestar emocional\u201d, ha advertido.<\/p>\n<p>En este contexto, durante 2023 C\u00e1ritas Diocesana de Barcelona destin\u00f3 m\u00e1s de 1,3 millones de euros en ayudas a la vivienda, que beneficiaron a 1.300 hogares. Por otra parte, la entidad ha dado respuesta residencial a cerca de 2000 personas, gracias a pisos unifamiliares del proyecto Oikos (gestionado conjuntamente con la Fundaci\u00f3 Habitatge Social), pisos compartidos y centros residenciales.<\/p>\n<p><img loading=\"lazy\" decoding=\"async\" class=\"size-full wp-image-14457 aligncenter\" src=\"https:\/\/blog.caritas.barcelona\/wp-content\/uploads\/sites\/2\/2024\/12\/20241218_RDP_NADAL_LLARDIGNA-2-e1734528469716.jpg\" alt=\"\" width=\"768\" height=\"512\" \/><\/p>\n<p>El director de C\u00e1ritas Diocesana de Barcelona, \u200b\u200bEduard Sala, ha sido el encargado de apuntar algunas de las propuestas que la entidad ha querido enviar a las administraciones. En primer lugar, <strong>ha pedido que se desplieguen viviendas sociales de emergencia de forma universal<\/strong>, con el objetivo de que cualquier persona en situaci\u00f3n de necesidad disponga de una soluci\u00f3n residencial temporal para evitar estar en situaci\u00f3n de calle. <strong>\u201cNo puede ser que las personas sean desahuciadas de su casa y la administraci\u00f3n no ofrezca una alternativa residencial digna. Nadie aceptar\u00eda que un ni\u00f1o no estuviera escolarizado, o que una persona accidentada no fuera atendida por los servicios de emergencia m\u00e9dicos. En cambio, \u00bfc\u00f3mo aceptamos que haya personas que acaban con las maletas en la calle? Es necesario que se ofrezca un espacio donde vivir a estas personas hasta que se tenga una soluci\u00f3n a su situaci\u00f3n\u201d<\/strong>, ha indicado.<\/p>\n<p>En segundo lugar, ha pedido <strong>activar por parte de la Generalitat, l\u2019Ag\u00e8ncia de l\u2019Habitatge de Catalunya y los ayuntamientos todas las estrategias posibles para garantizar un parque de vivienda social de alquiler s\u00f3lido y estable<\/strong>, con el objetivo de pasar del actual 1,7% de vivienda de alquiler social en Catalunya a, al menos, el 8% de la media europea.<\/p>\n<p>Por \u00faltimo, se ha propuesto que las administraciones promuevan subvenciones e incentivos fiscales para los propietarios, con el objetivo de que movilicen el parque de vivienda y promuevan los alquileres asequibles para que las personas m\u00e1s vulnerables puedan acceder a un piso de alquiler.<\/p>\n<p><img loading=\"lazy\" decoding=\"async\" class=\"size-full wp-image-14459 aligncenter\" src=\"https:\/\/blog.caritas.barcelona\/wp-content\/uploads\/sites\/2\/2024\/12\/20241218_RDP_NADAL_LLARDIGNA-35-e1734528535249.jpg\" alt=\"\" width=\"768\" height=\"512\" \/><\/p>\n<p><strong>Sala ha querido dejar claro que estas propuestas no deben ser una carta a los Reyes Magos<\/strong>, haciendo referencia a la campa\u00f1a de Navidad de C\u00e1ritas <a href=\"https:\/\/campanyes.caritas.barcelona\/es\/navidad-vivienda-digna\/\" target=\"_blank\" rel=\"noopener\">&#8220;Haz que un hogar digno no sea una carta a los Reyes&#8221;<\/a>. <strong>\u201cDe los papeles no pueden construirse hogares. El cumplimiento de estas propuestas son el deseo de C\u00e1ritas, pero tambi\u00e9n el de las personas en situaci\u00f3n de exclusi\u00f3n social y residencial en la di\u00f3cesis de Barcelona. Pero es necesario que no se queden en deseos, sino que sean un firme compromiso por parte de las administraciones, y que se implementen lo antes posible\u201d<\/strong>, ha pedido Sala. El director de C\u00e1ritas ha remarcado que la vivienda es como un agujero negro que chupa la econom\u00eda de las familias y su salud, y que vivir en una vivienda no digna es sin\u00f3nimo de acabar con un futuro hipotecado. \u201cHay que pasar de la cultura de la especulaci\u00f3n a la cultura de garantizar un precio justo de la vivienda\u201d, ha pedido.<\/p>\n<p>Por \u00faltimo, el obispo auxiliar de Barcelona, \u200b\u200bMons. Javier Vilanova, ha querido felicitar las fiestas de Navidad, recordando que Jes\u00fas tambi\u00e9n naci\u00f3 sin un hogar digno. <strong>\u201cA pesar de la dif\u00edcil situaci\u00f3n, hay esperanza. Queremos que todos los ni\u00f1os de las familias que C\u00e1ritas acoge y acompa\u00f1a puedan pedir el juguete que m\u00e1s les gusta, y que la vivienda sea la \u00faltima de sus preocupaciones\u201d<\/strong>, ha pedido. \u201cNo solo debemos hacer regalos a nuestros seres queridos, sino que es necesario hacer <strong>llegar nuestra solidaridad a los hogares que viven un momento dif\u00edcil. <\/strong>Entre todos y todas lo haremos posible\u201d.<\/p>\n","protected":false},"excerpt":{"rendered":"<p>Representa al 26,6% de la poblaci\u00f3n (726.000 personas) de Barcelona y los municipios de su alrededor 1 de cada 4 personas de la di\u00f3cesis de Barcelona viven en exclusi\u00f3n residencial. As\u00ed lo indican los datos que C\u00e1ritas Diocesana de Barcelona ha presentado en la Rueda de Prensa de Navidad, que se ha celebrado esta ma\u00f1ana [&hellip;]<\/p>\n","protected":false},"author":4,"featured_media":14456,"comment_status":"closed","ping_status":"closed","sticky":false,"template":"","format":"standard","meta":{"footnotes":""},"categories":[24,21],"tags":[],"autor":[36],"class_list":["post-14462","post","type-post","status-publish","format-standard","has-post-thumbnail","hentry","category-sin-hogar-y-vivienda","category-institucional-es","autor-caritas-diocesana-de-barcelona-es"],"aioseo_notices":[],"_links":{"self":[{"href":"https:\/\/blog.caritas.barcelona\/es\/wp-json\/wp\/v2\/posts\/14462","targetHints":{"allow":["GET"]}}],"collection":[{"href":"https:\/\/blog.caritas.barcelona\/es\/wp-json\/wp\/v2\/posts"}],"about":[{"href":"https:\/\/blog.caritas.barcelona\/es\/wp-json\/wp\/v2\/types\/post"}],"author":[{"embeddable":true,"href":"https:\/\/blog.caritas.barcelona\/es\/wp-json\/wp\/v2\/users\/4"}],"replies":[{"embeddable":true,"href":"https:\/\/blog.caritas.barcelona\/es\/wp-json\/wp\/v2\/comments?post=14462"}],"version-history":[{"count":2,"href":"https:\/\/blog.caritas.barcelona\/es\/wp-json\/wp\/v2\/posts\/14462\/revisions"}],"predecessor-version":[{"id":14465,"href":"https:\/\/blog.caritas.barcelona\/es\/wp-json\/wp\/v2\/posts\/14462\/revisions\/14465"}],"wp:featuredmedia":[{"embeddable":true,"href":"https:\/\/blog.caritas.barcelona\/es\/wp-json\/wp\/v2\/media\/14456"}],"wp:attachment":[{"href":"https:\/\/blog.caritas.barcelona\/es\/wp-json\/wp\/v2\/media?parent=14462"}],"wp:term":[{"taxonomy":"category","embeddable":true,"href":"https:\/\/blog.caritas.barcelona\/es\/wp-json\/wp\/v2\/categories?post=14462"},{"taxonomy":"post_tag","embeddable":true,"href":"https:\/\/blog.caritas.barcelona\/es\/wp-json\/wp\/v2\/tags?post=14462"},{"taxonomy":"autor","embeddable":true,"href":"https:\/\/blog.caritas.barcelona\/es\/wp-json\/wp\/v2\/autor?post=14462"}],"curies":[{"name":"wp","href":"https:\/\/api.w.org\/{rel}","templated":true}]}}