{"id":14334,"date":"2024-11-12T14:11:01","date_gmt":"2024-11-12T13:11:01","guid":{"rendered":"https:\/\/blog.caritas.barcelona\/?p=14334"},"modified":"2024-11-12T14:12:17","modified_gmt":"2024-11-12T13:12:17","slug":"dos-dias-de-reflexion-y-debate-para-acabar-con-la-aporofobia","status":"publish","type":"post","link":"https:\/\/blog.caritas.barcelona\/es\/institucional-es\/dos-dias-de-reflexion-y-debate-para-acabar-con-la-aporofobia\/","title":{"rendered":"Dos d\u00edas de reflexi\u00f3n y debate para acabar con la aporofobia"},"content":{"rendered":"<p>Por segundo a\u00f1o consecutivo, la ciudad de Barcelona ha acogido la Conferencia Internacional sobre Aporofobia que se ha celebrado los d\u00edas 24 y 25 de octubre en la sede de IQS-URL<\/p>\n<p style=\"text-align: center\"><img loading=\"lazy\" decoding=\"async\" class=\"size-full wp-image-14327 aligncenter\" src=\"https:\/\/blog.caritas.barcelona\/wp-content\/uploads\/sites\/2\/2024\/11\/20221124_actedecarrer_sensellar-8-scaled-e1731415444108.jpg\" alt=\"\" width=\"768\" height=\"512\" \/><\/p>\n<p>Con m\u00e1s de 200 participantes de todo el mundo, la cita es un referente \u00fanico en la lucha contra la aporofobia, concepto que define el rechazo, la aversi\u00f3n, el miedo y el desprecio hacia las personas en situaci\u00f3n de pobreza.<\/p>\n<p>La ponencia inaugural, pronunciada por el Dr. Aaron Reeves, de la London School of Economics y la Universidad de Oxford, \u201cCommon People: how elites and the working class navigate the symbolic market for being ordinary\u201d (Gente normal: como las \u00e9lites y la clase obrera navegan por el mercado simb\u00f3lico para ser normales).<\/p>\n<p>En su exposici\u00f3n, Reeves afirm\u00f3 que <strong>\u201cNos encontramos en un momento global en que se ha vuelto m\u00e1s importante que nunca pensar en la forma como se excluye a las poblaciones marginadas. Seg\u00fan este experto, \u201cno basta con mirar a la base de la sociedad, tenemos que mirar hacia arriba\u201d en alusi\u00f3n a como la percepci\u00f3n que tienen las \u00e9lites de ellas mismas influye en las pol\u00edticas econ\u00f3micas y sociales, especialmente hacia las poblaciones marginadas. En este sentido remarc\u00f3: \u201cEs crucial entender como las pol\u00edticas dirigidas a los m\u00e1s desfavorecidos las dise\u00f1an y obtienen la justificaci\u00f3n de las \u00e9lites.\u201d<\/strong><\/p>\n<p>Reeves tambi\u00e9n desglos\u00f3 algunas de las conclusiones de la investigaci\u00f3n realizada junto con Sam Friedman como base del libro recientemente publicado \u2018Born to Rule\u2019. Habl\u00f3 de la noci\u00f3n del \u201cmercado simb\u00f3lico\u201d en que las \u00e9lites intentan presentarse como \u201cnormales\u201d para legitimar su posici\u00f3n y justificar sus privilegios.<\/p>\n<p style=\"text-align: center\"><img loading=\"lazy\" decoding=\"async\" class=\"size-full wp-image-14329 aligncenter\" src=\"https:\/\/blog.caritas.barcelona\/wp-content\/uploads\/sites\/2\/2024\/11\/20220227_infrahabitatge_hospitalet-5-scaled-e1731415500571.jpg\" alt=\"\" width=\"768\" height=\"512\" \/><\/p>\n<p>Esta necesidad de normalidad se acent\u00faa en contextos donde la desigualdad se hace m\u00e1s evidente, puesto que las personas que tienen el poder son conscientes que su posici\u00f3n es vista con desconfianza por el resto de la sociedad. Que quieran mostrar una imagen de pretendida humildad distorsiona todav\u00eda m\u00e1s la realidad, porque esconde el hecho que estas \u00e9lites provienen mayoritariamente de entornos privilegiados. \u201cLas actitudes hacia los pobres son un reflejo de la desconexi\u00f3n entre las \u00e9lites y la realidad de los menos favorecidos\u201d, subray\u00f3 Reeves. Cuando estas \u00e9lites se \u201ccreen\u201d que forman parte del \u201cpueblo\u201d, se corre el peligro que acaben por ignorar las injusticias y desigualdades que provocan sus pol\u00edticas. Otro de los platos fuertes de la Segunda Conferencia fue la mesa \u201cEnfoque jur\u00eddico y policial de los delitos de odio cometidos por aporofobia\u201d, un tema que destac\u00f3 en la primera jornada y al cual merec\u00eda dar continuidad.<\/p>\n<p>Seg\u00fan se desprende del informe sobre la evoluci\u00f3n de los delitos de odio en Espa\u00f1a del 2023, <strong>las Fuerzas y Cuerpos de Seguridad del Estado investigaron 2.268 infracciones penales e incidentes de odio, cifra que supone un incremento del 21,3% respecto al a\u00f1o 2022. Ahora bien, cuesta discernir cu\u00e1ntos est\u00e1n directa o indirectamente relacionados con la aporofobia y qu\u00e9 papel juegan las fuerzas del orden y la justicia.<\/strong><\/p>\n<p>La organizaci\u00f3n pudo reunir en una misma mesa a: M. Jes\u00fas Raimundo Rodr\u00edguez, fiscal de la Unidad de Delitos de Odio y Discriminaci\u00f3n; Tom\u00e1s Fern\u00e1ndez Villazala, director de la Oficina Nacional de la lucha contra los delitos de odio (ONDOD), y Manuel Serrano Gonz\u00e1lez, inspector jefe de la Polic\u00eda Nacional. Moderados por Beatriz Fern\u00e1ndez, de Arrels Fundaci\u00f3. Los ponentes pusieron en evidencia la relaci\u00f3n existente entre la aporofobia y los delitos de odio y pudieron analizar las herramientas legales y policiales que existen para combatir esta forma de discriminaci\u00f3n.<\/p>\n<p><img loading=\"lazy\" decoding=\"async\" class=\"size-full wp-image-14331 aligncenter\" src=\"https:\/\/blog.caritas.barcelona\/wp-content\/uploads\/sites\/2\/2024\/11\/20231122_acte_carrer_sensellarisme-21-scaled-e1731415536235.jpg\" alt=\"\" width=\"768\" height=\"512\" \/><\/p>\n<p>Los tres expertos destacaron que existe <strong>\u201cinfradenuncia e infradetecci\u00f3n\u201d de este tipo de delitos causados por la aporofobia. \u201cHay que dar visibilidad a la problem\u00e1tica para hacer posible la denuncia por parte de las v\u00edctimas\u201d, defendi\u00f3 el director del ONDOD<\/strong>. Tambi\u00e9n se mostr\u00f3 preocupado por el hecho que un gran n\u00famero de los delitos de odio que emanan de la aporofobia los perpetran j\u00f3venes y menores de edad. \u201cRespeto, empat\u00eda y confianza es lo que necesitamos para acercarnos a estas personas que sufren las consecuencias de la aporofobia\u201d, destac\u00f3 Serrano, quien insisti\u00f3 en la necesidad de luchar y proteger la dignidad.<\/p>\n<p>En este sentido, m\u00e1s all\u00e1 de todas las medidas y herramientas disponibles en el \u00e1mbito jur\u00eddico y policial, \u201chay que destacar la importante tarea de la educaci\u00f3n como clave para luchar contra la aporofobia\u201d, subray\u00f3 Raimundo.<\/p>\n<p>El congreso continu\u00f3 con las mesas de presentaci\u00f3n de trabajos acad\u00e9micos en un amplio espectro de visiones y temas: Filosof\u00eda, Sociolog\u00eda, Econom\u00eda, tecnolog\u00edas y aplicaciones multimedia, salud y bienestar, migraci\u00f3n, sinhogarismo, etc.<\/p>\n<p>El \u00faltimo d\u00eda de la jornada se ley\u00f3 el Manifiesto final, un llamamiento a un cambio de enfoque para abordar la aporofobia a nivel mundial, antes de que Flavio Comim, director general de IQS diera por cerrada la Segunda Conferencia con la satisfacci\u00f3n del trabajo muy hecho.<\/p>\n<p style=\"text-align: center\"><strong><a href=\"https:\/\/www.youtube.com\/playlist?list=PLbK2EH_ivQGBDZxxoQPuWHzqpv0RNGbt3\" target=\"_blank\" rel=\"noopener\">Videos resum dels treballs presentats<\/a><\/strong><\/p>\n","protected":false},"excerpt":{"rendered":"<p>Por segundo a\u00f1o consecutivo, la ciudad de Barcelona ha acogido la Conferencia Internacional sobre Aporofobia que se ha celebrado los d\u00edas 24 y 25 de octubre en la sede de IQS-URL Con m\u00e1s de 200 participantes de todo el mundo, la cita es un referente \u00fanico en la lucha contra la aporofobia, concepto que define [&hellip;]<\/p>\n","protected":false},"author":4,"featured_media":14328,"comment_status":"closed","ping_status":"closed","sticky":false,"template":"","format":"standard","meta":{"footnotes":""},"categories":[21],"tags":[],"autor":[1560],"class_list":["post-14334","post","type-post","status-publish","format-standard","has-post-thumbnail","hentry","category-institucional-es","autor-marta-pluja-es"],"aioseo_notices":[],"_links":{"self":[{"href":"https:\/\/blog.caritas.barcelona\/es\/wp-json\/wp\/v2\/posts\/14334","targetHints":{"allow":["GET"]}}],"collection":[{"href":"https:\/\/blog.caritas.barcelona\/es\/wp-json\/wp\/v2\/posts"}],"about":[{"href":"https:\/\/blog.caritas.barcelona\/es\/wp-json\/wp\/v2\/types\/post"}],"author":[{"embeddable":true,"href":"https:\/\/blog.caritas.barcelona\/es\/wp-json\/wp\/v2\/users\/4"}],"replies":[{"embeddable":true,"href":"https:\/\/blog.caritas.barcelona\/es\/wp-json\/wp\/v2\/comments?post=14334"}],"version-history":[{"count":3,"href":"https:\/\/blog.caritas.barcelona\/es\/wp-json\/wp\/v2\/posts\/14334\/revisions"}],"predecessor-version":[{"id":14337,"href":"https:\/\/blog.caritas.barcelona\/es\/wp-json\/wp\/v2\/posts\/14334\/revisions\/14337"}],"wp:featuredmedia":[{"embeddable":true,"href":"https:\/\/blog.caritas.barcelona\/es\/wp-json\/wp\/v2\/media\/14328"}],"wp:attachment":[{"href":"https:\/\/blog.caritas.barcelona\/es\/wp-json\/wp\/v2\/media?parent=14334"}],"wp:term":[{"taxonomy":"category","embeddable":true,"href":"https:\/\/blog.caritas.barcelona\/es\/wp-json\/wp\/v2\/categories?post=14334"},{"taxonomy":"post_tag","embeddable":true,"href":"https:\/\/blog.caritas.barcelona\/es\/wp-json\/wp\/v2\/tags?post=14334"},{"taxonomy":"autor","embeddable":true,"href":"https:\/\/blog.caritas.barcelona\/es\/wp-json\/wp\/v2\/autor?post=14334"}],"curies":[{"name":"wp","href":"https:\/\/api.w.org\/{rel}","templated":true}]}}