{"id":14320,"date":"2024-11-08T10:05:18","date_gmt":"2024-11-08T09:05:18","guid":{"rendered":"https:\/\/blog.caritas.barcelona\/?p=14320"},"modified":"2024-11-12T16:33:25","modified_gmt":"2024-11-12T15:33:25","slug":"caritas-diocesana-de-barcelona-recauda-mas-de-120-000-e-para-apoyar-a-las-personas-afectadas-por-el-temporal-dana","status":"publish","type":"post","link":"https:\/\/blog.caritas.barcelona\/es\/institucional-es\/caritas-diocesana-de-barcelona-recauda-mas-de-120-000-e-para-apoyar-a-las-personas-afectadas-por-el-temporal-dana\/","title":{"rendered":"C\u00e1ritas Diocesana de Barcelona recauda en tres d\u00edas m\u00e1s de 120.000 \u20ac para apoyar a las personas afectadas por el temporal DANA"},"content":{"rendered":"<p>La entidad agradece la solidaridad de la ciudadan\u00eda, y advierte que las consecuencias sociales y econ\u00f3micas de la cat\u00e1strofe necesitar\u00e1n una respuesta a largo plazo<\/p>\n<p><img loading=\"lazy\" decoding=\"async\" class=\"size-full wp-image-14311 aligncenter\" src=\"https:\/\/blog.caritas.barcelona\/wp-content\/uploads\/sites\/2\/2024\/11\/\u00a9Caritas_Valencia-AyudaAldaya-e1731056328574.jpg\" alt=\"\" width=\"768\" height=\"432\" \/><\/p>\n<p>En s\u00f3lo tres d\u00edas, <strong>C\u00e1ritas Diocesana de Barcelona ha recaudado m\u00e1s de 120.000 \u20ac, que ser\u00e1n destinados \u00edntegramente a las C\u00e1ritas diocesanas y parroquiales que est\u00e1n dando respuesta a las personas afectadas por el temporal DANA.<\/strong><\/p>\n<p>Cristina Garcia, secretaria general de C\u00e1ritas Diocesana de Barcelona, <strong>\u200b\u200b<\/strong><strong>ha querido agradecer todas las muestras de solidaridad recibidas durante estos d<\/strong><strong>\u00ed<\/strong><strong>as, y ha animado a la ciudadan<\/strong><strong>\u00ed<\/strong><strong>a a seguir colaborando para dar una respuesta r<\/strong><strong>\u00e1<\/strong><strong>pida a las necesidades de quien lo ha perdido por el temporal<\/strong>. C\u00e1ritas ha recordado que su campa\u00f1a sigue activa, y que se puede colaborar en la web <a href=\"http:\/\/www.caritas.barcelona\">www.caritas.barcelona<\/a>.<\/p>\n<p>\u201c1125 personas voluntarias de C\u00e1ritas est\u00e1n trabajando sobre el terreno, apoyando a la ciudadan\u00eda de las 73 poblaciones m\u00e1s impactadas. <strong>Estas personas voluntarias no s\u00f3lo est\u00e1n ahora, sino que estar\u00e1n all\u00ed despu\u00e9s de superar la emergencia m\u00e1s inmediata, acogiendo y acompa\u00f1ando a quien ha perdido el trabajo o quien necesitar\u00e1 apoyo para encontrar un hogar donde vivir. \u00c9ste es un trabajo a corto y largo plazo\u201d<\/strong>, ha indicado Garcia.<\/p>\n<p><strong>La labor de C\u00e1ritas sobre el terreno<\/strong><\/p>\n<p><img loading=\"lazy\" decoding=\"async\" class=\"size-full wp-image-14313 aligncenter\" src=\"https:\/\/blog.caritas.barcelona\/wp-content\/uploads\/sites\/2\/2024\/11\/465063506_962432279261652_5698486615367317839_n-e1731056360960.jpg\" alt=\"\" width=\"768\" height=\"576\" \/><\/p>\n<p>C\u00e1ritas Valencia <strong>est\u00e1 ofreciendo alimentos y utensilios como mascarillas, guantes y productos de limpieza. Tambi\u00e9n est\u00e1 adecuando espacios de C\u00e1ritas para acoger a las personas m\u00e1s vulnerables que las diferentes C\u00e1ritas parroquiales ya acompa\u00f1aban antes de la cat\u00e1strofe.<\/strong><\/p>\n<p>Asimismo, algunos municipios han solicitado que C\u00e1ritas <strong>sea la entidad de referencia en el apoyo y el acompa\u00f1amiento a personas mayores con movilidad reducida, con el objetivo de atender a las necesidades que puedan presentar.<\/strong><\/p>\n<p>En el caso de C\u00e1ritas Albacete, un equipo de personas voluntarias prepara desayunos, almuerzos y cenas para las personas que trabajan sobre el terreno, as\u00ed como para las afectadas. En coordinaci\u00f3n con los servicios sociales<strong> se encargan de atender a las necesidades que puedan surgir, acompa\u00f1ando y ofreciendo apoyo emocional a los vecinos y vecinas.<\/strong><\/p>\n<p>Otra de las prioridades de las C\u00e1ritas parroquiales es localizar a las personas que ya se encontraban en situaci\u00f3n de vulnerabilidad antes del desastre, para conocer su situaci\u00f3n y ayudarlas en lo que sea necesario.<\/p>\n<p><strong>&#8220;Las C\u00e1ritas afectadas nos piden que prioricemos las aportaciones econ\u00f3micas&#8221;<\/strong><\/p>\n<p><img loading=\"lazy\" decoding=\"async\" class=\"size-full wp-image-14317 aligncenter\" src=\"https:\/\/blog.caritas.barcelona\/wp-content\/uploads\/sites\/2\/2024\/11\/GbYveBbXoAAxkHk-e1731056607526.jpg\" alt=\"\" width=\"768\" height=\"576\" \/><\/p>\n<p>La secretaria general de C\u00e1ritas Barcelona ha indicado que est\u00e1n en contacto permanente con C\u00e1ritas Diocesana de Valencia y Albacete, y que <strong>les piden priorizar los donativos econ\u00f3micos. &#8220;Los ayuntamientos y las C\u00e1ritas afectadas nos dicen que ya est\u00e1n abastecidos de alimentos y ropa, y que el excedente de material puede provocar dificultades log\u00edsticas&#8221;.<\/strong><\/p>\n<p><strong>Desde C\u00e1ritas Diocesana de Barcelona queremos tener un recuerdo por las v\u00edctimas y las familias afectadas. Agradecemos la labor de las personas voluntarias de C\u00e1ritas y de la comunidad cristiana, que desde el primer momento se han volcado para dar respuesta a las necesidades m\u00e1s inmediatas.<\/strong><\/p>\n","protected":false},"excerpt":{"rendered":"<p>La entidad agradece la solidaridad de la ciudadan\u00eda, y advierte que las consecuencias sociales y econ\u00f3micas de la cat\u00e1strofe necesitar\u00e1n una respuesta a largo plazo En s\u00f3lo tres d\u00edas, C\u00e1ritas Diocesana de Barcelona ha recaudado m\u00e1s de 120.000 \u20ac, que ser\u00e1n destinados \u00edntegramente a las C\u00e1ritas diocesanas y parroquiales que est\u00e1n dando respuesta a las [&hellip;]<\/p>\n","protected":false},"author":4,"featured_media":14312,"comment_status":"closed","ping_status":"closed","sticky":false,"template":"","format":"standard","meta":{"footnotes":""},"categories":[21],"tags":[],"autor":[36],"class_list":["post-14320","post","type-post","status-publish","format-standard","has-post-thumbnail","hentry","category-institucional-es","autor-caritas-diocesana-de-barcelona-es"],"aioseo_notices":[],"_links":{"self":[{"href":"https:\/\/blog.caritas.barcelona\/es\/wp-json\/wp\/v2\/posts\/14320","targetHints":{"allow":["GET"]}}],"collection":[{"href":"https:\/\/blog.caritas.barcelona\/es\/wp-json\/wp\/v2\/posts"}],"about":[{"href":"https:\/\/blog.caritas.barcelona\/es\/wp-json\/wp\/v2\/types\/post"}],"author":[{"embeddable":true,"href":"https:\/\/blog.caritas.barcelona\/es\/wp-json\/wp\/v2\/users\/4"}],"replies":[{"embeddable":true,"href":"https:\/\/blog.caritas.barcelona\/es\/wp-json\/wp\/v2\/comments?post=14320"}],"version-history":[{"count":3,"href":"https:\/\/blog.caritas.barcelona\/es\/wp-json\/wp\/v2\/posts\/14320\/revisions"}],"predecessor-version":[{"id":14341,"href":"https:\/\/blog.caritas.barcelona\/es\/wp-json\/wp\/v2\/posts\/14320\/revisions\/14341"}],"wp:featuredmedia":[{"embeddable":true,"href":"https:\/\/blog.caritas.barcelona\/es\/wp-json\/wp\/v2\/media\/14312"}],"wp:attachment":[{"href":"https:\/\/blog.caritas.barcelona\/es\/wp-json\/wp\/v2\/media?parent=14320"}],"wp:term":[{"taxonomy":"category","embeddable":true,"href":"https:\/\/blog.caritas.barcelona\/es\/wp-json\/wp\/v2\/categories?post=14320"},{"taxonomy":"post_tag","embeddable":true,"href":"https:\/\/blog.caritas.barcelona\/es\/wp-json\/wp\/v2\/tags?post=14320"},{"taxonomy":"autor","embeddable":true,"href":"https:\/\/blog.caritas.barcelona\/es\/wp-json\/wp\/v2\/autor?post=14320"}],"curies":[{"name":"wp","href":"https:\/\/api.w.org\/{rel}","templated":true}]}}