{"id":14217,"date":"2024-10-07T09:38:06","date_gmt":"2024-10-07T07:38:06","guid":{"rendered":"https:\/\/blog.caritas.barcelona\/?p=14217"},"modified":"2024-10-07T09:38:06","modified_gmt":"2024-10-07T07:38:06","slug":"nosotros-no-estamos-para-crear-un-made-in-caritas-sino-para-ayudar-a-las-personas","status":"publish","type":"post","link":"https:\/\/blog.caritas.barcelona\/es\/institucional-es\/nosotros-no-estamos-para-crear-un-made-in-caritas-sino-para-ayudar-a-las-personas\/","title":{"rendered":"\u201cNosotros no estamos para crear un \u2018made in C\u00e1ritas\u2019, sino para ayudar a las personas\u201d"},"content":{"rendered":"<p>Entrevista con Eduard Sala, director de C\u00e1ritas Diocesana de Barcelona<\/p>\n<p style=\"text-align: center\"><img loading=\"lazy\" decoding=\"async\" class=\"size-full wp-image-14208 aligncenter\" src=\"https:\/\/blog.caritas.barcelona\/wp-content\/uploads\/sites\/2\/2024\/10\/20240806_EDUARD_SALA-14-scaled-e1728286352767.jpg\" alt=\"\" width=\"768\" height=\"512\" \/><\/p>\n<p>Eduard Sala i Paixau (Barcelona, 1962) es educador social, coach, formador y licenciado en Filosof\u00eda y Letras. Est\u00e1 casado y es padre de un hijo y de una hija. Desde 2015 hasta 2023 fue el responsable del \u00c1rea Social de C\u00e1ritas Diocesana de Barcelona, y desde octubre de 2023 es su director. Inici\u00f3 su trabajo en el mundo social en el a\u00f1o 1982, primero, como voluntario en C\u00e1ritas, m\u00e1s tarde, como profesional. Durante m\u00e1s de doce a\u00f1os ha dirigido diferentes proyectos de la Compa\u00f1\u00eda de las Hijas de la Caridad, destinados a personas en situaci\u00f3n de exclusi\u00f3n social. Tambi\u00e9n ha sido responsable de servicios dirigidos a ni\u00f1os y j\u00f3venes en situaci\u00f3n de riesgo y profesor de la Facultad de Educaci\u00f3n Social y Trabajo Social de la Fundaci\u00f3n Pere Tarr\u00e9s \u2013 URL. En 2019 gan\u00f3 el premio literario Feel Good con el libro Va de vida (Plataforma Editorial)<\/p>\n<p><strong>Se cumple un a\u00f1o desde que eres el director de C\u00e1ritas Barcelona. \u00bfC\u00f3mo valoras este primer curso? <\/strong><\/p>\n<p>C\u00e1ritas no es una persona en concreto, sino que est\u00e1 formada por un buen equipo de personas voluntarias y contratadas. Es gracias a todas ellas que la acci\u00f3n de C\u00e1ritas se puede llevar a cabo desde los 539 proyectos que tenemos repartidos en la di\u00f3cesis, y que podemos dar respuesta a unas 100.000 personas, sumando la acci\u00f3n de C\u00e1ritas Diocesana y de las C\u00e1ritas parroquiales y arciprestales. El trabajo de C\u00e1ritas es fruto de un compromiso colectivo y comunitario, que nos explica por qu\u00e9 llevamos 80 a\u00f1os aqu\u00ed. En cuanto al curso 2023-2024, ha estado marcado por la movilidad humana, por un \u00edndice de paro que ha ido retrocediendo, pero tambi\u00e9n por un mercado de trabajo que genera empleos muy precarios y un mercado inmobiliario que excluye y expulsa.<\/p>\n<p><strong>En la \u00faltima rueda de prensa advertiste que C\u00e1ritas Barcelona estaba llegando al l\u00edmite de su capacidad. \u00bfPor qu\u00e9? <\/strong><\/p>\n<p>De todas las personas que atendimos durante 2023, m\u00e1s de la mitad fueron atendidas por primera vez. No podemos dar respuesta a tantas personas que se dirigen a nosotros con tantas necesidades. En comparaci\u00f3n con los recursos que podemos destinar, hay un abismo. Esto provoca que tengamos que gestionar la impotencia, con la consciencia de saber qu\u00e9 hacemos todo lo que podemos, pero que con esto no basta.<\/p>\n<p>Es importante conocer la realidad y no resignarnos. Es importante cada uno de los granos de arena que conforman la playa y cada una de las gotas que forman el oc\u00e9ano. Ante el oc\u00e9ano o una playa inmensa nos sentimos impotentes, pero cada grano de arena, cada gota de agua y cada acci\u00f3n cuentan. Conscientes de las limitaciones, pero no resignados.<\/p>\n<p><img loading=\"lazy\" decoding=\"async\" class=\"size-full wp-image-14210 aligncenter\" src=\"https:\/\/blog.caritas.barcelona\/wp-content\/uploads\/sites\/2\/2024\/10\/20240806_EDUARD_SALA-18-scaled-e1728286399244.jpg\" alt=\"\" width=\"768\" height=\"512\" \/><\/p>\n<p><strong>En estos \u00faltimos a\u00f1os os hab\u00e9is centrado en la importancia de la acci\u00f3n comunitaria. \u00bfPor qu\u00e9 C\u00e1ritas apuesta por este modelo? <\/strong><\/p>\n<p>Cada vez las personas nos replegamos m\u00e1s en nuestro tel\u00e9fono m\u00f3vil, no salimos de nuestra \u201cburbuja relacional\u201d, y esto hace que nos resulte dif\u00edcil generar espacios de encuentro con aquellos que son diferentes. En este con texto, todo lo que es comunitario se convierte en fundamental.<\/p>\n<p>El papa Francisco nos dice que en \u201cla Iglesia cabemos todos, todos, todos\u201d, nos pide que seamos una \u201cIglesia en salida\u201d y con el S\u00ednodo, nos impulsa a concretar la llamada de \u201ccaminar juntos\u201d. La apuesta de C\u00e1ritas por los espacios polivalentes, por los espacios de relaci\u00f3n y por el trabajo grupal y comunitario responde a nuestra realidad y a su llamada, y por eso es tan importante preparar mesas, poner puertas abiertas y generar espacios puente en los que las personas se re\u00fanan. Desde C\u00e1ritas llevamos tiempo diciendo que solos no llegaremos a ninguna parte. Son tantas las necesidades sociales que tenemos que aliarnos con las propias personas, con las comunidades, y con aquellos que saben hacer mejor una parte de lo que necesitamos, como es el caso de la Fundaci\u00f3 Habitatge Social, la Fundaci\u00f3 Formaci\u00f3 i Treball, el Centre Catal\u00e0 de Solidaritat-CECAS, muchas otras entidades del tercer sector y las diferentes administraciones.<\/p>\n<p>Tenemos un problema cuando algunas administraciones no colaboran o no est\u00e1n por la labor. La mayor\u00eda intentan hacer todo lo que pueden, pero todav\u00eda hay algunas que siguen pensando que pueden prescindir de las entidades sociales y los diferentes agentes que configuran las comunidades. Trabajar juntos quiere decir estar dispuesto a dejar de estar en el centro, ser capaz de ceder, de renunciar a una parte. Es m\u00e1s importante el \u201cqu\u00e9 hacemos\u201d, \u201cpara qu\u00e9\u201d y \u201cpara qui\u00e9n\u201d lo hacemos, que no qui\u00e9n se cuelga la medalla. Para trabajar conjuntamente se necesita mucha generosidad y consciencia de los propios l\u00edmites. Nosotros no estamos para crear un \u201cmade in C\u00e1ritas\u201d, sino para ayudar a las personas, con el m\u00e1ximo de colaboraciones que sean posibles.<\/p>\n<p><strong>Ante una ciudadan\u00eda que cada vez est\u00e1 m\u00e1s cerrada en s\u00ed misma, \u00bfcrees que Europa tiene que llegar a ser una sociedad de acogida? <\/strong><\/p>\n<p>La guerra de Ucrania ha evidenciado que existe una doble vara de medir a la hora de acoger. Jos\u00e9 Mar\u00eda Vera, director ejecutivo de Unicef Espa\u00f1a, dec\u00eda que, si Espa\u00f1a pudo acoger a 40.000 ni\u00f1os ucranianos, tambi\u00e9n puede hacerlo con 6.000 que vienen de \u00c1frica. En Europa, nuestra sociedad se est\u00e1 blindando ante lo que es desconocido y me preocupa c\u00f3mo desde C\u00e1ritas, como Iglesia y como personas seguidoras de Jes\u00fas, damos respuesta a ello. Nuestro reto es conseguir que nuestras comunidades y nuestros hermanos en la fe no sean puertas cerradas, sino que nos mantengamos seguidores de un mensaje de acogida incondicional.<\/p>\n<p>Estamos hablando de seguir a un Jes\u00fas que se relacionaba con el leproso, con la mujer prostituta, con el cobrador de impuestos, con el no-creyente. Se trata de recuperar aquel mensaje de Jes\u00fas, que era el de acoger al extranjero, al diferente. Hay dos citas del papa Juan Pablo II que querr\u00eda destacar.<\/p>\n<p>La primera es del a\u00f1o 2005 donde dec\u00eda que la pertenencia a la familia humana otorga a cada persona una especie de ciudadan\u00eda mundial, haci\u00e9ndola titular de derechos y deberes. La condena del racismo, la tutela de las minor\u00edas, la asistencia a los pr\u00f3fugos y refugiados, la movilizaci\u00f3n de la solidaridad internacional para todos los necesitados no son m\u00e1s que aplicaciones coherentes del principio de ciudadan\u00eda mundial.<\/p>\n<p>La segunda es de 2001, donde dec\u00eda que, si bien es cierto que los pa\u00edses altamente desarrollados no siempre pueden absorber a todos los que emigran, hay que reconocer que el criterio para determinar el l\u00edmite de soportabilidad no puede ser la simple defensa del bienestar, ignorando las necesidades reales de los que tristemente se ven obligados a solicitar hospitalidad. Esta frase tendr\u00eda que regir toda nuestra mirada ante una Europa que se encierra, ante una sociedad que levanta muros y se blinda. Jes\u00fas nos dec\u00eda \u201csalid, no teng\u00e1is miedo\u201d.<\/p>\n<p>Este caminar juntos desde la sinodalidad es tambi\u00e9n un caminar juntos con los que son diferentes.<\/p>\n<p><img loading=\"lazy\" decoding=\"async\" class=\"size-full wp-image-14214 aligncenter\" src=\"https:\/\/blog.caritas.barcelona\/wp-content\/uploads\/sites\/2\/2024\/10\/20240806_eduard_sala-42-scaled-e1728286519587.jpg\" alt=\"\" width=\"768\" height=\"512\" \/><\/p>\n<p><strong>A principios de 2024 se produjo la integraci\u00f3n con C\u00e1ritas Matar\u00f3. \u00bfEs un paso m\u00e1s hacia este caminar juntos? <\/strong><\/p>\n<p>Es una oportunidad y un regalo. Esta uni\u00f3n nos hace m\u00e1s fuertes, y quiero agradecer el trabajo de todos los compa\u00f1eros y compa\u00f1eras que, durante a\u00f1os, han forjado una C\u00e1ritas tan cercana e implicada con la ciudad de Matar\u00f3. Gracias por la generosidad que han tenido a la hora de concretar todav\u00eda m\u00e1s la integraci\u00f3n con C\u00e1ritas Diocesana, con la Iglesia que camina para atender a las personas m\u00e1s vulnerables del obispado de Barcelona. Uno de los retos que tenemos para este curso 2024-2025 es adaptar la entidad a la reorganizaci\u00f3n de la di\u00f3cesis de Barcelona impulsada por el Cardenal arzobispo Juan Jos\u00e9 Omella, y ya avanzo que Matar\u00f3 ser\u00e1 una de las centralidades de C\u00e1ritas en la di\u00f3cesis.<\/p>\n<p><strong>\u00bfC\u00f3mo pueden ayudarnos las personas que est\u00e9n leyendo esta entrevista? <\/strong><\/p>\n<p>De muchas maneras. Quiero dar las gracias a las personas voluntarias, que ofrecen parte de su tiempo, y tambi\u00e9n a todas aquellas socias y donantes que aportan dinero o que ceden legados y herencias a C\u00e1ritas. Sus donativos van dirigidos a personas con nombre y apellidos, y responden a situaciones y necesidades concretas de vidas \u00fanicas.<\/p>\n<p>Tambi\u00e9n les pido que sigan confiando en nosotros y que, en caso de que puedan, aumenten su ayuda con tiempo o dinero. Adem\u00e1s, pueden hacer de embajadores de C\u00e1ritas, dando a conocer nuestro trabajo a familiares y amigos. Los necesitamos para conseguir que su entorno se comprometa, sea con nosotros o con aquella entidad en la que conf\u00eden. Cada grano de arena permite que exista la playa, y cada gota conforma el oc\u00e9ano. Necesitamos cada una de las aportaciones para seguir haciendo de C\u00e1ritas lo que somos: puerta abierta, mesa puesta, mano tendida\u2026 para el m\u00e1ximo n\u00famero de personas que podamos.<\/p>\n<p><img loading=\"lazy\" decoding=\"async\" class=\"size-full wp-image-14212 aligncenter\" src=\"https:\/\/blog.caritas.barcelona\/wp-content\/uploads\/sites\/2\/2024\/10\/20240806_EDUARD_SALA-6-scaled-e1728286435868.jpg\" alt=\"\" width=\"768\" height=\"512\" \/><\/p>\n","protected":false},"excerpt":{"rendered":"<p>Entrevista con Eduard Sala, director de C\u00e1ritas Diocesana de Barcelona Eduard Sala i Paixau (Barcelona, 1962) es educador social, coach, formador y licenciado en Filosof\u00eda y Letras. Est\u00e1 casado y es padre de un hijo y de una hija. Desde 2015 hasta 2023 fue el responsable del \u00c1rea Social de C\u00e1ritas Diocesana de Barcelona, y [&hellip;]<\/p>\n","protected":false},"author":4,"featured_media":14209,"comment_status":"closed","ping_status":"closed","sticky":false,"template":"","format":"standard","meta":{"footnotes":""},"categories":[21],"tags":[],"autor":[36],"class_list":["post-14217","post","type-post","status-publish","format-standard","has-post-thumbnail","hentry","category-institucional-es","autor-caritas-diocesana-de-barcelona-es"],"aioseo_notices":[],"_links":{"self":[{"href":"https:\/\/blog.caritas.barcelona\/es\/wp-json\/wp\/v2\/posts\/14217","targetHints":{"allow":["GET"]}}],"collection":[{"href":"https:\/\/blog.caritas.barcelona\/es\/wp-json\/wp\/v2\/posts"}],"about":[{"href":"https:\/\/blog.caritas.barcelona\/es\/wp-json\/wp\/v2\/types\/post"}],"author":[{"embeddable":true,"href":"https:\/\/blog.caritas.barcelona\/es\/wp-json\/wp\/v2\/users\/4"}],"replies":[{"embeddable":true,"href":"https:\/\/blog.caritas.barcelona\/es\/wp-json\/wp\/v2\/comments?post=14217"}],"version-history":[{"count":1,"href":"https:\/\/blog.caritas.barcelona\/es\/wp-json\/wp\/v2\/posts\/14217\/revisions"}],"predecessor-version":[{"id":14218,"href":"https:\/\/blog.caritas.barcelona\/es\/wp-json\/wp\/v2\/posts\/14217\/revisions\/14218"}],"wp:featuredmedia":[{"embeddable":true,"href":"https:\/\/blog.caritas.barcelona\/es\/wp-json\/wp\/v2\/media\/14209"}],"wp:attachment":[{"href":"https:\/\/blog.caritas.barcelona\/es\/wp-json\/wp\/v2\/media?parent=14217"}],"wp:term":[{"taxonomy":"category","embeddable":true,"href":"https:\/\/blog.caritas.barcelona\/es\/wp-json\/wp\/v2\/categories?post=14217"},{"taxonomy":"post_tag","embeddable":true,"href":"https:\/\/blog.caritas.barcelona\/es\/wp-json\/wp\/v2\/tags?post=14217"},{"taxonomy":"autor","embeddable":true,"href":"https:\/\/blog.caritas.barcelona\/es\/wp-json\/wp\/v2\/autor?post=14217"}],"curies":[{"name":"wp","href":"https:\/\/api.w.org\/{rel}","templated":true}]}}